{"id":88813,"date":"2025-12-29T13:23:23","date_gmt":"2025-12-29T13:23:23","guid":{"rendered":"https:\/\/www.europesays.com\/lv\/88813\/"},"modified":"2025-12-29T13:23:23","modified_gmt":"2025-12-29T13:23:23","slug":"ainara-mielava-jubilejas-koncerts-65-koncerts-arena-tagad-pieejams-digitalaja-straumesana-lente-lv-2","status":"publish","type":"post","link":"https:\/\/www.europesays.com\/lv\/88813\/","title":{"rendered":"Ain\u0101ra Mielava jubilejas koncerts \u201c65 Koncerts Ar\u0113n\u0101\u201d tagad pieejams digit\u0101laj\u0101 straum\u0113\u0161an\u0101\u00a0\u2014\u00a0Lente.lv"},"content":{"rendered":"<p>Jaunais koncertieraksts pieejams digit\u0101lajos medijos<\/p>\n<p>Digit\u0101laj\u0101 straum\u0113\u0161anas vid\u0113 ir izdots Ainara Mielava jubilejas ieraksts \u201c65 Koncerts Ar\u0113n\u0101\u201d. K\u0101 zi\u0146o Latvijas Av\u012bze, \u0161\u012b iesp\u0113ja \u013cauj izbaud\u012bt aizraujo\u0161u pieredzi tiem, kuri pa\u0161i nevar\u0113ja apmekl\u0113t \u0161\u012b gada iespaid\u012bgo koncertu kl\u0101tien\u0113. Ieraksts ir pieejams uz vis\u0101m popul\u0101r\u0101kaj\u0101m m\u016bzikas straum\u0113\u0161anas platform\u0101m. <\/p>\n<p>V\u0113rien\u012bgais koncerts un t\u0101 dal\u012bbnieki<\/p>\n<p>Koncerts \u201c65 Koncerts Ar\u0113n\u0101\u201d, kas notika 25. oktobr\u012b \u201cXiaomi\u201d ar\u0113n\u0101 R\u012bg\u0101, tika velt\u012bts le\u0123end\u0101r\u0101 m\u016bzi\u0137a 65. jubilejai. Pas\u0101kum\u0101 piedal\u012bj\u0101s Ainars Mielavs kop\u0101 ar viesm\u0101ksliniekiem: R\u016bdolfu Macatu (klavieres), Kasparu Vizuli (elektrisk\u0101 \u0123it\u0101ra), Kristi\u0101nu Priekuli (basa \u0123it\u0101ra), Kasparu Kurdeko (bungas), Aigaru Voiti\u0161\u0137i (akustisk\u0101 \u0123it\u0101ra), Ter\u0113zi Mielavu (elektrisk\u0101 \u0123it\u0101ra, balss) un vok\u0101lo ansambli \u201cSchola Cantorum Riga\u201d diri\u0123enta Guntara Pr\u0101\u0146a vad\u012bb\u0101. Koncerta ska\u0146as dizainu veidoja Art\u016brs Voiti\u0161\u0137is, bet ieraksta apstr\u0101di nodro\u0161in\u0101ja Gatis Gaujenieks.<\/p>\n<p>Ieraksta saturs un noz\u012bme<\/p>\n<p>Koncertierakst\u0101 iek\u013cautas t\u0101das dziesmas k\u0101 \u201cAizlaid \u0161aubas negaisam l\u012bdz\u201d, \u201cP\u0101rc\u0113l\u0101js\u201d, \u201cNemanot\u201d, \u201cLabradors\u201d, \u201cAtpog\u0101 manu kreklu\u201d, \u201cPiek\u016bns skrien debes\u012bs\u201d, \u201cM\u016b\u017e\u012bgais pied\u0101v\u0101jums\u201d, \u201cTavs superveikals\u201d, \u201cDivat\u0101\u201d, \u201c220 volti\u201d, \u201cM\u012blest\u012bba skait\u0101s\u201d, \u201cHorizonts\u201d, \u201cAi, jel manu vieglu pr\u0101tu\u201d, \u201cOga sald\u0101, oga s\u016br\u0101\u201d, \u201cTu savi\u013c\u0146oji\u201d un \u201cKad m\u0113ness j\u016br\u0101 kr\u012bt\u201d, k\u0101 ar\u012b \u201cI Love You\u201d. \u0160is izdevums ir ne tikai v\u0113rt\u012bga d\u0101vana Ainara Mielava 65. jubilej\u0101, bet ar\u012b noz\u012bm\u012bgs papildin\u0101jums vi\u0146a pla\u0161ajai diskogr\u0101fijai, kas ietver vair\u0101kus albumus un videoklipus kop\u0161 1991. gada.<\/p>\n<p>Koncerta \u012bpa\u0161ie elementi<\/p>\n<p>Koncerts \u201c65 Koncerts Ar\u0113n\u0101\u201d tika iecer\u0113ts k\u0101 \u201ctautas sadzied\u0101\u0161an\u0101s\u201d pas\u0101kums, kur dziesmu v\u0101rdi tika projic\u0113ti uz lielajiem ekr\u0101niem, aicinot skat\u012bt\u0101jus akt\u012bvi piedal\u012bties. Da\u017ei no ierakst\u012btajiem ska\u0146darbiem, piem\u0113ram, \u201cAizlaid \u0161aubas negaisam l\u012bdz\u201d, ir jau iepriek\u0161 pieejami straum\u0113\u0161anas platform\u0101s k\u0101 kopdarbs ar \u201cSchola Cantorum Riga\u201d.<\/p>\n","protected":false},"excerpt":{"rendered":"Jaunais koncertieraksts pieejams digit\u0101lajos medijos Digit\u0101laj\u0101 straum\u0113\u0161anas vid\u0113 ir izdots Ainara Mielava jubilejas ieraksts \u201c65 Koncerts Ar\u0113n\u0101\u201d. K\u0101&hellip;\n","protected":false},"author":2,"featured_media":88717,"comment_status":"","ping_status":"","sticky":false,"template":"","format":"standard","meta":{"footnotes":""},"categories":[19],"tags":[21358,9392,22543,89,90,16308,35,39,38,194,36,37,34,40],"class_list":{"0":"post-88813","1":"post","2":"type-post","3":"status-publish","4":"format-standard","5":"has-post-thumbnail","7":"category-izklaide","8":"tag-65-koncerts-arena","9":"tag-ainars-mielavs","10":"tag-digitala-straumesana","11":"tag-entertainment","12":"tag-izklaide","13":"tag-koncertieraksts","14":"tag-latvia","15":"tag-latvian","16":"tag-latviesu","17":"tag-latviesu-muzika","18":"tag-latviesu-valoda","19":"tag-latviesuvaloda","20":"tag-latvija","21":"tag-lv"},"share_on_mastodon":{"url":"https:\/\/pubeurope.com\/@lv\/115803075548055071","error":""},"_links":{"self":[{"href":"https:\/\/www.europesays.com\/lv\/wp-json\/wp\/v2\/posts\/88813","targetHints":{"allow":["GET"]}}],"collection":[{"href":"https:\/\/www.europesays.com\/lv\/wp-json\/wp\/v2\/posts"}],"about":[{"href":"https:\/\/www.europesays.com\/lv\/wp-json\/wp\/v2\/types\/post"}],"author":[{"embeddable":true,"href":"https:\/\/www.europesays.com\/lv\/wp-json\/wp\/v2\/users\/2"}],"replies":[{"embeddable":true,"href":"https:\/\/www.europesays.com\/lv\/wp-json\/wp\/v2\/comments?post=88813"}],"version-history":[{"count":0,"href":"https:\/\/www.europesays.com\/lv\/wp-json\/wp\/v2\/posts\/88813\/revisions"}],"wp:featuredmedia":[{"embeddable":true,"href":"https:\/\/www.europesays.com\/lv\/wp-json\/wp\/v2\/media\/88717"}],"wp:attachment":[{"href":"https:\/\/www.europesays.com\/lv\/wp-json\/wp\/v2\/media?parent=88813"}],"wp:term":[{"taxonomy":"category","embeddable":true,"href":"https:\/\/www.europesays.com\/lv\/wp-json\/wp\/v2\/categories?post=88813"},{"taxonomy":"post_tag","embeddable":true,"href":"https:\/\/www.europesays.com\/lv\/wp-json\/wp\/v2\/tags?post=88813"}],"curies":[{"name":"wp","href":"https:\/\/api.w.org\/{rel}","templated":true}]}}