{"id":88841,"date":"2025-12-29T13:44:17","date_gmt":"2025-12-29T13:44:17","guid":{"rendered":"https:\/\/www.europesays.com\/lv\/88841\/"},"modified":"2025-12-29T13:44:17","modified_gmt":"2025-12-29T13:44:17","slug":"ukraina-un-krievija-vienojas-par-vieteju-pamieru-pie-zaporizjas-atomelektrostacijas-raksts","status":"publish","type":"post","link":"https:\/\/www.europesays.com\/lv\/88841\/","title":{"rendered":"Ukraina un Krievija vienojas par viet\u0113ju pamieru pie Zapori\u017ejas atomelektrostacijas \/ Raksts"},"content":{"rendered":"<p>Ukraina un Krievija ir vienoju\u0161\u0101s par viet\u0113ju pamieru pie Zapori\u017ejas atomelektrostacijas (AES), kas \u013c\u0101vis s\u0101kt remontdarbus elektrop\u0101rvades l\u012bnij\u0101 pie atomelektrostacijas, pazi\u0146oja ANO Starptautisk\u0101s Atomener\u0123ijas a\u0123ent\u016bras (IAEA) \u0123ener\u0101ldirektors Rafaels Grosi.<\/p>\n<p>&#8220;Grosi pateicas ab\u0101m pus\u0113m par vieno\u0161anos par \u0161o jauno pagaidu &#8220;klusuma logu&#8221;, lai ats\u0101ktu elektroener\u0123ijas p\u0101rvadi starp Zapori\u017ejas AES sadales stacij\u0101m un Zapori\u017ejas termoelektrostaciju, kas veicin\u0101s kodoldro\u0161\u012bbas uzlabo\u0161anu,&#8221; soci\u0101laj\u0101 t\u012bkl\u0101 &#8220;X&#8221; raksta IAEA.\u00a0<\/p>\n<p>Krievijas sp\u0113ki sagr\u0101ba Zapori\u017ejas atomelektrostaciju pirmaj\u0101s iebrukuma Ukrain\u0101 ned\u0113\u013c\u0101s 2022. gada s\u0101kum\u0101.<\/p>\n<p>ASV rosin\u0101tais 20 punktu miera pl\u0101ns paredz, ka krievu ie\u0146emto Zapori\u017ejas atomelektrostaciju kop\u012bgi vad\u012b\u0161ot Ukraina, Krievija un ASV, bet tas\u00a0 Kijivai nav pie\u0146emami.<\/p>\n<p>                    Valodas k\u013c\u016bda rakst\u0101?<\/p>\n<p class=\"d-none d-md-block\">Iez\u012bm\u0113jiet tekstu un spiediet Ctrl+Enter, lai nos\u016bt\u012btu labojamo teksta fragmentu redaktoram! Par faktu k\u013c\u016bd\u0101m l\u016bdzam zi\u0146ot e-past\u0101 <a href=\"https:\/\/www.lsm.lv\/cdn-cgi\/l\/email-protection\" class=\"__cf_email__\" data-cfemail=\"27554243464c444e4d46674b544a094b51\" rel=\"nofollow noopener\" target=\"_blank\">[email\u00a0protected]<\/a>.<\/p>\n<p class=\"d-md-none\">Iez\u012bm\u0113jiet tekstu un spiediet uz Zi\u0146ot par k\u013c\u016bdu pogas, lai nos\u016bt\u012btu labojamo teksta fragmentu redaktoram!<\/p>\n<p>\n                    Zi\u0146ot par k\u013c\u016bdu\n                <\/p>\n","protected":false},"excerpt":{"rendered":"Ukraina un Krievija ir vienoju\u0161\u0101s par viet\u0113ju pamieru pie Zapori\u017ejas atomelektrostacijas (AES), kas \u013c\u0101vis s\u0101kt remontdarbus elektrop\u0101rvades l\u012bnij\u0101&hellip;\n","protected":false},"author":2,"featured_media":88842,"comment_status":"","ping_status":"","sticky":false,"template":"","format":"standard","meta":{"footnotes":""},"categories":[14],"tags":[23,57,28,29,32,33,22,30,31,35,39,38,36,37,34,40,20,26,27,24,25,54,55,56,21,58],"class_list":{"0":"post-88841","1":"post","2":"type-post","3":"status-publish","4":"format-standard","5":"has-post-thumbnail","7":"category-zinas-no-arvalstim","8":"tag-aktualitates","9":"tag-arvalstim","10":"tag-breaking-news","11":"tag-breakingnews","12":"tag-featured-news","13":"tag-featurednews","14":"tag-headlines","15":"tag-latest-news","16":"tag-latestnews","17":"tag-latvia","18":"tag-latvian","19":"tag-latviesu","20":"tag-latviesu-valoda","21":"tag-latviesuvaloda","22":"tag-latvija","23":"tag-lv","24":"tag-news","25":"tag-popularakas-zinas","26":"tag-popularakaszinas","27":"tag-top-stories","28":"tag-topstories","29":"tag-world","30":"tag-world-news","31":"tag-worldnews","32":"tag-zinas","33":"tag-zinas-no-arvalstim"},"share_on_mastodon":{"url":"https:\/\/pubeurope.com\/@lv\/115803158564116825","error":""},"_links":{"self":[{"href":"https:\/\/www.europesays.com\/lv\/wp-json\/wp\/v2\/posts\/88841","targetHints":{"allow":["GET"]}}],"collection":[{"href":"https:\/\/www.europesays.com\/lv\/wp-json\/wp\/v2\/posts"}],"about":[{"href":"https:\/\/www.europesays.com\/lv\/wp-json\/wp\/v2\/types\/post"}],"author":[{"embeddable":true,"href":"https:\/\/www.europesays.com\/lv\/wp-json\/wp\/v2\/users\/2"}],"replies":[{"embeddable":true,"href":"https:\/\/www.europesays.com\/lv\/wp-json\/wp\/v2\/comments?post=88841"}],"version-history":[{"count":0,"href":"https:\/\/www.europesays.com\/lv\/wp-json\/wp\/v2\/posts\/88841\/revisions"}],"wp:featuredmedia":[{"embeddable":true,"href":"https:\/\/www.europesays.com\/lv\/wp-json\/wp\/v2\/media\/88842"}],"wp:attachment":[{"href":"https:\/\/www.europesays.com\/lv\/wp-json\/wp\/v2\/media?parent=88841"}],"wp:term":[{"taxonomy":"category","embeddable":true,"href":"https:\/\/www.europesays.com\/lv\/wp-json\/wp\/v2\/categories?post=88841"},{"taxonomy":"post_tag","embeddable":true,"href":"https:\/\/www.europesays.com\/lv\/wp-json\/wp\/v2\/tags?post=88841"}],"curies":[{"name":"wp","href":"https:\/\/api.w.org\/{rel}","templated":true}]}}