{"id":88849,"date":"2025-12-29T13:50:07","date_gmt":"2025-12-29T13:50:07","guid":{"rendered":"https:\/\/www.europesays.com\/lv\/88849\/"},"modified":"2025-12-29T13:50:07","modified_gmt":"2025-12-29T13:50:07","slug":"krievija-censas-vajinat-vacijas-demokratiju-pazino-kriminalpolicijas-vaditajs","status":"publish","type":"post","link":"https:\/\/www.europesays.com\/lv\/88849\/","title":{"rendered":"Krievija cen\u0161as v\u0101jin\u0101t V\u0101cijas demokr\u0101tiju, pazi\u0146o krimin\u0101lpolicijas vad\u012bt\u0101js"},"content":{"rendered":"<p>Dronu operatorus izdevies identific\u0113t tikai \u013coti retos gad\u012bjumos.<\/p>\n<p>Minhs pav\u0113st\u012bja, ka nov\u0113ro\u0161ana tiks papla\u0161in\u0101ta vispirms, piem\u0113ram, lidost\u0101s, milit\u0101rajos objektos, virs lielajiem iero\u010du ra\u017eo\u0161anas uz\u0146\u0113mumiem un virs ener\u0123\u0113tikas objektiem. P\u0113c tam visi dati b\u016btu j\u0101apkopo Feder\u0101l\u0101s policijas jaunaj\u0101 pretdronu aizsardz\u012bbas centr\u0101.<\/p>\n<p>Vi\u0146\u0161 ar\u012b pauda ba\u017eas par dro\u0161\u012bbas riskiem, ja p\u0113c n\u0101kamgad gaid\u0101maj\u0101m v\u0113l\u0113\u0161an\u0101m feder\u0101lo zemju vald\u012bb\u0101s pie varas non\u0101ktu eiroskepti\u0137u partija &#8220;Alternat\u012bva V\u0101cijai&#8221; (AfD).<\/p>\n<p>&#8220;K\u0101di ir riski un k\u0101 tos nov\u0113rst?&#8221; retoriski vaic\u0101 Minhs, paskaidrojot, ka, non\u0101kot pie varas k\u0101d\u0101 no feder\u0101laj\u0101m zem\u0113m, AfD var\u0113tu piek\u013c\u016bt sensit\u012bviem datiem un inform\u0101cijai.<\/p>\n<p>Feder\u0101l\u0101s krimin\u0101lpolicijas p\u0101rvaldes vad\u012bt\u0101js atzina, ka neietu tik t\u0101lu, lai izn\u012bcin\u0101tu visus dokumentus, ta\u010du piebilda, ka j\u0101dom\u0101 par to, cik atkl\u0101ti var r\u012bkoties ar inform\u0101ciju t\u012bkl\u0101.<\/p>\n<p>V\u0101cij\u0101 2026. gad\u0101 ir paredz\u0113tas piecas zemju landt\u0101gu v\u0113l\u0113\u0161anas, taj\u0101 skait\u0101 Saksij\u0101-Anhalt\u0113 un Meklenburg\u0101-Priek\u0161pomer\u0101nij\u0101, kur AfD aptauj\u0101s ir ap 40% liels v\u0113l\u0113t\u0101ju atbalsts. Nav izsl\u0113gts, ka AfD l\u012bdz 2026. gada beig\u0101m b\u016bs pirmais premjerministrs k\u0101d\u0101 no feder\u0101laj\u0101m zem\u0113m.<\/p>\n<p>Minhs atzina, ka vi\u0146a r\u012bc\u012bb\u0101 nav inform\u0101cijas, cik daudz AfD biedru str\u0101d\u0101 vi\u0146a vad\u012btaj\u0101 iest\u0101d\u0113, jo pirms st\u0101\u0161an\u0101s darb\u0101 feder\u0101laj\u0101 krimin\u0101lpolicij\u0101 nav j\u0101zi\u0146o par pieder\u012bbu partijai.<\/p>\n<p>Tom\u0113r, ja AfD tiktu klasific\u0113ta k\u0101 apstiprin\u0101ta lab\u0113j\u0101 ekstr\u0113mistu organiz\u0101cija, tas ietekm\u0113tu vi\u0146a iest\u0101des veikt\u0101s dro\u0161\u012bbas p\u0101rbaudes, piebilda Minhs.<\/p>\n","protected":false},"excerpt":{"rendered":"Dronu operatorus izdevies identific\u0113t tikai \u013coti retos gad\u012bjumos. Minhs pav\u0113st\u012bja, ka nov\u0113ro\u0161ana tiks papla\u0161in\u0101ta vispirms, piem\u0113ram, lidost\u0101s, milit\u0101rajos&hellip;\n","protected":false},"author":2,"featured_media":88850,"comment_status":"","ping_status":"","sticky":false,"template":"","format":"standard","meta":{"footnotes":""},"categories":[14],"tags":[23,57,28,29,32,33,22,234,30,31,35,39,38,36,37,34,40,20,26,27,24,25,299,54,55,56,21,58],"class_list":{"0":"post-88849","1":"post","2":"type-post","3":"status-publish","4":"format-standard","5":"has-post-thumbnail","7":"category-zinas-no-arvalstim","8":"tag-aktualitates","9":"tag-arvalstim","10":"tag-breaking-news","11":"tag-breakingnews","12":"tag-featured-news","13":"tag-featurednews","14":"tag-headlines","15":"tag-krievija","16":"tag-latest-news","17":"tag-latestnews","18":"tag-latvia","19":"tag-latvian","20":"tag-latviesu","21":"tag-latviesu-valoda","22":"tag-latviesuvaloda","23":"tag-latvija","24":"tag-lv","25":"tag-news","26":"tag-popularakas-zinas","27":"tag-popularakaszinas","28":"tag-top-stories","29":"tag-topstories","30":"tag-vacija","31":"tag-world","32":"tag-world-news","33":"tag-worldnews","34":"tag-zinas","35":"tag-zinas-no-arvalstim"},"share_on_mastodon":{"url":"https:\/\/pubeurope.com\/@lv\/115803181761426596","error":""},"_links":{"self":[{"href":"https:\/\/www.europesays.com\/lv\/wp-json\/wp\/v2\/posts\/88849","targetHints":{"allow":["GET"]}}],"collection":[{"href":"https:\/\/www.europesays.com\/lv\/wp-json\/wp\/v2\/posts"}],"about":[{"href":"https:\/\/www.europesays.com\/lv\/wp-json\/wp\/v2\/types\/post"}],"author":[{"embeddable":true,"href":"https:\/\/www.europesays.com\/lv\/wp-json\/wp\/v2\/users\/2"}],"replies":[{"embeddable":true,"href":"https:\/\/www.europesays.com\/lv\/wp-json\/wp\/v2\/comments?post=88849"}],"version-history":[{"count":0,"href":"https:\/\/www.europesays.com\/lv\/wp-json\/wp\/v2\/posts\/88849\/revisions"}],"wp:featuredmedia":[{"embeddable":true,"href":"https:\/\/www.europesays.com\/lv\/wp-json\/wp\/v2\/media\/88850"}],"wp:attachment":[{"href":"https:\/\/www.europesays.com\/lv\/wp-json\/wp\/v2\/media?parent=88849"}],"wp:term":[{"taxonomy":"category","embeddable":true,"href":"https:\/\/www.europesays.com\/lv\/wp-json\/wp\/v2\/categories?post=88849"},{"taxonomy":"post_tag","embeddable":true,"href":"https:\/\/www.europesays.com\/lv\/wp-json\/wp\/v2\/tags?post=88849"}],"curies":[{"name":"wp","href":"https:\/\/api.w.org\/{rel}","templated":true}]}}