{"id":88853,"date":"2025-12-29T13:52:14","date_gmt":"2025-12-29T13:52:14","guid":{"rendered":"https:\/\/www.europesays.com\/lv\/88853\/"},"modified":"2025-12-29T13:52:14","modified_gmt":"2025-12-29T13:52:14","slug":"valdemarpili-atcelti-ierobezojumi-un-karantina","status":"publish","type":"post","link":"https:\/\/www.europesays.com\/lv\/88853\/","title":{"rendered":"Valdem\u0101rpil\u012b atcelti ierobe\u017eojumi un karant\u012bna"},"content":{"rendered":"<p>Karant\u012bna un ierobe\u017eojumi atcelti, jo ar \u0145\u016bk\u0101slas slim\u012bbu infic\u0113taj\u0101 novietn\u0113 ir veikta novietnes p\u0101rbaude un m\u0101jputnu \u012bpa\u0161nieks novietn\u0113 veicis prim\u0101ro dezinfekciju. T\u0101pat noteiktaj\u0101 aizsardz\u012bbas un uzraudz\u012bbas zon\u0101 ir veikti m\u0101jputnu kl\u012bniskie izmekl\u0113jumi, un \u0161o izmekl\u0113jumu rezult\u0101ti uz \u0145\u016bk\u0101slas slim\u012bbu ir negat\u012bvi.<\/p>\n<p><a href=\"https:\/\/www.tvnet.lv\/term\/841547\/partikas-un-veterinarais-dienests\" class=\"topicLink\" target=\"_blank\" rel=\"nofollow noopener\">P\u0101rtikas un veterin\u0101rais dienests<\/a> (PVD) Talsu novada Valdem\u0101rpil\u012b piem\u0101jas saimniec\u012bb\u0101 ar 35 m\u0101jputniem konstat\u0113jis \u0145\u016bk\u0101slas slim\u012bbas uzliesmojumu.<\/p>\n<p>M\u0101jputniem \u0145\u016bk\u0101slas slim\u012bba l\u012bdz \u0161im Latvij\u0101 nebija konstat\u0113ta, ta\u010du savva\u013cas putnu popul\u0101cij\u0101 t\u0101 cirkul\u0113 &#8211; par to liecina laboratoriskie izmekl\u0113jumi.<\/p>\n<p>\u0145\u016bk\u0101slas slim\u012bba ir ak\u016bta, \u013coti lip\u012bga putnu infekcijas slim\u012bba, kam rakstur\u012bgi elpo\u0161anas un gremo\u0161anas org\u0101nu un nervu sist\u0113mas trauc\u0113jumi, k\u0101 ar\u012b septic\u0113mija jeb sepse, iepriek\u0161 skaidroja PVD.<\/p>\n<p>V\u012brusa rezervu\u0101rs dab\u0101 ir savva\u013cas putni. M\u0101jputni var infic\u0113ties, non\u0101kot kontakt\u0101 ar infic\u0113tiem savva\u013cas putniem. T\u0101pat putnus var infic\u0113t ar pies\u0101r\u0146otu bar\u012bbu vai priek\u0161metiem (apaviem, ap\u0123\u0113rbu, invent\u0101ru), uz kuriem non\u0101cis v\u012bruss.<\/p>\n","protected":false},"excerpt":{"rendered":"Karant\u012bna un ierobe\u017eojumi atcelti, jo ar \u0145\u016bk\u0101slas slim\u012bbu infic\u0113taj\u0101 novietn\u0113 ir veikta novietnes p\u0101rbaude un m\u0101jputnu \u012bpa\u0161nieks novietn\u0113&hellip;\n","protected":false},"author":2,"featured_media":88854,"comment_status":"","ping_status":"","sticky":false,"template":"","format":"standard","meta":{"footnotes":""},"categories":[5],"tags":[23,28,29,32,33,22,30,31,35,39,38,36,37,34,40,20,13400,26,27,24,25,21],"class_list":{"0":"post-88853","1":"post","2":"type-post","3":"status-publish","4":"format-standard","5":"has-post-thumbnail","7":"category-aktualitates","8":"tag-aktualitates","9":"tag-breaking-news","10":"tag-breakingnews","11":"tag-featured-news","12":"tag-featurednews","13":"tag-headlines","14":"tag-latest-news","15":"tag-latestnews","16":"tag-latvia","17":"tag-latvian","18":"tag-latviesu","19":"tag-latviesu-valoda","20":"tag-latviesuvaloda","21":"tag-latvija","22":"tag-lv","23":"tag-news","24":"tag-partikas-un-veterinarais-dienests","25":"tag-popularakas-zinas","26":"tag-popularakaszinas","27":"tag-top-stories","28":"tag-topstories","29":"tag-zinas"},"share_on_mastodon":{"url":"https:\/\/pubeurope.com\/@lv\/115803189707295648","error":""},"_links":{"self":[{"href":"https:\/\/www.europesays.com\/lv\/wp-json\/wp\/v2\/posts\/88853","targetHints":{"allow":["GET"]}}],"collection":[{"href":"https:\/\/www.europesays.com\/lv\/wp-json\/wp\/v2\/posts"}],"about":[{"href":"https:\/\/www.europesays.com\/lv\/wp-json\/wp\/v2\/types\/post"}],"author":[{"embeddable":true,"href":"https:\/\/www.europesays.com\/lv\/wp-json\/wp\/v2\/users\/2"}],"replies":[{"embeddable":true,"href":"https:\/\/www.europesays.com\/lv\/wp-json\/wp\/v2\/comments?post=88853"}],"version-history":[{"count":0,"href":"https:\/\/www.europesays.com\/lv\/wp-json\/wp\/v2\/posts\/88853\/revisions"}],"wp:featuredmedia":[{"embeddable":true,"href":"https:\/\/www.europesays.com\/lv\/wp-json\/wp\/v2\/media\/88854"}],"wp:attachment":[{"href":"https:\/\/www.europesays.com\/lv\/wp-json\/wp\/v2\/media?parent=88853"}],"wp:term":[{"taxonomy":"category","embeddable":true,"href":"https:\/\/www.europesays.com\/lv\/wp-json\/wp\/v2\/categories?post=88853"},{"taxonomy":"post_tag","embeddable":true,"href":"https:\/\/www.europesays.com\/lv\/wp-json\/wp\/v2\/tags?post=88853"}],"curies":[{"name":"wp","href":"https:\/\/api.w.org\/{rel}","templated":true}]}}