{"id":88857,"date":"2025-12-29T13:56:19","date_gmt":"2025-12-29T13:56:19","guid":{"rendered":"https:\/\/www.europesays.com\/lv\/88857\/"},"modified":"2025-12-29T13:56:19","modified_gmt":"2025-12-29T13:56:19","slug":"kreta-ierodas-830-migranti-bb-lv","status":"publish","type":"post","link":"https:\/\/www.europesays.com\/lv\/88857\/","title":{"rendered":"Kr\u0113t\u0101 ierodas 830 migranti | BB.LV"},"content":{"rendered":"<p>P\u0113d\u0113j\u0101s dien\u0101s vair\u0101k\u0101s gl\u0101b\u0161anas oper\u0101cij\u0101s uz dienvidiem no Grie\u0137ijas Kr\u0113tas salas j\u016br\u0101 uz\u0146emti 830 b\u0113g\u013ci un migranti, pazi\u0146oja amatpersonas.<\/p>\n<p>K\u0101 zi\u0146o Grie\u0137ijas mediji, tikai piektdien vien oper\u0101cij\u0101s, kur\u0101s piedal\u012bj\u0101s Grie\u0137ijas krasta apsardzes un ES robe\u017eapsardzes a\u0123ent\u016bras &#8220;Frontex&#8221; ku\u0123i un patru\u013cku\u0123i, j\u016br\u0101 izgl\u0101bti gandr\u012bz 400 cilv\u0113ki.<\/p>\n<p>Laiv\u0101s atrad\u0101s desmitiem cilv\u0113ku, da\u017eos gad\u012bjumos vair\u0101k nek\u0101 100, tostarp nepilngad\u012bgie, pazi\u0146oja krasta apsardze.<\/p>\n<p>Kr\u0113t\u0101 \u0161ogad re\u0123istr\u0113ti gandr\u012bz 18 000 migrantu iera\u0161an\u0101s gad\u012bjumu. Pag\u0101ju\u0161aj\u0101 gad\u0101 to bija aptuveni 5000.<\/p>\n<p>Liel\u0101koties laivas dodas ce\u013c\u0101 no L\u012bbijas ostas Tobrukas. Nedaudz vair\u0101k nek\u0101 300 kilometrus garais p\u0101rbrauciens ir b\u012bstams.<\/p>\n<p>\n                            Valodas k\u013c\u016bda rakst\u0101?<br \/>Iez\u012bm\u0113jiet tekstu un spiediet Zi\u0146ot par k\u013c\u016bdu pogas   , lai nos\u016bt\u012btu labojamo teksta fragmentu redaktoram!<\/p>\n<p>                                Zi\u0146ot par k\u013c\u016bdu<\/p>\n","protected":false},"excerpt":{"rendered":"P\u0113d\u0113j\u0101s dien\u0101s vair\u0101k\u0101s gl\u0101b\u0161anas oper\u0101cij\u0101s uz dienvidiem no Grie\u0137ijas Kr\u0113tas salas j\u016br\u0101 uz\u0146emti 830 b\u0113g\u013ci un migranti, pazi\u0146oja&hellip;\n","protected":false},"author":2,"featured_media":88858,"comment_status":"","ping_status":"","sticky":false,"template":"","format":"standard","meta":{"footnotes":""},"categories":[14],"tags":[23,57,28,29,32,33,22,30,31,35,39,38,36,37,34,40,20,26,27,24,25,54,55,56,21,58],"class_list":{"0":"post-88857","1":"post","2":"type-post","3":"status-publish","4":"format-standard","5":"has-post-thumbnail","7":"category-zinas-no-arvalstim","8":"tag-aktualitates","9":"tag-arvalstim","10":"tag-breaking-news","11":"tag-breakingnews","12":"tag-featured-news","13":"tag-featurednews","14":"tag-headlines","15":"tag-latest-news","16":"tag-latestnews","17":"tag-latvia","18":"tag-latvian","19":"tag-latviesu","20":"tag-latviesu-valoda","21":"tag-latviesuvaloda","22":"tag-latvija","23":"tag-lv","24":"tag-news","25":"tag-popularakas-zinas","26":"tag-popularakaszinas","27":"tag-top-stories","28":"tag-topstories","29":"tag-world","30":"tag-world-news","31":"tag-worldnews","32":"tag-zinas","33":"tag-zinas-no-arvalstim"},"share_on_mastodon":{"url":"https:\/\/pubeurope.com\/@lv\/115803205403941056","error":""},"_links":{"self":[{"href":"https:\/\/www.europesays.com\/lv\/wp-json\/wp\/v2\/posts\/88857","targetHints":{"allow":["GET"]}}],"collection":[{"href":"https:\/\/www.europesays.com\/lv\/wp-json\/wp\/v2\/posts"}],"about":[{"href":"https:\/\/www.europesays.com\/lv\/wp-json\/wp\/v2\/types\/post"}],"author":[{"embeddable":true,"href":"https:\/\/www.europesays.com\/lv\/wp-json\/wp\/v2\/users\/2"}],"replies":[{"embeddable":true,"href":"https:\/\/www.europesays.com\/lv\/wp-json\/wp\/v2\/comments?post=88857"}],"version-history":[{"count":0,"href":"https:\/\/www.europesays.com\/lv\/wp-json\/wp\/v2\/posts\/88857\/revisions"}],"wp:featuredmedia":[{"embeddable":true,"href":"https:\/\/www.europesays.com\/lv\/wp-json\/wp\/v2\/media\/88858"}],"wp:attachment":[{"href":"https:\/\/www.europesays.com\/lv\/wp-json\/wp\/v2\/media?parent=88857"}],"wp:term":[{"taxonomy":"category","embeddable":true,"href":"https:\/\/www.europesays.com\/lv\/wp-json\/wp\/v2\/categories?post=88857"},{"taxonomy":"post_tag","embeddable":true,"href":"https:\/\/www.europesays.com\/lv\/wp-json\/wp\/v2\/tags?post=88857"}],"curies":[{"name":"wp","href":"https:\/\/api.w.org\/{rel}","templated":true}]}}