{"id":88861,"date":"2025-12-29T13:58:22","date_gmt":"2025-12-29T13:58:22","guid":{"rendered":"https:\/\/www.europesays.com\/lv\/88861\/"},"modified":"2025-12-29T13:58:22","modified_gmt":"2025-12-29T13:58:22","slug":"drukats-ventspili-19-un-20-gadsimta-mija-jauna-izstade-livonijas-ordena-pili-lr1-latvijas-radio","status":"publish","type":"post","link":"https:\/\/www.europesays.com\/lv\/88861\/","title":{"rendered":"Druk\u0101ts Ventspil\u012b 19. un 20.gadsimta mij\u0101. Jauna izst\u0101de Livonijas orde\u0146a pil\u012b \/ LR1 \/ \/ Latvijas Radio"},"content":{"rendered":"<p><a href=\"https:\/\/mapp.latvijasradio.lv\/shared-broadcast?b=237&amp;url=http:\/\/latvijasradio.lsm.lv\/lv\/lr1\/raidijumi\/labriit\/\" target=\"_blank\" rel=\"nofollow noopener\"><img decoding=\"async\" alt=\"Latvijas radio lietotnes logo\" src=\"https:\/\/www.europesays.com\/lv\/wp-content\/uploads\/2025\/12\/1767016702_85_LR_pod poga.png\" style=\"width: 140px; height: 38px;\"\/><\/a><\/p>\n<p>Ventspils muzej\u0101, Livonijas orde\u0146a pil\u012b skat\u0101ma jaun\u0101 muzeja kr\u0101juma izst\u0101de \u201eDruk\u0101ts Ventspil\u012b. 19.gadsimta beigas \u2013 20.gadsimta I puse\u201d. Pla\u0161s priek\u0161metu un fotogr\u0101fiju kl\u0101sts \u013caus iepaz\u012bt to, ko taj\u0101 laik\u0101 druk\u0101ja Ventspil\u012b. Pils\u0113t\u0101 izdeva ne tikai av\u012bzes, bet ar\u012b nelielas dai\u013cliterat\u016bras gr\u0101matas, pastkartes un da\u017e\u0101dus informat\u012bvus materi\u0101lus jeb s\u012bkdrukas sv\u0113tku reiz\u0113m, valsts un pils\u0113tas p\u0101rvaldes vajadz\u012bb\u0101m.\u00a0<\/p>\n<p>Lielas un tematiskas kr\u0101juma izst\u0101des muzejs r\u012bko katru gadu. \u0160oreiz t\u0101 ir velt\u012bta k\u0101da \u012bpa\u0161am notikumam \u2013 tie ir 500 gadi, kop\u0161 izn\u0101kusi pirm\u0101 gr\u0101mata latvie\u0161u valod\u0101. Ventspil\u012b latvie\u0161u valod\u0101 s\u0101k izdot 19. gadsimta beig\u0101s, atkl\u0101j Ventspils muzeja v\u0113stures noda\u013cas vad\u012bt\u0101ja Stella Lindenberga. Lai izst\u0101de b\u016btu bag\u0101t\u012bga, paveikts ar\u012b apjom\u012bgs p\u0113tniec\u012bbas darbs.<\/p>\n<p>Ieteikt<\/p>\n<p>    Latvijas Radio aicina izteikt savu viedokli par raid\u012bjum\u0101 dzird\u0113to un atbalsta diskusijas klaus\u012bt\u0101ju starp\u0101, tom\u0113r patur ties\u012bbas dz\u0113st koment\u0101rus, kas p\u0101rk\u0101pj cie\u0146pilnas attieksmes un \u0113tiskas r\u012bc\u012bbas robe\u017eas.<a name=\"comments\"\/><\/p>\n","protected":false},"excerpt":{"rendered":"Ventspils muzej\u0101, Livonijas orde\u0146a pil\u012b skat\u0101ma jaun\u0101 muzeja kr\u0101juma izst\u0101de \u201eDruk\u0101ts Ventspil\u012b. 19.gadsimta beigas \u2013 20.gadsimta I puse\u201d.&hellip;\n","protected":false},"author":2,"featured_media":88862,"comment_status":"","ping_status":"","sticky":false,"template":"","format":"standard","meta":{"footnotes":""},"categories":[5],"tags":[23,28,29,32,33,22,30,31,35,39,38,36,37,34,40,20,26,27,24,25,21],"class_list":{"0":"post-88861","1":"post","2":"type-post","3":"status-publish","4":"format-standard","5":"has-post-thumbnail","7":"category-aktualitates","8":"tag-aktualitates","9":"tag-breaking-news","10":"tag-breakingnews","11":"tag-featured-news","12":"tag-featurednews","13":"tag-headlines","14":"tag-latest-news","15":"tag-latestnews","16":"tag-latvia","17":"tag-latvian","18":"tag-latviesu","19":"tag-latviesu-valoda","20":"tag-latviesuvaloda","21":"tag-latvija","22":"tag-lv","23":"tag-news","24":"tag-popularakas-zinas","25":"tag-popularakaszinas","26":"tag-top-stories","27":"tag-topstories","28":"tag-zinas"},"share_on_mastodon":{"url":"https:\/\/pubeurope.com\/@lv\/115803213310945768","error":""},"_links":{"self":[{"href":"https:\/\/www.europesays.com\/lv\/wp-json\/wp\/v2\/posts\/88861","targetHints":{"allow":["GET"]}}],"collection":[{"href":"https:\/\/www.europesays.com\/lv\/wp-json\/wp\/v2\/posts"}],"about":[{"href":"https:\/\/www.europesays.com\/lv\/wp-json\/wp\/v2\/types\/post"}],"author":[{"embeddable":true,"href":"https:\/\/www.europesays.com\/lv\/wp-json\/wp\/v2\/users\/2"}],"replies":[{"embeddable":true,"href":"https:\/\/www.europesays.com\/lv\/wp-json\/wp\/v2\/comments?post=88861"}],"version-history":[{"count":0,"href":"https:\/\/www.europesays.com\/lv\/wp-json\/wp\/v2\/posts\/88861\/revisions"}],"wp:featuredmedia":[{"embeddable":true,"href":"https:\/\/www.europesays.com\/lv\/wp-json\/wp\/v2\/media\/88862"}],"wp:attachment":[{"href":"https:\/\/www.europesays.com\/lv\/wp-json\/wp\/v2\/media?parent=88861"}],"wp:term":[{"taxonomy":"category","embeddable":true,"href":"https:\/\/www.europesays.com\/lv\/wp-json\/wp\/v2\/categories?post=88861"},{"taxonomy":"post_tag","embeddable":true,"href":"https:\/\/www.europesays.com\/lv\/wp-json\/wp\/v2\/tags?post=88861"}],"curies":[{"name":"wp","href":"https:\/\/api.w.org\/{rel}","templated":true}]}}