{"id":88868,"date":"2025-12-29T14:03:06","date_gmt":"2025-12-29T14:03:06","guid":{"rendered":"https:\/\/www.europesays.com\/lv\/88868\/"},"modified":"2025-12-29T14:03:06","modified_gmt":"2025-12-29T14:03:06","slug":"latvija-sanem-85-miljonu-eiro-avansu-atbilstosi-es-fondu-programmas-grozijumiem","status":"publish","type":"post","link":"https:\/\/www.europesays.com\/lv\/88868\/","title":{"rendered":"Latvija sa\u0146em 85 miljonu eiro avansu atbilsto\u0161i ES fondu programmas groz\u012bjumiem"},"content":{"rendered":"<p>Eiropas Komisija (EK) decembra izska\u0146\u0101 Latvijas valsts bud\u017eet\u0101 ieskait\u012bjusi 20% jeb\u00a085,4 miljonu eiro avansa maks\u0101jumu saist\u012bb\u0101 ar\u00a0ES fondu programmas groz\u012bjumiem specifiski ReArm Europe*\u00a0iniciat\u012bvas \u012bsteno\u0161anai.<\/p>\n<p>Latvija izmantojusi EK\u00a0ReArm Europe\u00a0regulas sniegt\u0101s iesp\u0113jas, novirzot 10 % no ES fondu programmas eso\u0161\u0101 finans\u0113juma dro\u0161\u012bbas un aizsardz\u012bbas vajadz\u012bb\u0101m. \u0160\u012b EK iniciat\u012bva dod iesp\u0113ju pla\u0161\u0101k izmantot ES fondu l\u012bdzek\u013cus tostarp ieguld\u012bjumiem uz\u0146\u0113m\u0113jdarb\u012bbas un milit\u0101r\u0101s mobilit\u0101tes att\u012bst\u012bb\u0101, stiprinot valsts notur\u012bbu un sp\u0113ju rea\u0123\u0113t uz jaunajiem dro\u0161\u012bbas izaicin\u0101jumiem. Vienlaikus \u0161\u012b pieeja sniedz priek\u0161roc\u012bbu pagarin\u0101t visu ES fondu programmas projektu \u012bsteno\u0161anas termi\u0146u par vienu gadu \u2013 l\u012bdz 2030. gada beig\u0101m, kas ir \u012bpa\u0161i noz\u012bm\u012bgi apjom\u012bgajiem infrastrukt\u016bras projektiem, nodro\u0161inot laika rezervi to kvalitat\u012bvai \u012bsteno\u0161anai. T\u0101pat EK, novirzot papildu avansa finans\u0113jumu, dal\u012bbvalst\u012bm atvieglo naudas pl\u016bsmu programmas invest\u012bciju virz\u012bbai<\/p>\n<p>Ar ES fondu programmas groz\u012bjumiem, kurus Eiropas Komisija apstiprin\u0101ja 17.decembr\u012b, \u00a0atbilsto\u0161i\u00a0ReArm Europe\u00a0regulu priek\u0161likumiem, ir p\u0101rstruktur\u0113ti 470 miljoni eiro jeb 10 % no eso\u0161\u0101 ES fondu programmas finans\u0113juma, lai to izmantotu dro\u0161\u012bbas un aizsardz\u012bbas vajadz\u012bb\u0101m.\u00a0ReArm Europe\u00a0\u00a0iniciat\u012bvas ietvaros pl\u0101noti \u0161\u0101di ieguld\u012bjumi:<\/p>\n<ul>&#13;<\/p>\n<li>34 miljoni eiro \u2013 r\u016bpniec\u012bbas sp\u0113ju uzlabo\u0161anai aizsardz\u012bbas jom\u0101\u00a0(STEP (Eiropas strat\u0113\u0123isko tehnolo\u0123iju platformas) invest\u012bcijas uz\u0146\u0113m\u0113jdarb\u012bbai);<\/li>\n<p>&#13;<\/p>\n<li>54,9 miljoni eiro \u2013 infrastrukt\u016brai atjaunojamo energoresursu ra\u017eot\u0101ju piesaistei\u00a0(Kundzi\u0146salas infrastrukt\u016bras projekta invest\u012bcijas);<\/li>\n<p>&#13;<\/p>\n<li>35 miljoni eiro \u2013 ener\u0123\u0113tisk\u0101s neatkar\u012bbas stiprin\u0101\u0161anai\u00a0(Biomet\u0101ns un Ener\u0123\u0113tika);<\/li>\n<p>&#13;<\/p>\n<li>53,4 miljoni eiro \u2013 div\u0113j\u0101da lietojuma infrastrukt\u016brai un civilo sp\u0113ju stiprin\u0101\u0161anai\u00a0(S\u0113lijas poligona, Daugavpils tilta, kiberdro\u0161\u012bbas un pretdronu aizsardz\u012bbas pas\u0101kumu invest\u012bcijas);<\/li>\n<p>&#13;<\/p>\n<li>245,9 miljoni eiro \u2013 milit\u0101r\u0101s mobilit\u0101tes un aizsardz\u012bbas infrastrukt\u016bras stiprin\u0101\u0161anai\u00a0(ieguld\u012bjumi no ostu infrastrukt\u016br\u0101 un Rail Baltica lidostas \u201cR\u012bga\u201d savienojuma izb\u016bves R\u012bgas lidosta &#8211; R\u012bgas Centr\u0101l\u0101 stacija \u2013 Aizkraukle virzien\u0101);<\/li>\n<p>&#13;<\/p>\n<li>46,8 miljoni eiro \u2013 civil\u0101s aizsardz\u012bbas sp\u0113ju uzlabo\u0161anai\u00a0(katastrofu p\u0101rvald\u012bbas centru un patvert\u0146u izb\u016bves ieguld\u012bjumi).<\/li>\n<p>&#13;\n<\/ul>\n<p>*ReArm Europe ir EK iniciat\u012bva, kas paredz sniegt ES dal\u012bbvalst\u012bm liel\u0101ku elast\u012bbu veikt ES fondu ieguld\u012bjumus eso\u0161\u0101 finans\u0113juma (Latvijas gad\u012bjum\u0101 4,2 miljardi eiro ES fondu programmas finans\u0113jums 2021.-2027.\u00a0gada pl\u0101no\u0161anas period\u0101) ietvaros aizsardz\u012bbas industrij\u0101.<\/p>\n<p>          <img decoding=\"async\" src=\"https:\/\/www.europesays.com\/lv\/wp-content\/uploads\/2025\/12\/1765959310_789_logo-lv.png\" alt=\"\"\/><\/p>\n<p>                  \u0160\u012b inform\u0101cija ir publisks pazi\u0146ojums un neatspogu\u013co LV port\u0101la viedokli. Par t\u0101s saturu atbild ies\u016bt\u012bt\u0101js. <a data-popup=\"rules\">Public\u0113\u0161anas noteikumi<\/a><\/p>\n","protected":false},"excerpt":{"rendered":"Eiropas Komisija (EK) decembra izska\u0146\u0101 Latvijas valsts bud\u017eet\u0101 ieskait\u012bjusi 20% jeb\u00a085,4 miljonu eiro avansa maks\u0101jumu saist\u012bb\u0101 ar\u00a0ES fondu&hellip;\n","protected":false},"author":2,"featured_media":88869,"comment_status":"","ping_status":"","sticky":false,"template":"","format":"standard","meta":{"footnotes":""},"categories":[12],"tags":[23,28,29,32,33,22,30,31,35,39,38,36,37,34,40,20,26,27,24,25,21],"class_list":{"0":"post-88868","1":"post","2":"type-post","3":"status-publish","4":"format-standard","5":"has-post-thumbnail","7":"category-latvija","8":"tag-aktualitates","9":"tag-breaking-news","10":"tag-breakingnews","11":"tag-featured-news","12":"tag-featurednews","13":"tag-headlines","14":"tag-latest-news","15":"tag-latestnews","16":"tag-latvia","17":"tag-latvian","18":"tag-latviesu","19":"tag-latviesu-valoda","20":"tag-latviesuvaloda","21":"tag-latvija","22":"tag-lv","23":"tag-news","24":"tag-popularakas-zinas","25":"tag-popularakaszinas","26":"tag-top-stories","27":"tag-topstories","28":"tag-zinas"},"share_on_mastodon":{"url":"https:\/\/pubeurope.com\/@lv\/115803232901467944","error":""},"_links":{"self":[{"href":"https:\/\/www.europesays.com\/lv\/wp-json\/wp\/v2\/posts\/88868","targetHints":{"allow":["GET"]}}],"collection":[{"href":"https:\/\/www.europesays.com\/lv\/wp-json\/wp\/v2\/posts"}],"about":[{"href":"https:\/\/www.europesays.com\/lv\/wp-json\/wp\/v2\/types\/post"}],"author":[{"embeddable":true,"href":"https:\/\/www.europesays.com\/lv\/wp-json\/wp\/v2\/users\/2"}],"replies":[{"embeddable":true,"href":"https:\/\/www.europesays.com\/lv\/wp-json\/wp\/v2\/comments?post=88868"}],"version-history":[{"count":0,"href":"https:\/\/www.europesays.com\/lv\/wp-json\/wp\/v2\/posts\/88868\/revisions"}],"wp:featuredmedia":[{"embeddable":true,"href":"https:\/\/www.europesays.com\/lv\/wp-json\/wp\/v2\/media\/88869"}],"wp:attachment":[{"href":"https:\/\/www.europesays.com\/lv\/wp-json\/wp\/v2\/media?parent=88868"}],"wp:term":[{"taxonomy":"category","embeddable":true,"href":"https:\/\/www.europesays.com\/lv\/wp-json\/wp\/v2\/categories?post=88868"},{"taxonomy":"post_tag","embeddable":true,"href":"https:\/\/www.europesays.com\/lv\/wp-json\/wp\/v2\/tags?post=88868"}],"curies":[{"name":"wp","href":"https:\/\/api.w.org\/{rel}","templated":true}]}}