{"id":88870,"date":"2025-12-29T14:04:08","date_gmt":"2025-12-29T14:04:08","guid":{"rendered":"https:\/\/www.europesays.com\/lv\/88870\/"},"modified":"2025-12-29T14:04:08","modified_gmt":"2025-12-29T14:04:08","slug":"ventspili-jauno-gadu-sagaidis-ar-koncertu-un-krasnu-ugunosanu","status":"publish","type":"post","link":"https:\/\/www.europesays.com\/lv\/88870\/","title":{"rendered":"Ventspil\u012b Jauno gadu sagaid\u012bs ar koncertu un kr\u0101\u0161\u0146u ugu\u0146o\u0161anu"},"content":{"rendered":"<p>Aicin\u0101m ventspilniekus un pils\u0113tas viesus Jauno gadu sagaid\u012bt Ventspil\u012b, \u00a031.\u00a0decembr\u012b pulc\u0113joties Lielaj\u0101 laukum\u0101 pie koncertz\u0101les \u201cLatvija\u201d, lai kop\u012bgi svin\u0113tu un ar ugu\u0146o\u0161anu sagaid\u012btu Jauno, 2026. gadu.<\/p>\n<p>Par sv\u0113tku noska\u0146u 31.\u00a0decembr\u012b\u00a0no plkst. 23.30 par\u016bp\u0113sies atrakt\u012bv\u0101 m\u016bzikas grupa \u201cLaika upe\u201d, priec\u0113jot kl\u0101teso\u0161os ar popul\u0101ru pa\u0161m\u0101ju un starptautiski zin\u0101mu dziesmu programmu.<br \/>Ventspil\u012b Jauno gadu sagaida p\u0113c viet\u0113j\u0101 laika \u2013 1.\u00a0janv\u0101r\u012b plkst. 00.33.44, kad sv\u0113tku dal\u012bbniekus uzrun\u0101s Ventspils valstspils\u0113tas pa\u0161vald\u012bbas domes priek\u0161s\u0113d\u0113t\u0101js J\u0101nis V\u012btoli\u0146\u0161. P\u0113c uzrunas debesis virs Ventspils iemirdz\u0113sies ugu\u0146o\u0161an\u0101, kas k\u013cuvusi par neat\u0146emamu pils\u0113tas gadu mijas trad\u012bciju.<\/p>\n<p>Ventspils Jaun\u0101 gada svin\u012bb\u0101m no 31.\u00a0decembra plkst. 23.30 b\u016bs iesp\u0113jams sekot l\u012bdzi ar\u012b tie\u0161raid\u0113 internet\u0101 \u2013 gan Ventspils valstspils\u0113tas pa\u0161vald\u012bbas ofici\u0101laj\u0101 t\u012bmek\u013ca vietn\u0113 <a href=\"http:\/\/www.ventspils.lv\" rel=\"nofollow noopener\" target=\"_blank\">www.ventspils.lv<\/a>, gan Ventspils <a href=\"https:\/\/www.facebook.com\/ventspilslv\/\" rel=\"nofollow noopener\" target=\"_blank\">Facebook kont\u0101<\/a>.<\/p>\n<p>Lai gan \u0161obr\u012bd laikapst\u0101k\u013ci Ventspil\u012b nav iepriecino\u0161i, laika prognozes liecina, ka l\u012bdz 31. decembra vakaram tie pak\u0101peniski uzlabosies un v\u0113j\u0161 mit\u0113sies, \u013caujot sv\u0113tku kulmin\u0101cij\u0101 baud\u012bt tradicion\u0101lo Jaungada ugu\u0146o\u0161anu.<\/p>\n<p>Ventspil\u012b Jauno gadu kop\u0161 1999. gada sagaida p\u0113c viet\u0113j\u0101 laika, kas ir 33 min\u016btes un 44 sekundes v\u0113l\u0101k nek\u0101 citviet Latvij\u0101. \u201cVentspils laiku\u201d apr\u0113\u0137in\u0101ja Ventspils Starptautiskais radioastronomijas centrs, \u0146emot v\u0113r\u0101 Latvijas teritoriju \u0161\u0137\u0113rsojo\u0161os meridi\u0101nus. Trad\u012bcija Jauno gadu sagaid\u012bt p\u0113c viet\u0113j\u0101 laika aizs\u0101k\u0101s, Ventspils domei izskatot jaut\u0101jumu par 2000. gada astronomisko iest\u0101\u0161anos Ventspil\u012b.<\/p>\n<p>Publisku pas\u0101kumu laik\u0101 inform\u0101cijas atkl\u0101t\u012bbas nodro\u0161in\u0101\u0161anai, k\u0101 ar\u012b ilustrat\u012bvi m\u0101kslinieciskiem m\u0113r\u0137iem, publicit\u0101tei, m\u0101rketingam un intervij\u0101m, var tikt veikta fotograf\u0113\u0161ana, video vai audiovizu\u0101la fiks\u0101cija. Ieg\u016btie fotoatt\u0113li un video var tikt public\u0113ti pa\u0161vald\u012bbas ofici\u0101laj\u0101 t\u012bmek\u013ca vietn\u0113 <a href=\"http:\/\/www.ventspils.lv\" rel=\"nofollow noopener\" target=\"_blank\">www.ventspils.lv<\/a>, pa\u0161vald\u012bbas soci\u0101lo t\u012bklu kontos. Apmekl\u0113t\u0101jiem ir ties\u012bbas piepras\u012bt neizmantot vai dz\u0113st personas datus saturo\u0161us att\u0113lus vai video, ja tas ir tehniski iesp\u0113jams.<\/p>\n<p>Sagaid\u012bsim Jauno gadu Ventspil\u012b!<\/p>\n","protected":false},"excerpt":{"rendered":"Aicin\u0101m ventspilniekus un pils\u0113tas viesus Jauno gadu sagaid\u012bt Ventspil\u012b, \u00a031.\u00a0decembr\u012b pulc\u0113joties Lielaj\u0101 laukum\u0101 pie koncertz\u0101les \u201cLatvija\u201d, lai kop\u012bgi&hellip;\n","protected":false},"author":2,"featured_media":88871,"comment_status":"","ping_status":"","sticky":false,"template":"","format":"standard","meta":{"footnotes":""},"categories":[5],"tags":[23,28,29,32,33,22,30,31,35,39,38,36,37,34,40,20,26,27,24,25,21],"class_list":{"0":"post-88870","1":"post","2":"type-post","3":"status-publish","4":"format-standard","5":"has-post-thumbnail","7":"category-aktualitates","8":"tag-aktualitates","9":"tag-breaking-news","10":"tag-breakingnews","11":"tag-featured-news","12":"tag-featurednews","13":"tag-headlines","14":"tag-latest-news","15":"tag-latestnews","16":"tag-latvia","17":"tag-latvian","18":"tag-latviesu","19":"tag-latviesu-valoda","20":"tag-latviesuvaloda","21":"tag-latvija","22":"tag-lv","23":"tag-news","24":"tag-popularakas-zinas","25":"tag-popularakaszinas","26":"tag-top-stories","27":"tag-topstories","28":"tag-zinas"},"share_on_mastodon":{"url":"https:\/\/pubeurope.com\/@lv\/115803236973862076","error":""},"_links":{"self":[{"href":"https:\/\/www.europesays.com\/lv\/wp-json\/wp\/v2\/posts\/88870","targetHints":{"allow":["GET"]}}],"collection":[{"href":"https:\/\/www.europesays.com\/lv\/wp-json\/wp\/v2\/posts"}],"about":[{"href":"https:\/\/www.europesays.com\/lv\/wp-json\/wp\/v2\/types\/post"}],"author":[{"embeddable":true,"href":"https:\/\/www.europesays.com\/lv\/wp-json\/wp\/v2\/users\/2"}],"replies":[{"embeddable":true,"href":"https:\/\/www.europesays.com\/lv\/wp-json\/wp\/v2\/comments?post=88870"}],"version-history":[{"count":0,"href":"https:\/\/www.europesays.com\/lv\/wp-json\/wp\/v2\/posts\/88870\/revisions"}],"wp:featuredmedia":[{"embeddable":true,"href":"https:\/\/www.europesays.com\/lv\/wp-json\/wp\/v2\/media\/88871"}],"wp:attachment":[{"href":"https:\/\/www.europesays.com\/lv\/wp-json\/wp\/v2\/media?parent=88870"}],"wp:term":[{"taxonomy":"category","embeddable":true,"href":"https:\/\/www.europesays.com\/lv\/wp-json\/wp\/v2\/categories?post=88870"},{"taxonomy":"post_tag","embeddable":true,"href":"https:\/\/www.europesays.com\/lv\/wp-json\/wp\/v2\/tags?post=88870"}],"curies":[{"name":"wp","href":"https:\/\/api.w.org\/{rel}","templated":true}]}}