{"id":88876,"date":"2025-12-29T14:08:07","date_gmt":"2025-12-29T14:08:07","guid":{"rendered":"https:\/\/www.europesays.com\/lv\/88876\/"},"modified":"2025-12-29T14:08:07","modified_gmt":"2025-12-29T14:08:07","slug":"vacijas-kriminalpolicijas-vaditajs-bridina-par-krieviju","status":"publish","type":"post","link":"https:\/\/www.europesays.com\/lv\/88876\/","title":{"rendered":"V\u0101cijas krimin\u0101lpolicijas vad\u012bt\u0101js br\u012bdina par Krieviju"},"content":{"rendered":"<p class=\"descr\">Krievija cen\u0161as v\u0101jin\u0101t V\u0101cijas demokr\u0101tiju, pirmdien pazi\u0146ojis Feder\u0101l\u0101s krimin\u0101lpolicijas p\u0101rvaldes vad\u012bt\u0101js Holgers Minhs, aicinot uzlabot inform\u0101cijas v\u0101k\u0161anu par bezpilota lidapar\u0101tu lidojumiem.<\/p>\n<p>&#8220;<a href=\"https:\/\/nra.lv\/birka\/vacija\/\" target=\"_blank\" rel=\"noopener nofollow\">V\u0101cija<\/a> k\u0101 sp\u0113c\u012bga Ukrainas atbalst\u012bt\u0101ja arvien bie\u017e\u0101k k\u013c\u016bst par Krievijas sabot\u0101\u017eas un spiego\u0161anas objektu. Krievija v\u0113las v\u0101jin\u0101t m\u016bsu demokr\u0101tiju,&#8221; sarun\u0101 ar laikrakstu &#8220;Tagesspiegel&#8221; nor\u0101d\u012bja Minhs.<\/p>\n<p>Vi\u0146\u0161 piebilda, ka feder\u0101laj\u0101 prokurat\u016br\u0101 &#8220;b\u016btiski pieaudzis&#8221; ar Krieviju saist\u012bto lietu skaits un ka kibertelp\u0101 ac\u012bmredzami pieaugu\u0161as ar\u012b &#8220;<a href=\"https:\/\/nra.lv\/pasaule\/483504-italija-nerimstas-prokrievisko-hakeru-uzbrukumi.htm\" data-item-link=\"true\" data-item-id=\"483504\" rel=\"nofollow noopener\" target=\"_blank\">hakeru <\/a>darb\u012bbas, kas saist\u012btas ar Krievijas valsti&#8221;, ko papildina dezinform\u0101cijas kampa\u0146as un dronu darb\u012bbas.<\/p>\n<p>Tom\u0113r krimin\u0101lpolicijas priek\u0161nieks atzina, ka l\u012bdz \u0161im nav pier\u0101d\u012bjumu, ka Krievijas valsts b\u016btu atbild\u012bga par sistem\u0101tiskiem <a href=\"https:\/\/nra.lv\/birka\/droni\/\" target=\"_blank\" rel=\"noopener nofollow\">dronu<\/a> lidojumiem virs V\u0101cijas teritorijas.<\/p>\n<p>Pieejamie dati par dronu lidojumiem ir j\u0101uzlabo, uzsv\u0113ra Minhs, piebilstot, ka \u0161ogad dokument\u0113ti da\u017ei t\u016bksto\u0161i lidrobotu nov\u0113rojumu virs <a href=\"https:\/\/nra.lv\/birka\/kritiska-infrastruktura\/\" target=\"_blank\" rel=\"noopener nofollow\">kritisk\u0101s infrastrukt\u016bras<\/a> objektiem, milit\u0101rajiem objektiem un iero\u010du uz\u0146\u0113mumiem.<\/p>\n<p>Daudzi no \u0161iem re\u0123istr\u0113tajiem dronu lidojumiem ir cilv\u0113ku, nevis tehnisko ier\u012b\u010du nov\u0113rojumi, nor\u0101d\u012bja Minhs, piebilstot, ka tam j\u0101main\u0101s.<\/p>\n<p>Dronu operatorus izdevies identific\u0113t tikai \u013coti retos gad\u012bjumos.<\/p>\n<p>Minhs pav\u0113st\u012bja, ka <a href=\"https:\/\/nra.lv\/birka\/noverosana\/\" target=\"_blank\" rel=\"noopener nofollow\">nov\u0113ro\u0161ana<\/a> tiks papla\u0161in\u0101ta vispirms, piem\u0113ram, lidost\u0101s, milit\u0101rajos objektos, virs lielajiem iero\u010du ra\u017eo\u0161anas uz\u0146\u0113mumiem un virs ener\u0123\u0113tikas objektiem. P\u0113c tam visi dati b\u016btu j\u0101apkopo Feder\u0101l\u0101s policijas jaunaj\u0101 pretdronu aizsardz\u012bbas centr\u0101.<\/p>\n<p>Vi\u0146\u0161 ar\u012b pauda ba\u017eas par <a href=\"https:\/\/nra.lv\/birka\/drosibas-riski\/\" target=\"_blank\" rel=\"noopener nofollow\">dro\u0161\u012bbas riskiem<\/a>, ja p\u0113c n\u0101kamgad gaid\u0101maj\u0101m v\u0113l\u0113\u0161an\u0101m feder\u0101lo zemju vald\u012bb\u0101s pie varas non\u0101ktu eiroskepti\u0137u partija &#8220;Alternat\u012bva V\u0101cijai&#8221; (AfD).<\/p>\n<p>&#8220;K\u0101di ir riski un k\u0101 tos nov\u0113rst?&#8221; retoriski vaic\u0101 Minhs, paskaidrojot, ka, non\u0101kot pie varas k\u0101d\u0101 no feder\u0101laj\u0101m zem\u0113m, <a href=\"https:\/\/nra.lv\/birka\/afd\/\" target=\"_blank\" rel=\"noopener nofollow\">AfD<\/a> var\u0113tu piek\u013c\u016bt sensit\u012bviem datiem un inform\u0101cijai.<\/p>\n<p>Feder\u0101l\u0101s krimin\u0101lpolicijas p\u0101rvaldes vad\u012bt\u0101js atzina, ka neietu tik t\u0101lu, lai izn\u012bcin\u0101tu visus dokumentus, ta\u010du piebilda, ka j\u0101dom\u0101 par to, cik atkl\u0101ti var r\u012bkoties ar inform\u0101ciju t\u012bkl\u0101.<\/p>\n<p>V\u0101cij\u0101 2026. gad\u0101 ir paredz\u0113tas piecas zemju landt\u0101gu v\u0113l\u0113\u0161anas, taj\u0101 skait\u0101 Saksij\u0101-Anhalt\u0113 un Meklenburg\u0101-Priek\u0161pomer\u0101nij\u0101, kur AfD aptauj\u0101s ir ap 40% liels v\u0113l\u0113t\u0101ju atbalsts. Nav izsl\u0113gts, ka AfD l\u012bdz 2026. gada beig\u0101m b\u016bs pirmais premjerministrs k\u0101d\u0101 no feder\u0101laj\u0101m zem\u0113m.<\/p>\n<p>Minhs atzina, ka vi\u0146a r\u012bc\u012bb\u0101 nav inform\u0101cijas, cik daudz AfD biedru str\u0101d\u0101 vi\u0146a vad\u012btaj\u0101 iest\u0101d\u0113, jo pirms st\u0101\u0161an\u0101s darb\u0101 feder\u0101laj\u0101 krimin\u0101lpolicij\u0101 nav j\u0101zi\u0146o par pieder\u012bbu partijai.<\/p>\n<p>Tom\u0113r, ja AfD tiktu klasific\u0113ta k\u0101 apstiprin\u0101ta lab\u0113j\u0101 <a href=\"https:\/\/nra.lv\/birka\/ekstremisti\/\" target=\"_blank\" rel=\"noopener nofollow\">ekstr\u0113mistu<\/a> organiz\u0101cija, tas ietekm\u0113tu vi\u0146a iest\u0101des veikt\u0101s dro\u0161\u012bbas p\u0101rbaudes, piebilda Minhs.<\/p>\n<p>\t\t\t\t\t\tinfo<\/p>\n<p>Uzzini pirmais<br \/>kas interesants noticis Latvij\u0101 un pasaul\u0113,<br \/>pievienojoties mums <a href=\"https:\/\/t.me\/neatkariga\" rel=\"nofollow\">Telegram<\/a> vai <a href=\"https:\/\/whatsapp.com\/channel\/0029VaMLFUH5K3zLU5s4wm3y\" rel=\"nofollow noopener\" target=\"_blank\">Whatsapp<\/a> kan\u0101l\u0101<\/p>\n","protected":false},"excerpt":{"rendered":"Krievija cen\u0161as v\u0101jin\u0101t V\u0101cijas demokr\u0101tiju, pirmdien pazi\u0146ojis Feder\u0101l\u0101s krimin\u0101lpolicijas p\u0101rvaldes vad\u012bt\u0101js Holgers Minhs, aicinot uzlabot inform\u0101cijas v\u0101k\u0161anu par&hellip;\n","protected":false},"author":2,"featured_media":88877,"comment_status":"","ping_status":"","sticky":false,"template":"","format":"standard","meta":{"footnotes":""},"categories":[14],"tags":[23,57,28,29,32,33,22,30,31,35,39,38,36,37,34,40,20,26,27,24,25,54,55,56,21,58],"class_list":{"0":"post-88876","1":"post","2":"type-post","3":"status-publish","4":"format-standard","5":"has-post-thumbnail","7":"category-zinas-no-arvalstim","8":"tag-aktualitates","9":"tag-arvalstim","10":"tag-breaking-news","11":"tag-breakingnews","12":"tag-featured-news","13":"tag-featurednews","14":"tag-headlines","15":"tag-latest-news","16":"tag-latestnews","17":"tag-latvia","18":"tag-latvian","19":"tag-latviesu","20":"tag-latviesu-valoda","21":"tag-latviesuvaloda","22":"tag-latvija","23":"tag-lv","24":"tag-news","25":"tag-popularakas-zinas","26":"tag-popularakaszinas","27":"tag-top-stories","28":"tag-topstories","29":"tag-world","30":"tag-world-news","31":"tag-worldnews","32":"tag-zinas","33":"tag-zinas-no-arvalstim"},"share_on_mastodon":{"url":"https:\/\/pubeurope.com\/@lv\/115803252604223106","error":""},"_links":{"self":[{"href":"https:\/\/www.europesays.com\/lv\/wp-json\/wp\/v2\/posts\/88876","targetHints":{"allow":["GET"]}}],"collection":[{"href":"https:\/\/www.europesays.com\/lv\/wp-json\/wp\/v2\/posts"}],"about":[{"href":"https:\/\/www.europesays.com\/lv\/wp-json\/wp\/v2\/types\/post"}],"author":[{"embeddable":true,"href":"https:\/\/www.europesays.com\/lv\/wp-json\/wp\/v2\/users\/2"}],"replies":[{"embeddable":true,"href":"https:\/\/www.europesays.com\/lv\/wp-json\/wp\/v2\/comments?post=88876"}],"version-history":[{"count":0,"href":"https:\/\/www.europesays.com\/lv\/wp-json\/wp\/v2\/posts\/88876\/revisions"}],"wp:featuredmedia":[{"embeddable":true,"href":"https:\/\/www.europesays.com\/lv\/wp-json\/wp\/v2\/media\/88877"}],"wp:attachment":[{"href":"https:\/\/www.europesays.com\/lv\/wp-json\/wp\/v2\/media?parent=88876"}],"wp:term":[{"taxonomy":"category","embeddable":true,"href":"https:\/\/www.europesays.com\/lv\/wp-json\/wp\/v2\/categories?post=88876"},{"taxonomy":"post_tag","embeddable":true,"href":"https:\/\/www.europesays.com\/lv\/wp-json\/wp\/v2\/tags?post=88876"}],"curies":[{"name":"wp","href":"https:\/\/api.w.org\/{rel}","templated":true}]}}