{"id":88878,"date":"2025-12-29T14:09:08","date_gmt":"2025-12-29T14:09:08","guid":{"rendered":"https:\/\/www.europesays.com\/lv\/88878\/"},"modified":"2025-12-29T14:09:08","modified_gmt":"2025-12-29T14:09:08","slug":"daugavpili-paplasina-bezmaksas-sabiedriska-transporta-pieejamibu-svetku-dienas","status":"publish","type":"post","link":"https:\/\/www.europesays.com\/lv\/88878\/","title":{"rendered":"Daugavpil\u012b papla\u0161ina bezmaksas sabiedrisk\u0101 transporta pieejam\u012bbu sv\u0113tku dien\u0101s"},"content":{"rendered":"<p>\t\t        \t<a href=\"https:\/\/www.daugavpils.lv\/assets\/upload\/news\/2025\/12\/010524-66-001_max.jpg\" rel=\"nofollow noopener\" target=\"_blank\"><img decoding=\"async\" src=\"https:\/\/www.europesays.com\/lv\/wp-content\/uploads\/2025\/12\/010524-66-001_sml.jpg\" class=\"news-image\" title=\"Daugavpil\u012b papla\u0161ina bezmaksas sabiedrisk\u0101 transporta pieejam\u012bbu sv\u0113tku dien\u0101s\" alt=\"Daugavpil\u012b papla\u0161ina bezmaksas sabiedrisk\u0101 transporta pieejam\u012bbu sv\u0113tku dien\u0101s\"\/><\/a><\/p>\n<p>Pirmdien, 29. decembr\u012b, Daugavpils valstspils\u0113tas pa\u0161vald\u012bbas domes s\u0113d\u0113, deput\u0101ti apstiprin\u0101ja groz\u012bjumus saisto\u0161ajos noteikumos par brauk\u0161anas atvieglojumiem pils\u0113tas sabiedriskaj\u0101 transport\u0101. Jaunie groz\u012bjumi paredz v\u0113l \u010detras dienas gad\u0101, kad pils\u0113tas iedz\u012bvot\u0101jiem un viesiem b\u016bs pieejams bezmaksas sabiedriskais transports.<\/p>\n<p>&#13;<\/p>\n<p>Saska\u0146\u0101 ar groz\u012bjumiem Daugavpils valstspils\u0113tas pa\u0161vald\u012bbas domes 2022. gada 28. janv\u0101ra saisto\u0161ajos noteiktumos Nr. 7 \u201cBrauk\u0161anas maksas atvieglojumi Daugavpils valstspils\u0113tas pa\u0161vald\u012bbas sabiedrisk\u0101 transporta mar\u0161rutu t\u012bkl\u0101\u201d, turpm\u0101k brauk\u0161anas maksas atvieglojumu 100% apm\u0113r\u0101 no bi\u013cetes cenas visi pasa\u017eieri var\u0113s sa\u0146emt:<\/p>\n<p>&#13;<\/p>\n<p style=\"text-align: left; padding-left: 30px;\">\u2022 31. decembr\u012b \u2013 Vecgada dien\u0101;<br \/>\u2022 1. janv\u0101r\u012b \u2013 Jaungada dien\u0101;<br \/>\u2022 18. novembr\u012b \u2013 Latvijas Republikas Proklam\u0113\u0161anas dien\u0101;<br \/>\u2022\u00a0 Zin\u012bbu dien\u0101.<\/p>\n<p>&#13;<\/p>\n<p>Jaunin\u0101jumi veicin\u0101s sabiedrisk\u0101 transporta izmanto\u0161anu, atvieglos iedz\u012bvot\u0101ju ikdienas p\u0101rvieto\u0161anos noz\u012bm\u012bg\u0101s dien\u0101s, k\u0101 ar\u012b sekm\u0113s satiksmes intensit\u0101tes un priv\u0101to transportl\u012bdzek\u013cu izmanto\u0161anas samazin\u0101\u0161anos pils\u0113t\u0101.<br \/>Atg\u0101din\u0101m, ka ikdien\u0101 da\u017e\u0101da apm\u0113ra brauk\u0161anas maksas atvieglojumi ir vair\u0101kiem iedz\u012bvot\u0101ju grup\u0101m: daudzb\u0113rnu \u0123ime\u0146u locek\u013ciem; pirmsskolas vecuma b\u0113rniem; skol\u0113niem; b\u0101re\u0146iem un b\u0113rniem bez vec\u0101ku g\u0101d\u012bbas; person\u0101m, kas sa\u0146em ilgsto\u0161u apr\u016bpi Daugavpils pension\u0101ru soci\u0101l\u0101s apkalpo\u0161anas centr\u0101; nestr\u0101d\u0101jo\u0161ajiem \u010cernobi\u013cas av\u0101rijas seku likvidatoriem; nestr\u0101d\u0101jo\u0161ajiem Afganist\u0101nas kara dal\u012bbniekiem un boj\u0101 g\u0101ju\u0161o karav\u012bru vec\u0101kiem; person\u0101m ar III invalidit\u0101tes grupu; politiski repres\u0113taj\u0101m person\u0101m; 1991. gada barik\u0101\u017eu dal\u012bbniekiem. Pla\u0161\u0101ka inform\u0101cija par brauk\u0161anas maksas atvieglojumiem pieejama \u0160EIT.<\/p>\n<p>&#13;<\/p>\n<p>Inform\u0101ciju sagatavoja<br \/>Daugavpils valstspils\u0113tas pa\u0161vald\u012bbas<br \/>Sabiedrisko attiec\u012bbu noda\u013ca<\/p>\n","protected":false},"excerpt":{"rendered":"Pirmdien, 29. decembr\u012b, Daugavpils valstspils\u0113tas pa\u0161vald\u012bbas domes s\u0113d\u0113, deput\u0101ti apstiprin\u0101ja groz\u012bjumus saisto\u0161ajos noteikumos par brauk\u0161anas atvieglojumiem pils\u0113tas sabiedriskaj\u0101&hellip;\n","protected":false},"author":2,"featured_media":88879,"comment_status":"","ping_status":"","sticky":false,"template":"","format":"standard","meta":{"footnotes":""},"categories":[12],"tags":[23,28,29,32,33,22,30,31,35,39,38,36,37,34,40,20,26,27,24,25,21],"class_list":{"0":"post-88878","1":"post","2":"type-post","3":"status-publish","4":"format-standard","5":"has-post-thumbnail","7":"category-latvija","8":"tag-aktualitates","9":"tag-breaking-news","10":"tag-breakingnews","11":"tag-featured-news","12":"tag-featurednews","13":"tag-headlines","14":"tag-latest-news","15":"tag-latestnews","16":"tag-latvia","17":"tag-latvian","18":"tag-latviesu","19":"tag-latviesu-valoda","20":"tag-latviesuvaloda","21":"tag-latvija","22":"tag-lv","23":"tag-news","24":"tag-popularakas-zinas","25":"tag-popularakaszinas","26":"tag-top-stories","27":"tag-topstories","28":"tag-zinas"},"share_on_mastodon":{"url":"https:\/\/pubeurope.com\/@lv\/115803256533675172","error":""},"_links":{"self":[{"href":"https:\/\/www.europesays.com\/lv\/wp-json\/wp\/v2\/posts\/88878","targetHints":{"allow":["GET"]}}],"collection":[{"href":"https:\/\/www.europesays.com\/lv\/wp-json\/wp\/v2\/posts"}],"about":[{"href":"https:\/\/www.europesays.com\/lv\/wp-json\/wp\/v2\/types\/post"}],"author":[{"embeddable":true,"href":"https:\/\/www.europesays.com\/lv\/wp-json\/wp\/v2\/users\/2"}],"replies":[{"embeddable":true,"href":"https:\/\/www.europesays.com\/lv\/wp-json\/wp\/v2\/comments?post=88878"}],"version-history":[{"count":0,"href":"https:\/\/www.europesays.com\/lv\/wp-json\/wp\/v2\/posts\/88878\/revisions"}],"wp:featuredmedia":[{"embeddable":true,"href":"https:\/\/www.europesays.com\/lv\/wp-json\/wp\/v2\/media\/88879"}],"wp:attachment":[{"href":"https:\/\/www.europesays.com\/lv\/wp-json\/wp\/v2\/media?parent=88878"}],"wp:term":[{"taxonomy":"category","embeddable":true,"href":"https:\/\/www.europesays.com\/lv\/wp-json\/wp\/v2\/categories?post=88878"},{"taxonomy":"post_tag","embeddable":true,"href":"https:\/\/www.europesays.com\/lv\/wp-json\/wp\/v2\/tags?post=88878"}],"curies":[{"name":"wp","href":"https:\/\/api.w.org\/{rel}","templated":true}]}}