{"id":88880,"date":"2025-12-29T14:10:10","date_gmt":"2025-12-29T14:10:10","guid":{"rendered":"https:\/\/www.europesays.com\/lv\/88880\/"},"modified":"2025-12-29T14:10:10","modified_gmt":"2025-12-29T14:10:10","slug":"pagajusaja-nedela-latvijas-iedzivotajiem-izkrapti-vismaz-236-954-eiro","status":"publish","type":"post","link":"https:\/\/www.europesays.com\/lv\/88880\/","title":{"rendered":"Pag\u0101ju\u0161aj\u0101 ned\u0113\u013c\u0101 Latvijas iedz\u012bvot\u0101jiem izkr\u0101pti vismaz 236 954 eiro"},"content":{"rendered":"<p>Pag\u0101ju\u0161aj\u0101 ned\u0113\u013c\u0101 Valsts policij\u0101 re\u0123istr\u0113ti 139 kr\u0101p\u0161anas gad\u012bjumi. No tiem 42 gad\u012bjumos iedz\u012bvot\u0101ji zaud\u0113ju\u0161i naudu, savuk\u0101rt 97 gad\u012bjumos kr\u0101pnieku m\u0113\u0123in\u0101jumi beigu\u0161ies bez finansi\u0101liem zaud\u0113jumiem. Kop\u0113jie iedz\u012bvot\u0101ju zaud\u0113jumi sasniedz vismaz 236 954 eiro.<\/p>\n<p>Joproj\u0101m visvair\u0101k re\u0123istr\u0113ti viltus zvani jeb vik\u0161\u0137er\u0113\u0161anas gad\u012bjumi, kad kr\u0101pnieki uzdodas par komun\u0101lo pakalpojumu sniedz\u0113ju, Valsts policijas, mobilo sakaru operatoru, Valsts ie\u0146\u0113mumu dienests, Valsts soci\u0101l\u0101s apdro\u0161in\u0101\u0161anas a\u0123ent\u016bras, kred\u012btiest\u0101\u017eu, pasta vai soci\u0101lo dienestu darbiniekiem.<\/p>\n<p>Liel\u0101koties kr\u0101pnieki cietu\u0161os iztauj\u0101 par skaidras naudas l\u012bdzek\u013ciem, kurus nepiecie\u0161ams deklar\u0113t. Sazi\u0146a ar kr\u0101pniekiem notiek &#8220;Whatsapp&#8221; lietotn\u0113.<\/p>\n<p>Tom\u0113r aizvad\u012btaj\u0101 ned\u0113\u013c\u0101 iedz\u012bvot\u0101ji visliel\u0101k\u0101s naudas summas zaud\u0113ju\u0161i tie\u0161i invest\u012bciju kr\u0101p\u0161anu rezult\u0101t\u0101.<\/p>\n<p>\u0160\u0101dos gad\u012bjumos &#8220;finan\u0161u eksperti&#8221; pied\u0101v\u0101 ieguld\u012bt kriptoval\u016bt\u0101 vai akcij\u0101s, radot il\u016bziju par lielu pe\u013c\u0146u un mudinot turpin\u0101t ieguld\u012bt arvien liel\u0101kas naudas summas. \u0160\u0101d\u0101 un l\u012bdz\u012bgos veidos kr\u0101pniekiem izdevies izkr\u0101pt 114 250 eiro, un visvair\u0101k \u0161\u0101du gad\u012bjumu atk\u0101rtoti re\u0123istr\u0113ts R\u012bgas re\u0123ion\u0101.<\/p>\n","protected":false},"excerpt":{"rendered":"Pag\u0101ju\u0161aj\u0101 ned\u0113\u013c\u0101 Valsts policij\u0101 re\u0123istr\u0113ti 139 kr\u0101p\u0161anas gad\u012bjumi. No tiem 42 gad\u012bjumos iedz\u012bvot\u0101ji zaud\u0113ju\u0161i naudu, savuk\u0101rt 97 gad\u012bjumos&hellip;\n","protected":false},"author":2,"featured_media":88881,"comment_status":"","ping_status":"","sticky":false,"template":"","format":"standard","meta":{"footnotes":""},"categories":[5],"tags":[23,28,29,32,33,22,278,30,31,35,39,38,36,37,34,40,20,163,26,27,24,25,21],"class_list":{"0":"post-88880","1":"post","2":"type-post","3":"status-publish","4":"format-standard","5":"has-post-thumbnail","7":"category-aktualitates","8":"tag-aktualitates","9":"tag-breaking-news","10":"tag-breakingnews","11":"tag-featured-news","12":"tag-featurednews","13":"tag-headlines","14":"tag-krapnieciba","15":"tag-latest-news","16":"tag-latestnews","17":"tag-latvia","18":"tag-latvian","19":"tag-latviesu","20":"tag-latviesu-valoda","21":"tag-latviesuvaloda","22":"tag-latvija","23":"tag-lv","24":"tag-news","25":"tag-policija","26":"tag-popularakas-zinas","27":"tag-popularakaszinas","28":"tag-top-stories","29":"tag-topstories","30":"tag-zinas"},"share_on_mastodon":{"url":"https:\/\/pubeurope.com\/@lv\/115803260498562689","error":""},"_links":{"self":[{"href":"https:\/\/www.europesays.com\/lv\/wp-json\/wp\/v2\/posts\/88880","targetHints":{"allow":["GET"]}}],"collection":[{"href":"https:\/\/www.europesays.com\/lv\/wp-json\/wp\/v2\/posts"}],"about":[{"href":"https:\/\/www.europesays.com\/lv\/wp-json\/wp\/v2\/types\/post"}],"author":[{"embeddable":true,"href":"https:\/\/www.europesays.com\/lv\/wp-json\/wp\/v2\/users\/2"}],"replies":[{"embeddable":true,"href":"https:\/\/www.europesays.com\/lv\/wp-json\/wp\/v2\/comments?post=88880"}],"version-history":[{"count":0,"href":"https:\/\/www.europesays.com\/lv\/wp-json\/wp\/v2\/posts\/88880\/revisions"}],"wp:featuredmedia":[{"embeddable":true,"href":"https:\/\/www.europesays.com\/lv\/wp-json\/wp\/v2\/media\/88881"}],"wp:attachment":[{"href":"https:\/\/www.europesays.com\/lv\/wp-json\/wp\/v2\/media?parent=88880"}],"wp:term":[{"taxonomy":"category","embeddable":true,"href":"https:\/\/www.europesays.com\/lv\/wp-json\/wp\/v2\/categories?post=88880"},{"taxonomy":"post_tag","embeddable":true,"href":"https:\/\/www.europesays.com\/lv\/wp-json\/wp\/v2\/tags?post=88880"}],"curies":[{"name":"wp","href":"https:\/\/api.w.org\/{rel}","templated":true}]}}