{"id":88957,"date":"2025-12-29T15:09:05","date_gmt":"2025-12-29T15:09:05","guid":{"rendered":"https:\/\/www.europesays.com\/lv\/88957\/"},"modified":"2025-12-29T15:09:05","modified_gmt":"2025-12-29T15:09:05","slug":"ziemassvetku-brivdienas-austrumu-slimnica-noverots-neierasti-liels-pacientu-piepludums","status":"publish","type":"post","link":"https:\/\/www.europesays.com\/lv\/88957\/","title":{"rendered":"Ziemassv\u0113tku br\u012bvdien\u0101s Austrumu slimn\u012bc\u0101 nov\u0113rots neierasti liels pacientu piepl\u016bdums"},"content":{"rendered":"<p>Gad\u012bjumos, kad p\u0113k\u0161\u0146i pacientiem \u0161\u012bs z\u0101les izbeidzas, tiek izsaukts Neatliekam\u0101s medic\u012bnisk\u0101s pal\u012bdz\u012bbas dienests (NMPD). Vair\u0101kas dienas nelietojot regul\u0101ri nepiecie\u0161am\u0101s z\u0101les, \u0161o pacientu st\u0101voklis nereti pasliktin\u0101s, k\u0101 rezult\u0101t\u0101 n\u0101kas slimn\u012bc\u0101 sniegt neatliekamo pal\u012bdz\u012bbu, skaidroja Vi\u0161\u0146akovs.<\/p>\n<p>\u0160ogad sal\u012bdzino\u0161i maz\u0101k nek\u0101 parasti \u0161aj\u0101 period\u0101 fiks\u0113tas traumas vai nelaimes gad\u012bjumi. To speci\u0101lists saista ar laikapst\u0101k\u013ciem, v\u0113tru, kas, iesp\u0113jams, likusi iedz\u012bvot\u0101jiem izvair\u012bties no do\u0161an\u0101s \u0101rpus m\u0101j\u0101m.<\/p>\n<p>Traumpunkt\u0101 piecu dienu laik\u0101 v\u0113rsies 221 pacients, un smagas politraumas nav konstat\u0113tas, l\u012bdz ar to traumatisma zi\u0146\u0101 Ziemassv\u0113tku br\u012bvdienas aizvad\u012btas mier\u012bgi, vi\u0146\u0161 v\u0113rt\u0113ja.<\/p>\n<p>L\u012bdztekus slimn\u012bc\u0101 izj\u016bt gripas epid\u0113mijas ietekmi. Pacienti ar hronisk\u0101m slim\u012bb\u0101m, kas ir infic\u0113ju\u0161ies ar gripu, \u012bpa\u0161i nevakcin\u0113ti cilv\u0113ki, slimn\u012bc\u0101 non\u0101k diezgan smag\u0101 st\u0101vokl\u012b. Lai lab\u0101k organiz\u0113tu papildu pacientu piepl\u016bdumu saist\u012bb\u0101 ar gripu, slimn\u012bc\u0101 Ziemassv\u0113tku br\u012bvdienu period\u0101 tika atv\u0113rti ar\u012b papildu poste\u0146i, jo darba bijis daudz, atz\u012bm\u0113ja Vi\u0161\u0146akovs.<\/p>\n<p>Vi\u0146\u0161 aicina iedz\u012bvot\u0101jus, kam ikdien\u0101 nepiecie\u0161ams regul\u0101ri lietot k\u0101dus medikamentus, savlaic\u012bgi nodro\u0161in\u0101t to kr\u0101jumus, lai ar\u012b turpm\u0101k gaid\u0101mo br\u012bvdienu period\u0101 medikamenti neaptr\u016bktos.<\/p>\n<p>L\u012bdztekus iedz\u012bvot\u0101jus aicina, ja iesp\u0113jams, ar viegl\u0101m v\u012brusa izpausm\u0113m, tom\u0113r nedodies uz slimn\u012bcu ar sabiedrisko transportu, lai t\u0101d\u0113j\u0101di neinfic\u0113tu citus apk\u0101rt\u0113jos.<\/p>\n<p>&#8220;Gripa \u0161ogad ir \u013coti nikna &#8211; ar\u012b \u0161or\u012bt bijis liels pacientu piepl\u016bdums,&#8221; nor\u0101d\u012bja Vi\u0161\u0146akovs. Vi\u0146\u0161 v\u0113lreiz uzsv\u0113ra, ka pacientu piepl\u016bdums slimn\u012bc\u0101 ir intens\u012bvs. Daudzi iedz\u012bvot\u0101ji ierodas ar \u0161odien izsniegtiem \u0123imenes \u0101rstu nos\u016bt\u012bjumiem visp\u0101r\u0113jai p\u0101rbaudei, zinot, ka n\u0101kam\u0101 iesp\u0113ja b\u016bs tikai aptuveni p\u0113c ned\u0113\u013cas, vi\u0146\u0161 st\u0101st\u012bja.<\/p>\n","protected":false},"excerpt":{"rendered":"Gad\u012bjumos, kad p\u0113k\u0161\u0146i pacientiem \u0161\u012bs z\u0101les izbeidzas, tiek izsaukts Neatliekam\u0101s medic\u012bnisk\u0101s pal\u012bdz\u012bbas dienests (NMPD). Vair\u0101kas dienas nelietojot regul\u0101ri&hellip;\n","protected":false},"author":2,"featured_media":88958,"comment_status":"","ping_status":"","sticky":false,"template":"","format":"standard","meta":{"footnotes":""},"categories":[12],"tags":[23,28,29,32,33,22,30,31,35,39,38,36,37,34,40,20,26,27,14035,22583,24,25,21],"class_list":{"0":"post-88957","1":"post","2":"type-post","3":"status-publish","4":"format-standard","5":"has-post-thumbnail","7":"category-latvija","8":"tag-aktualitates","9":"tag-breaking-news","10":"tag-breakingnews","11":"tag-featured-news","12":"tag-featurednews","13":"tag-headlines","14":"tag-latest-news","15":"tag-latestnews","16":"tag-latvia","17":"tag-latvian","18":"tag-latviesu","19":"tag-latviesu-valoda","20":"tag-latviesuvaloda","21":"tag-latvija","22":"tag-lv","23":"tag-news","24":"tag-popularakas-zinas","25":"tag-popularakaszinas","26":"tag-rakus","27":"tag-rigas-austrumu-kliniskas-universitates-slimnica","28":"tag-top-stories","29":"tag-topstories","30":"tag-zinas"},"share_on_mastodon":{"url":"https:\/\/pubeurope.com\/@lv\/115803492527073229","error":""},"_links":{"self":[{"href":"https:\/\/www.europesays.com\/lv\/wp-json\/wp\/v2\/posts\/88957","targetHints":{"allow":["GET"]}}],"collection":[{"href":"https:\/\/www.europesays.com\/lv\/wp-json\/wp\/v2\/posts"}],"about":[{"href":"https:\/\/www.europesays.com\/lv\/wp-json\/wp\/v2\/types\/post"}],"author":[{"embeddable":true,"href":"https:\/\/www.europesays.com\/lv\/wp-json\/wp\/v2\/users\/2"}],"replies":[{"embeddable":true,"href":"https:\/\/www.europesays.com\/lv\/wp-json\/wp\/v2\/comments?post=88957"}],"version-history":[{"count":0,"href":"https:\/\/www.europesays.com\/lv\/wp-json\/wp\/v2\/posts\/88957\/revisions"}],"wp:featuredmedia":[{"embeddable":true,"href":"https:\/\/www.europesays.com\/lv\/wp-json\/wp\/v2\/media\/88958"}],"wp:attachment":[{"href":"https:\/\/www.europesays.com\/lv\/wp-json\/wp\/v2\/media?parent=88957"}],"wp:term":[{"taxonomy":"category","embeddable":true,"href":"https:\/\/www.europesays.com\/lv\/wp-json\/wp\/v2\/categories?post=88957"},{"taxonomy":"post_tag","embeddable":true,"href":"https:\/\/www.europesays.com\/lv\/wp-json\/wp\/v2\/tags?post=88957"}],"curies":[{"name":"wp","href":"https:\/\/api.w.org\/{rel}","templated":true}]}}