{"id":8898,"date":"2025-09-30T14:24:22","date_gmt":"2025-09-30T14:24:22","guid":{"rendered":"https:\/\/www.europesays.com\/lv\/8898\/"},"modified":"2025-09-30T14:24:22","modified_gmt":"2025-09-30T14:24:22","slug":"latvijas-izlases-hokejists-ravinskis-nosutits-uz-canucks-farmklubu","status":"publish","type":"post","link":"https:\/\/www.europesays.com\/lv\/8898\/","title":{"rendered":"Latvijas izlases hokejists Ravinskis nos\u016bt\u012bts uz &#8220;Canucks&#8221; f\u0101rmklubu"},"content":{"rendered":"<p>Nacion\u0101l\u0101s hokeja l\u012bgas (NHL) vien\u012bba Vank\u016bveras &#8220;Canucks&#8221; pirmdien uz t\u0101s f\u0101rmklubu Amerikas hokeja l\u012bg\u0101 (AHL) nos\u016bt\u012bja Latvijas izlases uzbruc\u0113ju Anr\u012b Ravinski.<\/p>\n<p>22 gadus vecais Ravinskis ar &#8220;Canucks&#8221; vien\u012bbu maij\u0101 nosl\u0113dza divu gadu divvirzienu l\u012bgumu un jauno sezonu uzs\u0101ks Ebotsfordas &#8220;Canucks&#8221; rind\u0101s AHL.<\/p>\n<p>Kopum\u0101 no pirm\u0101s komandas treni\u0146nometnes atskait\u012bti 16 sp\u0113l\u0113t\u0101ji.<\/p>\n<p>Ravinskis &#8220;Canucks&#8221; sast\u0101v\u0101 nevienu p\u0101rbaudes sp\u0113li neaizvad\u012bja.<\/p>\n<p>&#8220;Canucks&#8221; rind\u0101s palicis latvie\u0161u uzbruc\u0113js Teodors B\u013cugers, kur\u0161 l\u012bdz \u0161im piedal\u012bjies div\u0101s no \u010detr\u0101m p\u0101rbaudes sp\u0113l\u0113m.<\/p>\n<p>NHL pirmssezonas p\u0101rbaudes sp\u0113les norisin\u0101sies l\u012bdz 4.oktobrim, bet regul\u0101rais \u010dempion\u0101ts s\u0101ksies 7.oktobr\u012b. Savuk\u0101rt AHL turn\u012bra s\u0101kums paredz\u0113ts 10.oktobr\u012b.<\/p>\n<p><a target=\"_blank\" href=\"https:\/\/twitter.com\/Canucks\/status\/1972743534378946839\" rel=\"nofollow noopener\">https:\/\/twitter.com\/Canucks\/status\/1972743534378946839<\/a><\/p>\n<p><img decoding=\"async\" src=\"https:\/\/www.europesays.com\/lv\/wp-content\/uploads\/2025\/09\/c7ca8bf4fc63dab29303c1f840afd773.png\" title=\"Anr\u012b Ravinskis. Foto: Edijs P\u0101lens\/LETA\" alt=\"Anr\u012b Ravinskis. Foto: Edijs P\u0101lens\/LETA\"\/><\/p>\n<p class=\"article-img-desc\">Anr\u012b Ravinskis. Foto: Edijs P\u0101lens\/LETA<\/p>\n<p><script async src=\"https:\/\/platform.twitter.com\/widgets.js\" charset=\"utf-8\"><\/script><\/p>\n","protected":false},"excerpt":{"rendered":"Nacion\u0101l\u0101s hokeja l\u012bgas (NHL) vien\u012bba Vank\u016bveras &#8220;Canucks&#8221; pirmdien uz t\u0101s f\u0101rmklubu Amerikas hokeja l\u012bg\u0101 (AHL) nos\u016bt\u012bja Latvijas izlases&hellip;\n","protected":false},"author":2,"featured_media":8899,"comment_status":"","ping_status":"","sticky":false,"template":"","format":"standard","meta":{"footnotes":""},"categories":[17],"tags":[129,1136,126,35,39,38,36,37,34,40,1137,127,67,1138,128],"class_list":{"0":"post-8898","1":"post","2":"type-post","3":"status-publish","4":"format-standard","5":"has-post-thumbnail","7":"category-sports","8":"tag-__typenameadvicekeyword","9":"tag-id220","10":"tag-id770","11":"tag-latvia","12":"tag-latvian","13":"tag-latviesu","14":"tag-latviesu-valoda","15":"tag-latviesuvaloda","16":"tag-latvija","17":"tag-lv","18":"tag-slughokejs","19":"tag-slugsports","20":"tag-sports","21":"tag-titlehokejs","22":"tag-titlesports"},"share_on_mastodon":{"url":"","error":""},"_links":{"self":[{"href":"https:\/\/www.europesays.com\/lv\/wp-json\/wp\/v2\/posts\/8898","targetHints":{"allow":["GET"]}}],"collection":[{"href":"https:\/\/www.europesays.com\/lv\/wp-json\/wp\/v2\/posts"}],"about":[{"href":"https:\/\/www.europesays.com\/lv\/wp-json\/wp\/v2\/types\/post"}],"author":[{"embeddable":true,"href":"https:\/\/www.europesays.com\/lv\/wp-json\/wp\/v2\/users\/2"}],"replies":[{"embeddable":true,"href":"https:\/\/www.europesays.com\/lv\/wp-json\/wp\/v2\/comments?post=8898"}],"version-history":[{"count":0,"href":"https:\/\/www.europesays.com\/lv\/wp-json\/wp\/v2\/posts\/8898\/revisions"}],"wp:featuredmedia":[{"embeddable":true,"href":"https:\/\/www.europesays.com\/lv\/wp-json\/wp\/v2\/media\/8899"}],"wp:attachment":[{"href":"https:\/\/www.europesays.com\/lv\/wp-json\/wp\/v2\/media?parent=8898"}],"wp:term":[{"taxonomy":"category","embeddable":true,"href":"https:\/\/www.europesays.com\/lv\/wp-json\/wp\/v2\/categories?post=8898"},{"taxonomy":"post_tag","embeddable":true,"href":"https:\/\/www.europesays.com\/lv\/wp-json\/wp\/v2\/tags?post=8898"}],"curies":[{"name":"wp","href":"https:\/\/api.w.org\/{rel}","templated":true}]}}