{"id":88982,"date":"2025-12-29T15:29:13","date_gmt":"2025-12-29T15:29:13","guid":{"rendered":"https:\/\/www.europesays.com\/lv\/88982\/"},"modified":"2025-12-29T15:29:13","modified_gmt":"2025-12-29T15:29:13","slug":"ko-varesim-redzet-televizija-gadumija-viss-par-izklaidi-pirms-un-pec-pusnakts-santa","status":"publish","type":"post","link":"https:\/\/www.europesays.com\/lv\/88982\/","title":{"rendered":"Ko var\u0113sim redz\u0113t telev\u012bzij\u0101 gadumij\u0101? Viss par izklaidi pirms un p\u0113c pusnakts \u2014 Santa"},"content":{"rendered":"<p>TV3 pulksten asto\u0146os pied\u0101v\u0101s 2025. gada z\u012bm\u012bg\u0101ko notikumu apskatu, LTV1 taj\u0101 pa\u0161\u0101 laik\u0101, k\u0101 ierasts, \u2013 Panor\u0101ma. Apm\u0113ram taj\u0101 pa\u0161\u0101 laik\u0101 p\u0113c zi\u0146u p\u0101rraid\u0113m svin\u0113t\u0101ju m\u0101j\u0101s ierad\u012bsies kr\u0101\u0161\u0146i un ko\u0161i priek\u0161nesumi \u2013 <a data-id=\"124830\" href=\"https:\/\/www.santa.lv\/tema\/124830\/ltv?utm_source=internal&amp;utm_medium=article&amp;utm_campaign=theme_link\" target=\"_blank\" rel=\"nofollow noopener\">LTV<\/a> savu skat\u012bt\u0101ju izklaidei sagatavojusi \u0161ova\u00a0P\u0101rdziedi mani! \u012bpa\u0161\u0101ku izlaidumu.<\/p>\n<p>Taj\u0101 kop\u0101 ar \u0161ova pirm\u0101s un otr\u0101s sezonas dal\u012bbniekiem, k\u0101 ar\u012b spilgtiem viesm\u0101ksliniekiem tiks lauztas ierast\u0101s muzik\u0101l\u0101s robe\u017eas un mekl\u0113ta jauna, m\u016bsdien\u012bga Vecgada dziesma.\u00a0Vakars sol\u0101s b\u016bt piepild\u012bts ar p\u0101rsteigumiem, \u017eanru mai\u0146\u0101m, negaid\u012btiem m\u0101kslinieku salikumiem un jaud\u012bgiem priek\u0161nesumiem, \u013caujot ar m\u016bziku un sv\u0113tku noska\u0146u p\u0101rdzied\u0101t aizejo\u0161o 2025. gadu un ieskandin\u0101t 2026. gadu. Skat\u012bt\u0101ji dzird\u0113s Latvijas un pasaules liel\u0101kos hitus pavisam svaigos izpild\u012bjumos un muzik\u0101laj\u0101s apvien\u012bb\u0101s. Par kop\u0113jo vakara noska\u0146u r\u016bp\u0113sies Fredis un Marija Naumova, k\u0101 ar\u012b citas spilgtas un iem\u012b\u013cotas person\u012bbas.<\/p>\n<p>\u00ab\u0145emot v\u0113r\u0101, cik pla\u0161u atsauc\u012bbu skat\u012bt\u0101ju vid\u016b guvis \u0161ovs P\u0101rdziedi mani!, esam sagatavoju\u0161i \u012bpa\u0161u p\u0101rsteigumu \u2013 kr\u0101\u0161\u0146u Vecgada vakara speci\u0101lizlaidumu. Ikvienam, kur\u0161 Vecgada vakar\u0101 b\u016bs pie ekr\u0101niem, \u0161is \u0161ovs sol\u0101s k\u013c\u016bt par neaizmirstamu emociju, smieklu un p\u0101rsteigumu pilnu piedz\u012bvojumu, kas neliks vilties nevienam,\u00bb port\u0101lam santa.lv\u00a0teic LTV Raid\u012bjumu da\u013cas direktore Inese Kublicka-Petrovi\u010da.<\/p>\n<p>Savuk\u0101rt <a data-id=\"124873\" href=\"https:\/\/www.santa.lv\/tema\/124873\/tv3?utm_source=internal&amp;utm_medium=article&amp;utm_campaign=theme_link\" target=\"_blank\" rel=\"nofollow noopener\">TV3<\/a> skat\u012bt\u0101ji ap 21.30 var\u0113s \u013cauties izklaid\u0113jo\u0161ai p\u0101rraidei pirms un p\u0113c pusnakts\u00a0&#8211; telev\u012bzija sagatavojusi \u0161ovu N\u0101kamais b\u016bs v\u0113l lab\u0101ks!\u00a0Vecgada vakara \u0161ovs ierakst\u012bts Jelgav\u0101\u00a0Zemgales Olimpiskaj\u0101 centr\u0101 27. decembra vakar\u0101. \u0160ovu vad\u012bs radio STAR FM person\u012bbas J\u0101nis Romanovskis, Baiba Sipeniece-Gavare, Egons Reiters, Maija Roz\u012bte, R\u016bta Dvinska, M\u0101rti\u0146\u0161 Spuris, Oskars Lepers, M\u0101ris Grigalis, pirmo reizi Vecgada \u0161ov\u0101 uz vienas skatuves apvienojot asto\u0146us vad\u012bt\u0101jus.<\/p>\n<p>P\u0113c \u0161ova telev\u012bzija p\u0101rraid\u012bs premjeres Evikas Sili\u0146as un prezidenta Edgara Rink\u0113vi\u010da uzrunas Latvijas tautai, un tad \u0161ovs turpin\u0101sies.\u00a0<\/p>\n<p>Amatpersonu uzrunas, protams, izskan\u0113s ar\u012b LTV, bet\u00a0jau tr\u012bs min\u016btes p\u0113c pusnakts skat\u012bt\u0101ji var\u0113s baud\u012bt Jaungada sagaid\u012b\u0161anas koncertu Lai skan!\u00a0<\/p>\n<p>Straum\u0113\u0161anas platforma Go3 zi\u0146o, ka\u00a0tapis\u00a0raid\u012bjums Jaungada rasols,\u00a0kas\u00a0pied\u0101v\u0101s iesp\u0113ju 2026. gadu sagaid\u012bt\u00a0kop\u0101 ar da\u017e\u0101du raid\u012bjumu popul\u0101r\u0101kajiem dal\u012bbniekiem. Raid\u012bjumu vad\u012bs \u017eurn\u0101lists un m\u016bzi\u0137is \u0112riks Palkavnieks.\u00a0Jaungada rasol\u0101\u00a0piedal\u012bsies t\u0101das person\u012bbas k\u0101 Marsel\u012bno, Liene U\u0161akova ar v\u012bru Juri no \u0161ova Amors, Artis no Randi\u0146\u0161 ar div\u0101m, Raivo, Madars, Evel\u012bna un\u00a0Laura no Karsti. Kr\u0113ta,\u00a0k\u0101 ar\u012b citi.<\/p>\n<p>\u00a0<\/p>\n","protected":false},"excerpt":{"rendered":"TV3 pulksten asto\u0146os pied\u0101v\u0101s 2025. gada z\u012bm\u012bg\u0101ko notikumu apskatu, LTV1 taj\u0101 pa\u0161\u0101 laik\u0101, k\u0101 ierasts, \u2013 Panor\u0101ma. Apm\u0113ram&hellip;\n","protected":false},"author":2,"featured_media":88983,"comment_status":"","ping_status":"","sticky":false,"template":"","format":"standard","meta":{"footnotes":""},"categories":[12],"tags":[23,28,29,32,33,22,30,31,35,39,38,36,37,34,40,20,26,27,24,25,21],"class_list":{"0":"post-88982","1":"post","2":"type-post","3":"status-publish","4":"format-standard","5":"has-post-thumbnail","7":"category-latvija","8":"tag-aktualitates","9":"tag-breaking-news","10":"tag-breakingnews","11":"tag-featured-news","12":"tag-featurednews","13":"tag-headlines","14":"tag-latest-news","15":"tag-latestnews","16":"tag-latvia","17":"tag-latvian","18":"tag-latviesu","19":"tag-latviesu-valoda","20":"tag-latviesuvaloda","21":"tag-latvija","22":"tag-lv","23":"tag-news","24":"tag-popularakas-zinas","25":"tag-popularakaszinas","26":"tag-top-stories","27":"tag-topstories","28":"tag-zinas"},"share_on_mastodon":{"url":"https:\/\/pubeurope.com\/@lv\/115803571047065222","error":""},"_links":{"self":[{"href":"https:\/\/www.europesays.com\/lv\/wp-json\/wp\/v2\/posts\/88982","targetHints":{"allow":["GET"]}}],"collection":[{"href":"https:\/\/www.europesays.com\/lv\/wp-json\/wp\/v2\/posts"}],"about":[{"href":"https:\/\/www.europesays.com\/lv\/wp-json\/wp\/v2\/types\/post"}],"author":[{"embeddable":true,"href":"https:\/\/www.europesays.com\/lv\/wp-json\/wp\/v2\/users\/2"}],"replies":[{"embeddable":true,"href":"https:\/\/www.europesays.com\/lv\/wp-json\/wp\/v2\/comments?post=88982"}],"version-history":[{"count":0,"href":"https:\/\/www.europesays.com\/lv\/wp-json\/wp\/v2\/posts\/88982\/revisions"}],"wp:featuredmedia":[{"embeddable":true,"href":"https:\/\/www.europesays.com\/lv\/wp-json\/wp\/v2\/media\/88983"}],"wp:attachment":[{"href":"https:\/\/www.europesays.com\/lv\/wp-json\/wp\/v2\/media?parent=88982"}],"wp:term":[{"taxonomy":"category","embeddable":true,"href":"https:\/\/www.europesays.com\/lv\/wp-json\/wp\/v2\/categories?post=88982"},{"taxonomy":"post_tag","embeddable":true,"href":"https:\/\/www.europesays.com\/lv\/wp-json\/wp\/v2\/tags?post=88982"}],"curies":[{"name":"wp","href":"https:\/\/api.w.org\/{rel}","templated":true}]}}