{"id":88984,"date":"2025-12-29T15:30:17","date_gmt":"2025-12-29T15:30:17","guid":{"rendered":"https:\/\/www.europesays.com\/lv\/88984\/"},"modified":"2025-12-29T15:30:17","modified_gmt":"2025-12-29T15:30:17","slug":"riga-veidos-jaunu-dienas-aprupes-centru-berniem-ar-kustibu-traucejumiem","status":"publish","type":"post","link":"https:\/\/www.europesays.com\/lv\/88984\/","title":{"rendered":"R\u012bg\u0101 veidos jaunu dienas apr\u016bpes centru b\u0113rniem ar kust\u012bbu trauc\u0113jumiem"},"content":{"rendered":"<p>Centrs atrad\u012bsies R\u012bg\u0101, S\u0113lpils iel\u0101 2C, &#8220;Ziedot.lv&#8221; \u012bpa\u0161um\u0101 eso\u0161\u0101 kopienas atbalsta centra teritorij\u0101.<\/p>\n<p>Projekt\u0101 pl\u0101nots uzb\u016bv\u0113t jaunu, b\u0113rniem piln\u012bb\u0101 piel\u0101gotu pieb\u016bvi ar multisensoro istabu, telp\u0101m rado\u0161\u0101m darbn\u012bc\u0101m, atp\u016btas zonu un labiek\u0101rtotu \u0101rtelpu. \u012apa\u0161a uzman\u012bba paredz\u0113ta ar\u012b inovat\u012bvu digit\u0101lo un tehnolo\u0123isko risin\u0101jumu izmanto\u0161anai \u0101rstniec\u012bbas un soci\u0101l\u0101s rehabilit\u0101cijas nodarb\u012bb\u0101s.<\/p>\n<p>Projekta \u012bsteno\u0161anai organiz\u0101cija sa\u0146\u0113musi &#8220;Eiropas Soci\u0101l\u0101 fonda Plus&#8221; (ESF+) finans\u0113jumu, kas \u013caus n\u0101kamaj\u0101 gad\u0101 s\u0101kt centra b\u016bvniec\u012bbu. Projekts tiek \u012bstenots ar ESF+ atbalstu un t\u0101 kop\u0113jais bud\u017eets ir 2,04 miljoni eiro, no kuriem 85% veido ESF+ finans\u0113jums, bet &#8220;Ziedot.lv&#8221; l\u012bdzfinans\u0113jums ir 306 030 eiro jeb 15%.<\/p>\n<p>Pl\u0101nots, ka centrs nodro\u0161in\u0101s b\u0113rniem uzraudz\u012bbu, individu\u0101lu atbalstu, rado\u0161as un att\u012bsto\u0161as nodarb\u012bbas, pal\u012bdz\u012bbu pa\u0161apr\u016bp\u0113, k\u0101 ar\u012b iesp\u0113ju att\u012bst\u012bt patst\u0101v\u012bgas funkcion\u0113\u0161anas prasmes.<\/p>\n<p>Dienas apr\u016bpes centrs paredz\u0113ts ar\u012b k\u0101 atbalsts \u0123imen\u0113m, kuru b\u0113rni no Latvijas re\u0123ioniem ilgsto\u0161i uzturas R\u012bg\u0101 rehabilit\u0101cijas laik\u0101. \u0160aj\u0101 period\u0101 b\u0113rni nereti saskaras ar soci\u0101lo izol\u0101ciju, savuk\u0101rt vec\u0101kiem nepiecie\u0161ams atelpas br\u012bdis un dro\u0161a vide b\u0113rna pieskat\u012b\u0161anai, ko nodro\u0161in\u0101s dienas apr\u016bpes centra pakalpojumi, skaidro organiz\u0101cij\u0101.<\/p>\n<p>Dienas apr\u016bpes centra &#8220;Oga&#8221; m\u0113r\u0137is ir palielin\u0101t sabiedr\u012bb\u0101 balst\u012btu soci\u0101lo pakalpojumu pieejam\u012bbu, nodro\u0161inot 20 vietas b\u0113rniem ar neirolo\u0123iskiem kust\u012bbu trauc\u0113jumiem un sniedzot dienas apr\u016bpes pakalpojumu 24 m\u0113ne\u0161u garum\u0101.<\/p>\n<p>2015. gada janv\u0101r\u012b ar labdar\u012bbas organiz\u0101cijas &#8220;Ziedot.lv&#8221; atbalstu tika izveidots rehabilit\u0101cijas centrs b\u0113rniem &#8220;Poga&#8221;.<\/p>\n","protected":false},"excerpt":{"rendered":"Centrs atrad\u012bsies R\u012bg\u0101, S\u0113lpils iel\u0101 2C, &#8220;Ziedot.lv&#8221; \u012bpa\u0161um\u0101 eso\u0161\u0101 kopienas atbalsta centra teritorij\u0101. Projekt\u0101 pl\u0101nots uzb\u016bv\u0113t jaunu, b\u0113rniem&hellip;\n","protected":false},"author":2,"featured_media":88985,"comment_status":"","ping_status":"","sticky":false,"template":"","format":"standard","meta":{"footnotes":""},"categories":[5],"tags":[23,28,29,32,33,22,30,31,35,39,38,36,37,34,40,20,26,27,382,24,25,3198,21],"class_list":{"0":"post-88984","1":"post","2":"type-post","3":"status-publish","4":"format-standard","5":"has-post-thumbnail","7":"category-aktualitates","8":"tag-aktualitates","9":"tag-breaking-news","10":"tag-breakingnews","11":"tag-featured-news","12":"tag-featurednews","13":"tag-headlines","14":"tag-latest-news","15":"tag-latestnews","16":"tag-latvia","17":"tag-latvian","18":"tag-latviesu","19":"tag-latviesu-valoda","20":"tag-latviesuvaloda","21":"tag-latvija","22":"tag-lv","23":"tag-news","24":"tag-popularakas-zinas","25":"tag-popularakaszinas","26":"tag-sabiedriba","27":"tag-top-stories","28":"tag-topstories","29":"tag-ziedot-lv","30":"tag-zinas"},"share_on_mastodon":{"url":"https:\/\/pubeurope.com\/@lv\/115803575030691895","error":""},"_links":{"self":[{"href":"https:\/\/www.europesays.com\/lv\/wp-json\/wp\/v2\/posts\/88984","targetHints":{"allow":["GET"]}}],"collection":[{"href":"https:\/\/www.europesays.com\/lv\/wp-json\/wp\/v2\/posts"}],"about":[{"href":"https:\/\/www.europesays.com\/lv\/wp-json\/wp\/v2\/types\/post"}],"author":[{"embeddable":true,"href":"https:\/\/www.europesays.com\/lv\/wp-json\/wp\/v2\/users\/2"}],"replies":[{"embeddable":true,"href":"https:\/\/www.europesays.com\/lv\/wp-json\/wp\/v2\/comments?post=88984"}],"version-history":[{"count":0,"href":"https:\/\/www.europesays.com\/lv\/wp-json\/wp\/v2\/posts\/88984\/revisions"}],"wp:featuredmedia":[{"embeddable":true,"href":"https:\/\/www.europesays.com\/lv\/wp-json\/wp\/v2\/media\/88985"}],"wp:attachment":[{"href":"https:\/\/www.europesays.com\/lv\/wp-json\/wp\/v2\/media?parent=88984"}],"wp:term":[{"taxonomy":"category","embeddable":true,"href":"https:\/\/www.europesays.com\/lv\/wp-json\/wp\/v2\/categories?post=88984"},{"taxonomy":"post_tag","embeddable":true,"href":"https:\/\/www.europesays.com\/lv\/wp-json\/wp\/v2\/tags?post=88984"}],"curies":[{"name":"wp","href":"https:\/\/api.w.org\/{rel}","templated":true}]}}