{"id":88988,"date":"2025-12-29T15:35:26","date_gmt":"2025-12-29T15:35:26","guid":{"rendered":"https:\/\/www.europesays.com\/lv\/88988\/"},"modified":"2025-12-29T15:35:26","modified_gmt":"2025-12-29T15:35:26","slug":"uz-24-stundam-slegs-vecpilsetas-laukumu-shema-jekabpils-laiks-jekabpils-zinas","status":"publish","type":"post","link":"https:\/\/www.europesays.com\/lv\/88988\/","title":{"rendered":"Uz 24 stund\u0101m sl\u0113gs Vecpils\u0113tas laukumu (SH\u0112MA) \/ J\u0113kabpils Laiks: J\u0113kabpils zi\u0146as"},"content":{"rendered":"<p>Sakar\u0101 ar Gadumijas svin\u012bb\u0101m J\u0113kabpil\u012b, no 31. decembra pulksten 6.00 l\u012bdz 1. janv\u0101ra pulksten 6.00 Vecpils\u0113tas laukums b\u016bs sl\u0113gts satiksmei. T\u0101pat da\u013c\u0113ji tiks ierobe\u017eota kust\u012bba uz P\u013cavi\u0146u ielas un Daugavas aizsargdambja laik\u0101 no pulksten 19.00 l\u012bdz 1.00.<\/p>\n<p><a rel=\"group\" class=\"lightbox content-image content-img-auto-gen\" title=\"\" href=\"https:\/\/www.europesays.com\/lv\/wp-content\/uploads\/2025\/12\/1681029524705a1.jpg\"><img decoding=\"async\" alt=\"\" src=\"https:\/\/www.europesays.com\/lv\/wp-content\/uploads\/2025\/12\/1681029524705a1.jpg\" style=\"width: 900px; height: 636px;\" class=\"img-fluid\"\/><\/a><\/p>\n<p>Gadumijas svin\u012bbas norisin\u0101sies Vecpils\u0113tas laukum\u0101, s\u0101kot no pulksten 23.00. Pulksten 23.30 paredz\u0113tas svin\u012bg\u0101s uzrunas, bet pulksten 00.05 debesis virs pils\u0113tas iemirdz\u0113sies ar Jaungada sal\u016btu. Organizatori iesaka ugu\u0146o\u0161anu v\u0113rot tie\u0161i no Vecpils\u0113tas laukuma, kur sv\u0113tku noska\u0146u papildin\u0101s muzik\u0101ls pavad\u012bjums.<\/p>\n<p>P\u0113c pusnakts svin\u012bbas turpin\u0101sies ar diskot\u0113ku l\u012bdz pulksten 2.00, par m\u016bziku r\u016bp\u0113sies DJ P\u0113teris Mui\u017enieks.<\/p>\n","protected":false},"excerpt":{"rendered":"Sakar\u0101 ar Gadumijas svin\u012bb\u0101m J\u0113kabpil\u012b, no 31. decembra pulksten 6.00 l\u012bdz 1. janv\u0101ra pulksten 6.00 Vecpils\u0113tas laukums b\u016bs&hellip;\n","protected":false},"author":2,"featured_media":88989,"comment_status":"","ping_status":"","sticky":false,"template":"","format":"standard","meta":{"footnotes":""},"categories":[12],"tags":[23,28,29,32,33,22,987,986,30,31,35,39,38,36,37,34,40,20,26,27,24,25,21],"class_list":{"0":"post-88988","1":"post","2":"type-post","3":"status-publish","4":"format-standard","5":"has-post-thumbnail","7":"category-latvija","8":"tag-aktualitates","9":"tag-breaking-news","10":"tag-breakingnews","11":"tag-featured-news","12":"tag-featurednews","13":"tag-headlines","14":"tag-jekabpils-zinas","15":"tag-jekabpilslaiks","16":"tag-latest-news","17":"tag-latestnews","18":"tag-latvia","19":"tag-latvian","20":"tag-latviesu","21":"tag-latviesu-valoda","22":"tag-latviesuvaloda","23":"tag-latvija","24":"tag-lv","25":"tag-news","26":"tag-popularakas-zinas","27":"tag-popularakaszinas","28":"tag-top-stories","29":"tag-topstories","30":"tag-zinas"},"share_on_mastodon":{"url":"https:\/\/pubeurope.com\/@lv\/115803594711203128","error":""},"_links":{"self":[{"href":"https:\/\/www.europesays.com\/lv\/wp-json\/wp\/v2\/posts\/88988","targetHints":{"allow":["GET"]}}],"collection":[{"href":"https:\/\/www.europesays.com\/lv\/wp-json\/wp\/v2\/posts"}],"about":[{"href":"https:\/\/www.europesays.com\/lv\/wp-json\/wp\/v2\/types\/post"}],"author":[{"embeddable":true,"href":"https:\/\/www.europesays.com\/lv\/wp-json\/wp\/v2\/users\/2"}],"replies":[{"embeddable":true,"href":"https:\/\/www.europesays.com\/lv\/wp-json\/wp\/v2\/comments?post=88988"}],"version-history":[{"count":0,"href":"https:\/\/www.europesays.com\/lv\/wp-json\/wp\/v2\/posts\/88988\/revisions"}],"wp:featuredmedia":[{"embeddable":true,"href":"https:\/\/www.europesays.com\/lv\/wp-json\/wp\/v2\/media\/88989"}],"wp:attachment":[{"href":"https:\/\/www.europesays.com\/lv\/wp-json\/wp\/v2\/media?parent=88988"}],"wp:term":[{"taxonomy":"category","embeddable":true,"href":"https:\/\/www.europesays.com\/lv\/wp-json\/wp\/v2\/categories?post=88988"},{"taxonomy":"post_tag","embeddable":true,"href":"https:\/\/www.europesays.com\/lv\/wp-json\/wp\/v2\/tags?post=88988"}],"curies":[{"name":"wp","href":"https:\/\/api.w.org\/{rel}","templated":true}]}}