{"id":88990,"date":"2025-12-29T15:36:16","date_gmt":"2025-12-29T15:36:16","guid":{"rendered":"https:\/\/www.europesays.com\/lv\/88990\/"},"modified":"2025-12-29T15:36:16","modified_gmt":"2025-12-29T15:36:16","slug":"42-gadu-vecuma-miris-saeimas-deputats-zelderis","status":"publish","type":"post","link":"https:\/\/www.europesays.com\/lv\/88990\/","title":{"rendered":"42 gadu vecum\u0101 miris Saeimas deput\u0101ts Zelderis"},"content":{"rendered":"<p class=\"lead\">\n                                P\u0113c ilgsto\u0161\u0101m vesel\u012bbas probl\u0113m\u0101m 42 gadu vecum\u0101 m\u016b\u017e\u012bb\u0101 aizg\u0101jis Saeimas deput\u0101ts Edgars Zelderis, apstiprina Saeimas Preses dienests.\n                            <\/p>\n<p>Edgars Zelderis dzimis 1983. gad\u0101. P\u0113c Talsu \u0123imn\u0101zijas absolv\u0113\u0161anas 2002. gad\u0101 vi\u0146\u0161 Latvijas Universit\u0101t\u0113 ieguva gan bakalaura, gan ma\u0123istra gr\u0101du ties\u012bbu zin\u0101tn\u0113s un profesion\u0101li str\u0101d\u0101ja k\u0101 zv\u0113rin\u0101ts advok\u0101ts.<\/p>\n<p>Politisko darb\u012bbu Zelderis s\u0101ka Talsos, kur izveidoja partiju &#8220;M\u0113s \u2014 Talsiem un novadam&#8221;. 2017. gada pa\u0161vald\u012bbu v\u0113l\u0113\u0161an\u0101s vi\u0146a vad\u012btais politiskais sp\u0113ks guva pan\u0101kumus, un Zelderis k\u013cuva par Talsu novada domes priek\u0161s\u0113d\u0113t\u0101ju, ta\u010du \u0161aj\u0101 amat\u0101 nostr\u0101d\u0101ja aptuveni gadu \u2014 2018. gada vasar\u0101 vi\u0146\u0161 tika atcelts un turpm\u0101k darboj\u0101s opoz\u012bcij\u0101.<\/p>\n<p>Ar\u012b 2021. gada pa\u0161vald\u012bbu v\u0113l\u0113\u0161an\u0101s Zelderis tika iev\u0113l\u0113ts Talsu novada dom\u0113, tom\u0113r v\u0113l\u0101k piev\u0113rs\u0101s darbam valsts m\u0113roga politik\u0101. Uz neilgu laiku vi\u0146a politisk\u0101 darb\u012bba bija saist\u012bta ar Jauno konservat\u012bvo partiju, kas 2021. gad\u0101 virz\u012bja Zelderi ties\u012bbsarga amatam, ta\u010du Saeimas atbalstu vi\u0146\u0161 toreiz nesa\u0146\u0113ma.<\/p>\n<p>2022. gada oktobr\u012b Zelderis start\u0113ja 14. Saeimas v\u0113l\u0113\u0161an\u0101s no partijas &#8220;Progres\u012bvie&#8221; saraksta un tika iev\u0113l\u0113ts k\u0101 vien\u012bgais \u0161\u012bs partijas deput\u0101ts no Kurzemes v\u0113l\u0113\u0161anu apgabala.<\/p>\n<p>2024. gada j\u016bnij\u0101 Zelderis pameta &#8220;Progres\u012bvo&#8221; Saeimas frakciju un turpin\u0101ja darbu k\u0101 pie frakcij\u0101m nepiedero\u0161s deput\u0101ts.<\/p>\n<blockquote>\n<p>Ilgsto\u0161o vesel\u012bbas probl\u0113mu d\u0113\u013c vi\u0146\u0161 Saeimas s\u0113d\u0113s piedal\u012bj\u0101s reti.<\/p>\n<\/blockquote>\n<p>Jau 2020. gad\u0101 Zelderis atk\u0101p\u0101s no partijas &#8220;M\u0113s \u2014 Talsiem un novadam&#8221; valdes priek\u0161s\u0113d\u0113t\u0101ja amata, bet \u0161\u0101 gada j\u016blij\u0101 atst\u0101ja ar\u012b partijas valdes locek\u013ca pien\u0101kumus.<\/p>\n<p>Saska\u0146\u0101 ar Centr\u0101l\u0101s v\u0113l\u0113\u0161anu komisijas sniegto inform\u0101ciju Zeldera deput\u0101ta mand\u0101ts pien\u0101kas Aizsardz\u012bbas ministrijas parlament\u0101rajai sekret\u0101rei Lienei G\u0101terei. L\u012bdz ar \u0161\u012bm izmai\u0146\u0101m paredzams, ka valdo\u0161\u0101s koal\u012bcijas balsu skaits Saeim\u0101 p\u0113c gadumijas pieaugs, savuk\u0101rt &#8220;Progres\u012bvo&#8221; frakcijai atkal b\u016bs par vienu balsi vair\u0101k, jo Zelderis koal\u012bcijas balsojumus parasti neatbalst\u012bja.<\/p>\n<p class=\"paragraph-muted\">Izv\u0113lies savu soct\u012bklu platformu, lai sekotu LASI.LV: <a href=\"https:\/\/www.facebook.com\/portals.lasi.lv\" target=\"_blank\" rel=\"noopener noreferrer nofollow\">Facebook<\/a>, <a href=\"https:\/\/twitter.com\/lasilvportals\" target=\"_blank\" rel=\"noopener noreferrer nofollow\">X<\/a>, <a href=\"https:\/\/bsky.app\/profile\/lasilv.bsky.social\" target=\"_blank\" rel=\"noopener noreferrer nofollow\">Bluesky<\/a>, <a href=\"https:\/\/www.draugiem.lv\/lasilv\/?pg=4\" target=\"_blank\" rel=\"noopener noreferrer nofollow\">Draugiem<\/a> vai ar\u012b <a href=\"https:\/\/www.instagram.com\/lasilv_zinas\/\" target=\"_blank\" rel=\"noopener noreferrer nofollow\">Instagram<\/a>. Pievienojies m\u016bsu las\u012bt\u0101ju pulkam, lai sa\u0146emtu \u012bpa\u0161i tev atlas\u012btu noder\u012bgu, praktisku un aktu\u0101lu saturu.\u00a0<\/p>\n<p style=\"margin-left:auto;\">Pieraksties LASI.LV redaktora v\u0113stkopai <a href=\"https:\/\/lasi.lv\/vestkopa\/lasi-lv-galvena-redaktora-vestkopa\" rel=\"nofollow noopener\" target=\"_blank\">\u0161eit<\/a>.<\/p>\n<p>Pieraksties v\u0113stkopai un divas reizes ned\u0113\u013c\u0101 sa\u0146em padzi\u013cin\u0101tu LASI.LV galven\u0101 redaktora aktu\u0101lo zi\u0146u, kompetentu viedok\u013cu un interesant\u0101ko interviju apkopojumu.<\/p>\n<p>Ko tu sa\u0146emsi:<\/p>\n<ul>\n<li>Daudzveid\u012bgus koment\u0101rus un kompetentus Latvijas Mediju \u017eurn\u0101listu un autoru viedok\u013cus par aktu\u0101lo<\/li>\n<li>Ekspertu koment\u0101rus par da\u017e\u0101diem praktiskiem, noder\u012bgiem tematiem<\/li>\n<li>Aizraujo\u0161us materi\u0101lus par v\u0113sturi, psiholo\u0123iju, kult\u016bru<\/li>\n<li>Gata \u0160\u013c\u016bkas karikat\u016bru<\/li>\n<li>Tav\u0101 e-pasta kast\u012bt\u0113 katru ceturtdienu<\/li>\n<\/ul>\n<p style=\"margin-left:auto;\">\u00a0<\/p>\n<p><script async src=\"https:\/\/platform.twitter.com\/widgets.js\" charset=\"utf-8\"><\/script><script async src=\"\/\/www.instagram.com\/embed.js\"><\/script><\/p>\n","protected":false},"excerpt":{"rendered":"P\u0113c ilgsto\u0161\u0101m vesel\u012bbas probl\u0113m\u0101m 42 gadu vecum\u0101 m\u016b\u017e\u012bb\u0101 aizg\u0101jis Saeimas deput\u0101ts Edgars Zelderis, apstiprina Saeimas Preses dienests. Edgars&hellip;\n","protected":false},"author":2,"featured_media":88991,"comment_status":"","ping_status":"","sticky":false,"template":"","format":"standard","meta":{"footnotes":""},"categories":[5],"tags":[23,28,29,32,33,22,30,31,35,39,38,36,37,34,40,20,26,27,24,25,21],"class_list":{"0":"post-88990","1":"post","2":"type-post","3":"status-publish","4":"format-standard","5":"has-post-thumbnail","7":"category-aktualitates","8":"tag-aktualitates","9":"tag-breaking-news","10":"tag-breakingnews","11":"tag-featured-news","12":"tag-featurednews","13":"tag-headlines","14":"tag-latest-news","15":"tag-latestnews","16":"tag-latvia","17":"tag-latvian","18":"tag-latviesu","19":"tag-latviesu-valoda","20":"tag-latviesuvaloda","21":"tag-latvija","22":"tag-lv","23":"tag-news","24":"tag-popularakas-zinas","25":"tag-popularakaszinas","26":"tag-top-stories","27":"tag-topstories","28":"tag-zinas"},"share_on_mastodon":{"url":"https:\/\/pubeurope.com\/@lv\/115803598618044120","error":""},"_links":{"self":[{"href":"https:\/\/www.europesays.com\/lv\/wp-json\/wp\/v2\/posts\/88990","targetHints":{"allow":["GET"]}}],"collection":[{"href":"https:\/\/www.europesays.com\/lv\/wp-json\/wp\/v2\/posts"}],"about":[{"href":"https:\/\/www.europesays.com\/lv\/wp-json\/wp\/v2\/types\/post"}],"author":[{"embeddable":true,"href":"https:\/\/www.europesays.com\/lv\/wp-json\/wp\/v2\/users\/2"}],"replies":[{"embeddable":true,"href":"https:\/\/www.europesays.com\/lv\/wp-json\/wp\/v2\/comments?post=88990"}],"version-history":[{"count":0,"href":"https:\/\/www.europesays.com\/lv\/wp-json\/wp\/v2\/posts\/88990\/revisions"}],"wp:featuredmedia":[{"embeddable":true,"href":"https:\/\/www.europesays.com\/lv\/wp-json\/wp\/v2\/media\/88991"}],"wp:attachment":[{"href":"https:\/\/www.europesays.com\/lv\/wp-json\/wp\/v2\/media?parent=88990"}],"wp:term":[{"taxonomy":"category","embeddable":true,"href":"https:\/\/www.europesays.com\/lv\/wp-json\/wp\/v2\/categories?post=88990"},{"taxonomy":"post_tag","embeddable":true,"href":"https:\/\/www.europesays.com\/lv\/wp-json\/wp\/v2\/tags?post=88990"}],"curies":[{"name":"wp","href":"https:\/\/api.w.org\/{rel}","templated":true}]}}