{"id":88996,"date":"2025-12-29T15:41:06","date_gmt":"2025-12-29T15:41:06","guid":{"rendered":"https:\/\/www.europesays.com\/lv\/88996\/"},"modified":"2025-12-29T15:41:06","modified_gmt":"2025-12-29T15:41:06","slug":"vietam-uz-latvijas-autoceliem-brauksana-ir-ipasi-apgrutinata","status":"publish","type":"post","link":"https:\/\/www.europesays.com\/lv\/88996\/","title":{"rendered":"Viet\u0101m uz Latvijas autoce\u013ciem brauk\u0161ana ir \u012bpa\u0161i apgr\u016btin\u0101ta"},"content":{"rendered":"<p class=\"descr\">Pirmdienas vakar\u0101 sniegs, putenis un apledojums daudzviet valst\u012b apgr\u016btina brauk\u0161anu pa valsts galvenajiem un re\u0123ion\u0101lajiem autoce\u013ciem. Slidenos un sniegotos ce\u013ca posmus t\u012bra un kaisa ar pretsl\u012bdes materi\u0101liem. Lai uzlabotu brauk\u0161anas apst\u0101k\u013cus, ce\u013cu uztur\u0113\u0161anas darbos iesaist\u012btas 196 ziemas dienesta tehnikas vien\u012bbas.<\/p>\n<p>\u012apa\u0161i apgr\u016btin\u0101ti brauk\u0161anas apst\u0101k\u013ci uz valsts galvenajiem autoce\u013ciem:<\/p>\n<ul>\n<li>Liep\u0101jas \u0161oseja (A9) posm\u0101 no Mazbl\u012bdenes l\u012bdz Ciecerei;<\/li>\n<\/ul>\n<p>Uz re\u0123ion\u0101lajiem autoce\u013ciem \u012bpa\u0161i apgr\u016btin\u0101ta brauk\u0161ana ir Saldus apk\u0101rtn\u0113<\/p>\n<p>Apgr\u016btin\u0101ti brauk\u0161anas apst\u0101k\u013ci uz valsts galvenajiem autoce\u013ciem:<\/p>\n<ul>\n<li>Tallinas \u0161oseja (A1) posm\u0101 no Ber\u0123iem l\u012bdz B\u012bri\u0146u pagriezienam un no Zvejniekciema stacijas l\u012bdz T\u016bjas krustojumam;<\/li>\n<li>Vidzemes \u0161oseja (A2) vis\u0101 posm\u0101;<\/li>\n<li>Valmieras \u0161oseja (A3) vis\u0101 posm\u0101;<\/li>\n<li>R\u012bgas apvedce\u013c\u0161 (A4) un (A5) vis\u0101 posm\u0101;<\/li>\n<li>Daugavpils \u0161oseja (A6) vis\u0101 posm\u0101;<\/li>\n<li>Bauskas \u0161oseja no Dzimtmisas l\u012bdz Grenct\u0101lei<\/li>\n<li>Jelgavas \u0161oseja (A8) vis\u0101 posm\u0101<\/li>\n<li>Liep\u0101jas \u0161oseja (A9) posm\u0101 no R\u012bgas l\u012bdz Anneniekiem un no Cieceres l\u012bdz Grobi\u0146ai;<\/li>\n<li>Ventspils \u0161oseja (A10) posm\u0101 no R\u012bgas l\u012bdz K\u016bdrai un no Tukuma l\u012bdz Ventspilij;<\/li>\n<li>R\u0113zeknes \u0161oseja (A12) vis\u0101 posm\u0101;<\/li>\n<li>autoce\u013c\u0161 Krievijas robe\u017ea (Greb\u0146eva) &#8211; R\u0113zekne &#8211; Daugavpils &#8211; Lietuvas robe\u017ea (Medumi) (A13) vis\u0101 posm\u0101;<\/li>\n<li>Daugavpils apvedce\u013c\u0161 (A14) vis\u0101 posm\u0101;<\/li>\n<li>R\u0113zeknes apvedce\u013c\u0161 (A15) vis\u0101 posm\u0101;<\/li>\n<li>\u0161oseja T\u012bn\u016b\u017ei-Koknese (P80) vis\u0101 posm\u0101.<\/li>\n<\/ul>\n<p>Uz re\u0123ion\u0101lajiem autoce\u013ciem apgr\u016btin\u0101ta brauk\u0161ana ir vis\u0101 Latvij\u0101 iz\u0146emot Gulbenes, Daugavpils un Tukuma apk\u0101rtn\u0113s.<\/p>\n<p>Uztur\u0113\u0161anas darbi tiek veikti priorit\u0101r\u0101 sec\u012bb\u0101, liel\u0101ko uzman\u012bbu piev\u0113r\u0161ot autoce\u013ciem kurus lieto liel\u0101kais lietot\u0101ju skaits.<\/p>\n<p>Autovad\u012bt\u0101jus aicina r\u0113\u0137in\u0101ties ar laikapst\u0101k\u013ciem, pl\u0101nojot braucienus, atv\u0113l\u0113t papildu laiku ce\u013cam, izv\u0113l\u0113ties brauk\u0161anas \u0101trumu, kas atbilst ce\u013cu seguma st\u0101voklim, k\u0101 ar\u012b dro\u0161u distanci.<\/p>\n<p>Ar brauk\u0161anas apst\u0101k\u013ciem valsts ce\u013cu t\u012bkl\u0101 ikviens var iepaz\u012bties kart\u0113 VSIA Latvijas Valsts ce\u013ci (LVC) m\u0101jaslap\u0101.<\/p>\n<p>Par apgr\u016btin\u0101tiem brauk\u0161anas apst\u0101k\u013ciem vai citiem ar satiksmi un ce\u013cu st\u0101vokli saist\u012btiem nov\u0113rojumiem nepiecie\u0161ams inform\u0113t VSIA &#8220;Latvijas Valsts ce\u013ci&#8221;, zvanot uz diennakts bezmaksas informat\u012bvo t\u0101lruni 80005555, k\u0101 ar\u012b uz\u0146\u0113muma kontos soci\u0101l\u0101s sazi\u0146as t\u012bklos X un Facebook. <\/p>\n<p>\t\t\t\t\t\tinfo<\/p>\n<p>Uzzini pirmais<br \/>kas interesants noticis Latvij\u0101 un pasaul\u0113,<br \/>pievienojoties mums <a href=\"https:\/\/t.me\/neatkariga\" rel=\"nofollow\">Telegram<\/a> vai <a href=\"https:\/\/whatsapp.com\/channel\/0029VaMLFUH5K3zLU5s4wm3y\" rel=\"nofollow noopener\" target=\"_blank\">Whatsapp<\/a> kan\u0101l\u0101<\/p>\n","protected":false},"excerpt":{"rendered":"Pirmdienas vakar\u0101 sniegs, putenis un apledojums daudzviet valst\u012b apgr\u016btina brauk\u0161anu pa valsts galvenajiem un re\u0123ion\u0101lajiem autoce\u013ciem. Slidenos un&hellip;\n","protected":false},"author":2,"featured_media":88997,"comment_status":"","ping_status":"","sticky":false,"template":"","format":"standard","meta":{"footnotes":""},"categories":[12],"tags":[23,28,29,32,33,22,30,31,35,39,38,36,37,34,40,20,26,27,24,25,21],"class_list":{"0":"post-88996","1":"post","2":"type-post","3":"status-publish","4":"format-standard","5":"has-post-thumbnail","7":"category-latvija","8":"tag-aktualitates","9":"tag-breaking-news","10":"tag-breakingnews","11":"tag-featured-news","12":"tag-featurednews","13":"tag-headlines","14":"tag-latest-news","15":"tag-latestnews","16":"tag-latvia","17":"tag-latvian","18":"tag-latviesu","19":"tag-latviesu-valoda","20":"tag-latviesuvaloda","21":"tag-latvija","22":"tag-lv","23":"tag-news","24":"tag-popularakas-zinas","25":"tag-popularakaszinas","26":"tag-top-stories","27":"tag-topstories","28":"tag-zinas"},"share_on_mastodon":{"url":"https:\/\/pubeurope.com\/@lv\/115803618214658352","error":""},"_links":{"self":[{"href":"https:\/\/www.europesays.com\/lv\/wp-json\/wp\/v2\/posts\/88996","targetHints":{"allow":["GET"]}}],"collection":[{"href":"https:\/\/www.europesays.com\/lv\/wp-json\/wp\/v2\/posts"}],"about":[{"href":"https:\/\/www.europesays.com\/lv\/wp-json\/wp\/v2\/types\/post"}],"author":[{"embeddable":true,"href":"https:\/\/www.europesays.com\/lv\/wp-json\/wp\/v2\/users\/2"}],"replies":[{"embeddable":true,"href":"https:\/\/www.europesays.com\/lv\/wp-json\/wp\/v2\/comments?post=88996"}],"version-history":[{"count":0,"href":"https:\/\/www.europesays.com\/lv\/wp-json\/wp\/v2\/posts\/88996\/revisions"}],"wp:featuredmedia":[{"embeddable":true,"href":"https:\/\/www.europesays.com\/lv\/wp-json\/wp\/v2\/media\/88997"}],"wp:attachment":[{"href":"https:\/\/www.europesays.com\/lv\/wp-json\/wp\/v2\/media?parent=88996"}],"wp:term":[{"taxonomy":"category","embeddable":true,"href":"https:\/\/www.europesays.com\/lv\/wp-json\/wp\/v2\/categories?post=88996"},{"taxonomy":"post_tag","embeddable":true,"href":"https:\/\/www.europesays.com\/lv\/wp-json\/wp\/v2\/tags?post=88996"}],"curies":[{"name":"wp","href":"https:\/\/api.w.org\/{rel}","templated":true}]}}