{"id":89068,"date":"2025-12-29T16:34:15","date_gmt":"2025-12-29T16:34:15","guid":{"rendered":"https:\/\/www.europesays.com\/lv\/89068\/"},"modified":"2025-12-29T16:34:15","modified_gmt":"2025-12-29T16:34:15","slug":"zelenskis-ludzis-trampam-sniegt-ukrainai-drosibas-garantijas-uz-30-50-gadiem-tramps-izteicies-par-krietni-isaku-laiku","status":"publish","type":"post","link":"https:\/\/www.europesays.com\/lv\/89068\/","title":{"rendered":"Zelenskis l\u016bdzis Trampam sniegt Ukrainai dro\u0161\u012bbas garantijas uz 30-50 gadiem. Tramps izteicies par krietni \u012bs\u0101ku laiku"},"content":{"rendered":"<p>Kijiva cer, ka &#8220;tuv\u0101kaj\u0101s dien\u0101s&#8221; Ukrain\u0101 notiks tik\u0161an\u0101s ar Eiropas un ASV amatperson\u0101m, lai izstr\u0101d\u0101tu dokumentus konflikta izbeig\u0161anai, sac\u012bja Zelenskis.\u00a0Vieno\u0161an\u0101s par kara izbeig\u0161anu &#8220;j\u0101paraksta Ukrainai, Krievijai, ASV un Eiropai&#8221;, vi\u0146\u0161 uzsv\u0113ra.\u00a0&#8220;Bez dro\u0161\u012bbas garantij\u0101m \u0161o karu nevar uzskat\u012bt par patiesi pabeigtu. M\u0113s nevaram atz\u012bt, ka tas ir beidzies, jo ar \u0161\u0101du kaimi\u0146u joproj\u0101m past\u0101v agresijas atjauno\u0161an\u0101s risks,&#8221; nor\u0101d\u012bja Zelenskis.<\/p>\n","protected":false},"excerpt":{"rendered":"Kijiva cer, ka &#8220;tuv\u0101kaj\u0101s dien\u0101s&#8221; Ukrain\u0101 notiks tik\u0161an\u0101s ar Eiropas un ASV amatperson\u0101m, lai izstr\u0101d\u0101tu dokumentus konflikta izbeig\u0161anai,&hellip;\n","protected":false},"author":2,"featured_media":89069,"comment_status":"","ping_status":"","sticky":false,"template":"","format":"standard","meta":{"footnotes":""},"categories":[14],"tags":[23,57,28,29,32,33,22,30,31,35,39,38,36,37,34,40,20,26,27,24,25,54,55,56,21,58],"class_list":{"0":"post-89068","1":"post","2":"type-post","3":"status-publish","4":"format-standard","5":"has-post-thumbnail","7":"category-zinas-no-arvalstim","8":"tag-aktualitates","9":"tag-arvalstim","10":"tag-breaking-news","11":"tag-breakingnews","12":"tag-featured-news","13":"tag-featurednews","14":"tag-headlines","15":"tag-latest-news","16":"tag-latestnews","17":"tag-latvia","18":"tag-latvian","19":"tag-latviesu","20":"tag-latviesu-valoda","21":"tag-latviesuvaloda","22":"tag-latvija","23":"tag-lv","24":"tag-news","25":"tag-popularakas-zinas","26":"tag-popularakaszinas","27":"tag-top-stories","28":"tag-topstories","29":"tag-world","30":"tag-world-news","31":"tag-worldnews","32":"tag-zinas","33":"tag-zinas-no-arvalstim"},"share_on_mastodon":{"url":"https:\/\/pubeurope.com\/@lv\/115803826630057769","error":""},"_links":{"self":[{"href":"https:\/\/www.europesays.com\/lv\/wp-json\/wp\/v2\/posts\/89068","targetHints":{"allow":["GET"]}}],"collection":[{"href":"https:\/\/www.europesays.com\/lv\/wp-json\/wp\/v2\/posts"}],"about":[{"href":"https:\/\/www.europesays.com\/lv\/wp-json\/wp\/v2\/types\/post"}],"author":[{"embeddable":true,"href":"https:\/\/www.europesays.com\/lv\/wp-json\/wp\/v2\/users\/2"}],"replies":[{"embeddable":true,"href":"https:\/\/www.europesays.com\/lv\/wp-json\/wp\/v2\/comments?post=89068"}],"version-history":[{"count":0,"href":"https:\/\/www.europesays.com\/lv\/wp-json\/wp\/v2\/posts\/89068\/revisions"}],"wp:featuredmedia":[{"embeddable":true,"href":"https:\/\/www.europesays.com\/lv\/wp-json\/wp\/v2\/media\/89069"}],"wp:attachment":[{"href":"https:\/\/www.europesays.com\/lv\/wp-json\/wp\/v2\/media?parent=89068"}],"wp:term":[{"taxonomy":"category","embeddable":true,"href":"https:\/\/www.europesays.com\/lv\/wp-json\/wp\/v2\/categories?post=89068"},{"taxonomy":"post_tag","embeddable":true,"href":"https:\/\/www.europesays.com\/lv\/wp-json\/wp\/v2\/tags?post=89068"}],"curies":[{"name":"wp","href":"https:\/\/api.w.org\/{rel}","templated":true}]}}