{"id":89070,"date":"2025-12-29T16:38:18","date_gmt":"2025-12-29T16:38:18","guid":{"rendered":"https:\/\/www.europesays.com\/lv\/89070\/"},"modified":"2025-12-29T16:38:18","modified_gmt":"2025-12-29T16:38:18","slug":"asv-koledzu-izlase-ieklust-spenglera-kauss-pusfinala-ar-latvijas-hokejista-lavina-piedalisanos-lente-lv-2","status":"publish","type":"post","link":"https:\/\/www.europesays.com\/lv\/89070\/","title":{"rendered":"ASV Koled\u017eu Izlase Iek\u013c\u016bst \u0160penglera Kauss Pusfin\u0101l\u0101 Ar Latvijas Hokejista Lavi\u0146a Piedal\u012b\u0161anos\u00a0\u2014\u00a0Lente.lv"},"content":{"rendered":"<p>ASV Koled\u017eu Izlase Nodro\u0161ina Vietu Pusfin\u0101l\u0101<\/p>\n<p>ASV Nacion\u0101l\u0101s koled\u017eu sporta asoci\u0101cijas (NCAA) vienot\u0101 komanda, kuras sast\u0101v\u0101 sp\u0113l\u0113 ar\u012b Latvijas hokejists Martins Lavi\u0146\u0161, sv\u0113tdien, 28. decembr\u012b, nodro\u0161in\u0101ja savu vietu tradicion\u0101l\u0101 \u0160penglera kausa izc\u012b\u0146as pusfin\u0101l\u0101. \u0160is sasniegums tika pan\u0101kts p\u0113c konkurentu savstarp\u0113j\u0101s sp\u0113les izn\u0101kuma, kas \u013c\u0101va ASV koled\u017eu izlasei ieg\u016bt nepiecie\u0161amo punktu skaitu.<\/p>\n<p>Turn\u012bra Ce\u013c\u0161 un Svar\u012bg\u0101k\u0101s Sp\u0113les<\/p>\n<p>\u0160ogad \u0160penglera kaus\u0101 pirmo reizi piedal\u0101s ASV koled\u017eu izlase, kas sast\u0101v no lab\u0101kajiem NCAA sp\u0113l\u0113t\u0101jiem. Martins Lavi\u0146\u0161, kur\u0161 p\u0101rst\u0101v \u0145\u016bhemp\u0161\u012bras Universit\u0101ti, \u0161osezon NCAA ir aizvad\u012bjis 35 sp\u0113les, g\u016bstot 14 punktus (5 v\u0101rti, 9 piesp\u0113les). Vi\u0146a p\u0101rst\u0101v\u0113t\u0101 komanda turn\u012br\u0101 demonstr\u0113jusi p\u0101rliecino\u0161u sniegumu, uzvarot grupas turn\u012br\u0101.<\/p>\n<p>\u0160penglera Kauss \u2013 Trad\u012bcija un Noz\u012bme<\/p>\n<p>\u0160penglera kauss ir pasaul\u0113 vec\u0101kais starptautiskais hokeja turn\u012brs, kas notiek katru gadu \u0160veices pils\u0113t\u0101 Davos\u0101 laika posm\u0101 starp Ziemassv\u0113tkiem un Jauno Gadu. Turn\u012brs pulc\u0113 sp\u0113c\u012bgas komandas, tostarp nacion\u0101l\u0101s izlases un Eiropas klubu vien\u012bbas. \u0160ogad turn\u012br\u0101 piedal\u0101s se\u0161as komandas: HK Fribourg-Gott\u00e9ron (\u0160veice), Kan\u0101das izlase, IFK Helsinki (Somija), HK Sparta Prague (\u010cehija), HC Davos (\u0160veice) un ASV koled\u017eu izlase.<\/p>\n<p>Latvie\u0161u Dal\u012bba un Perspekt\u012bvas<\/p>\n<p>Papildus Martinam Lavi\u0146am \u0160penglera kaus\u0101 sp\u0113l\u0113 ar\u012b citi Latvijas p\u0101rst\u0101vji. M\u0101rti\u0146\u0161 Dzierkals p\u0101rst\u0101v Pr\u0101gas \u201cSparta\u201d, bet M\u0101rti\u0146\u0161 Grigorals un Roberts Mam\u010dics sp\u0113l\u0113 Davosas komand\u0101. \u0160is turn\u012brs ir noz\u012bm\u012bga platforma latvie\u0161u hokejistiem, lai apliecin\u0101tu savu meistar\u012bbu starptautisk\u0101 l\u012bmen\u012b pirms gaid\u0101m\u0101 Pasaules junioru \u010dempion\u0101ta.<\/p>\n","protected":false},"excerpt":{"rendered":"ASV Koled\u017eu Izlase Nodro\u0161ina Vietu Pusfin\u0101l\u0101 ASV Nacion\u0101l\u0101s koled\u017eu sporta asoci\u0101cijas (NCAA) vienot\u0101 komanda, kuras sast\u0101v\u0101 sp\u0113l\u0113 ar\u012b&hellip;\n","protected":false},"author":2,"featured_media":88807,"comment_status":"","ping_status":"","sticky":false,"template":"","format":"standard","meta":{"footnotes":""},"categories":[17],"tags":[18212,394,35,39,38,36,37,34,40,5797,5796,13397,67],"class_list":{"0":"post-89070","1":"post","2":"type-post","3":"status-publish","4":"format-standard","5":"has-post-thumbnail","7":"category-sports","8":"tag-davosa","9":"tag-hokejs","10":"tag-latvia","11":"tag-latvian","12":"tag-latviesu","13":"tag-latviesu-valoda","14":"tag-latviesuvaloda","15":"tag-latvija","16":"tag-lv","17":"tag-martins-lavins","18":"tag-ncaa","19":"tag-spenglera-kauss","20":"tag-sports"},"share_on_mastodon":{"url":"https:\/\/pubeurope.com\/@lv\/115803842321058146","error":""},"_links":{"self":[{"href":"https:\/\/www.europesays.com\/lv\/wp-json\/wp\/v2\/posts\/89070","targetHints":{"allow":["GET"]}}],"collection":[{"href":"https:\/\/www.europesays.com\/lv\/wp-json\/wp\/v2\/posts"}],"about":[{"href":"https:\/\/www.europesays.com\/lv\/wp-json\/wp\/v2\/types\/post"}],"author":[{"embeddable":true,"href":"https:\/\/www.europesays.com\/lv\/wp-json\/wp\/v2\/users\/2"}],"replies":[{"embeddable":true,"href":"https:\/\/www.europesays.com\/lv\/wp-json\/wp\/v2\/comments?post=89070"}],"version-history":[{"count":0,"href":"https:\/\/www.europesays.com\/lv\/wp-json\/wp\/v2\/posts\/89070\/revisions"}],"wp:featuredmedia":[{"embeddable":true,"href":"https:\/\/www.europesays.com\/lv\/wp-json\/wp\/v2\/media\/88807"}],"wp:attachment":[{"href":"https:\/\/www.europesays.com\/lv\/wp-json\/wp\/v2\/media?parent=89070"}],"wp:term":[{"taxonomy":"category","embeddable":true,"href":"https:\/\/www.europesays.com\/lv\/wp-json\/wp\/v2\/categories?post=89070"},{"taxonomy":"post_tag","embeddable":true,"href":"https:\/\/www.europesays.com\/lv\/wp-json\/wp\/v2\/tags?post=89070"}],"curies":[{"name":"wp","href":"https:\/\/api.w.org\/{rel}","templated":true}]}}