{"id":89123,"date":"2025-12-29T17:46:08","date_gmt":"2025-12-29T17:46:08","guid":{"rendered":"https:\/\/www.europesays.com\/lv\/89123\/"},"modified":"2025-12-29T17:46:08","modified_gmt":"2025-12-29T17:46:08","slug":"ukraina-uzbruka-putina-rezidencei-krievijas-atriebibas-merki-jau-noteikti","status":"publish","type":"post","link":"https:\/\/www.europesays.com\/lv\/89123\/","title":{"rendered":"Ukraina uzbruka Putina rezidencei, Krievijas atrieb\u012bbas m\u0113r\u0137i jau noteikti"},"content":{"rendered":"<p>Savuk\u0101rt U\u0161akovs pav\u0113st\u012bja, ka Putins telefonsarun\u0101 ar Trampu \u017e\u0113lojies ASV prezidentam, ka \u201cfaktiski uzreiz\u201d p\u0113c Trampa un Ukrainas prezidenta Volodimira Zelenska sarun\u0101m Florid\u0101 Ukraina esot sar\u012bkojusi \u201cteroristisku uzbrukumu\u201d Putina rezidencei, un Tramps esot bijis \u0161ok\u0113ts. \u201cK\u0101 jau bija teikts, bez \u0161aub\u0101m, tas ietekm\u0113s amerik\u0101\u0146u pieeju darbam ar Zelenski, kuram pa\u0161reiz\u0113j\u0101 administr\u0101cija, k\u0101 teica pats Tramps, paldies Dievam, nedeva \u201ctomahaukus\u201d,\u201d par briesm\u012bgajiem ukrai\u0146iem \u017e\u0113loj\u0101s U\u0161akovs.<\/p>\n","protected":false},"excerpt":{"rendered":"Savuk\u0101rt U\u0161akovs pav\u0113st\u012bja, ka Putins telefonsarun\u0101 ar Trampu \u017e\u0113lojies ASV prezidentam, ka \u201cfaktiski uzreiz\u201d p\u0113c Trampa un Ukrainas&hellip;\n","protected":false},"author":2,"featured_media":89124,"comment_status":"","ping_status":"","sticky":false,"template":"","format":"standard","meta":{"footnotes":""},"categories":[14],"tags":[23,57,28,29,32,33,22,30,31,35,39,38,36,37,34,40,20,26,27,24,25,54,55,56,21,58],"class_list":{"0":"post-89123","1":"post","2":"type-post","3":"status-publish","4":"format-standard","5":"has-post-thumbnail","7":"category-zinas-no-arvalstim","8":"tag-aktualitates","9":"tag-arvalstim","10":"tag-breaking-news","11":"tag-breakingnews","12":"tag-featured-news","13":"tag-featurednews","14":"tag-headlines","15":"tag-latest-news","16":"tag-latestnews","17":"tag-latvia","18":"tag-latvian","19":"tag-latviesu","20":"tag-latviesu-valoda","21":"tag-latviesuvaloda","22":"tag-latvija","23":"tag-lv","24":"tag-news","25":"tag-popularakas-zinas","26":"tag-popularakaszinas","27":"tag-top-stories","28":"tag-topstories","29":"tag-world","30":"tag-world-news","31":"tag-worldnews","32":"tag-zinas","33":"tag-zinas-no-arvalstim"},"share_on_mastodon":{"url":"https:\/\/pubeurope.com\/@lv\/115804109792500870","error":""},"_links":{"self":[{"href":"https:\/\/www.europesays.com\/lv\/wp-json\/wp\/v2\/posts\/89123","targetHints":{"allow":["GET"]}}],"collection":[{"href":"https:\/\/www.europesays.com\/lv\/wp-json\/wp\/v2\/posts"}],"about":[{"href":"https:\/\/www.europesays.com\/lv\/wp-json\/wp\/v2\/types\/post"}],"author":[{"embeddable":true,"href":"https:\/\/www.europesays.com\/lv\/wp-json\/wp\/v2\/users\/2"}],"replies":[{"embeddable":true,"href":"https:\/\/www.europesays.com\/lv\/wp-json\/wp\/v2\/comments?post=89123"}],"version-history":[{"count":0,"href":"https:\/\/www.europesays.com\/lv\/wp-json\/wp\/v2\/posts\/89123\/revisions"}],"wp:featuredmedia":[{"embeddable":true,"href":"https:\/\/www.europesays.com\/lv\/wp-json\/wp\/v2\/media\/89124"}],"wp:attachment":[{"href":"https:\/\/www.europesays.com\/lv\/wp-json\/wp\/v2\/media?parent=89123"}],"wp:term":[{"taxonomy":"category","embeddable":true,"href":"https:\/\/www.europesays.com\/lv\/wp-json\/wp\/v2\/categories?post=89123"},{"taxonomy":"post_tag","embeddable":true,"href":"https:\/\/www.europesays.com\/lv\/wp-json\/wp\/v2\/tags?post=89123"}],"curies":[{"name":"wp","href":"https:\/\/api.w.org\/{rel}","templated":true}]}}