{"id":89130,"date":"2025-12-29T17:58:08","date_gmt":"2025-12-29T17:58:08","guid":{"rendered":"https:\/\/www.europesays.com\/lv\/89130\/"},"modified":"2025-12-29T17:58:08","modified_gmt":"2025-12-29T17:58:08","slug":"krievijas-okupetaja-mariupole-pec-rekonstrukcijas-darbu-atsacis-sabombardetais-teatris-raksts","status":"publish","type":"post","link":"https:\/\/www.europesays.com\/lv\/89130\/","title":{"rendered":"Krievijas okup\u0113taj\u0101 Mariupol\u0113 p\u0113c rekonstrukcijas darbu ats\u0101cis sabombard\u0113tais te\u0101tris \/ Raksts"},"content":{"rendered":"<p>Krievijas okup\u0113taj\u0101 Ukrainas pils\u0113t\u0101 Mariupol\u0113 p\u0113c rekonstrukcijas darbu ats\u0101cis Mariupoles Dr\u0101mas te\u0101tris, kas kara pirmajos m\u0113ne\u0161os k\u013cuva par simbolu Krievijas zv\u0113r\u012bb\u0101m un zaud\u0113taj\u0101m civiliedz\u012bvot\u0101ju dz\u012bv\u012bb\u0101m.\u00a0<\/p>\n<p style=\"text-align:left\">Agresorvalsts Krievija te\u0101tri sabombard\u0113ja uzbrukuma laik\u0101 Mariupolei 2022. gada mart\u0101.\u00a0<\/p>\n<blockquote>\n<p style=\"text-align:left\">Toreiz te\u0101tra pagrab\u0101 bija patv\u0113ru\u0161ies civiliedz\u012bvot\u0101ji un l\u012bdz\u0101s te\u0101trim uz ielas bija milzu uzraksti ar v\u0101rdu &#8220;B\u0113rni&#8221;, kas bija redzami ar\u012b no gaisa. Apstiprin\u0101ts, ka Krievijas triecien\u0101 g\u0101ja boj\u0101 daudzi, kas te\u0101tr\u012b mekl\u0113ja patv\u0113rumu, ta\u010du \u012bstais boj\u0101g\u0101ju\u0161o skaits arvien nav zin\u0101ms.\u00a0<\/p>\n<\/blockquote>\n<p style=\"text-align:left\">Mariupol\u0113 kopum\u0101 boj\u0101g\u0101ju\u0161o civiliedz\u012bvot\u0101ju skaits tiek l\u0113sts no 8000 l\u012bdz 22 000 cilv\u0113ku.\u00a0<\/p>\n<p style=\"text-align:left\">Krievijas propaganda tikm\u0113r apgalvo, ka Mariupoles te\u0101tri esot uzspridzin\u0101ju\u0161i &#8220;Ukrainas kaujinieki&#8221;. Neatkar\u012bgo ekspertu veikt\u0101 izmekl\u0113\u0161ana gan apliecina, ka te\u0101tra \u0113ka tika sagrauta Krievijas gaisa triecienu laik\u0101 un \u0161\u0101da r\u012bc\u012bba uzskat\u0101ma par kara noziegumu.\u00a0<\/p>\n<p>            <img decoding=\"async\" src=\"https:\/\/www.europesays.com\/lv\/wp-content\/uploads\/2025\/12\/jwew.jpg\" alt=\"Krievijas uzbrukum\u0101 sagraut\u0101 Mariupoles te\u0101tra \u0113ka, 2022. gad\u0101\"\/><\/p>\n<p>Krievijas uzbrukum\u0101 sagraut\u0101 Mariupoles te\u0101tra \u0113ka, 2022. gad\u0101<\/p>\n<p>Arh\u012bva foto. Pievienots 10.01.2023. REUTERS, PAVEL KLIMOV<\/p>\n<\/p>\n<p style=\"text-align:left\">Biju\u0161ie aktieri nosod\u012bju\u0161i atk\u0101rtotu te\u0101tra atv\u0113r\u0161anu, to sal\u012bdzinot ar dejo\u0161anu uz nogalin\u0101to kauliem, <a href=\"https:\/\/www.theguardian.com\/world\/2025\/dec\/25\/mariupol-bombed-theatre-reopen-russification-ukraine\" target=\"_blank\" rel=\"nofollow noopener\">raksta izdevums &#8220;The Guardian&#8221;<\/a>.\u00a0<\/p>\n<p style=\"text-align:left\">&#8220;Man ir saj\u016bta, ka nogalin\u0101to dv\u0113seles ne\u013caus vi\u0146iem tur labi uzst\u0101ties,&#8221; sprie\u017e bijus\u012b Mariupoles te\u0101tra aktrise Vira \u013bebedinska. Kop\u0101 ar da\u013cu trupas vi\u0146a ir p\u0101rc\u0113lusies uz Ukrainas rietumu pils\u0113tu U\u017ehorodu.\u00a0<\/p>\n<p style=\"text-align:left\">Ta\u010du da\u013ca aktieru ir paliku\u0161i Mariupol\u0113 un sadarbojas ar okup\u0101cijas varu. Par te\u0101tra direktoru iecelts biju\u0161ais Doneckas cirka direktora vietnieks Igors Solo\u0146ins.\u00a0<\/p>\n<blockquote>\n<p style=\"text-align:left\">Vi\u0146\u0161 noraid\u012bjis p\u0101rmetumus, ka Mariupoles te\u0101ris ir atjaunots uz nogalin\u0101to kauliem. &#8220;Vai tad Berl\u012bne, Par\u012bze un Var\u0161ava ar\u012b netika uzb\u016bv\u0113tas uz k\u0101da kauliem?&#8221; intervij\u0101 laikrakstam &#8220;Moskovskij komsomo\u013cec&#8221; jaut\u0101ja\u00a0 Solo\u0146ins.<\/p>\n<\/blockquote>\n<p style=\"text-align:left\">Z\u012bm\u012bgi, ka jaun\u0101 vara \u0161o te\u0101tri d\u0113v\u0113 par Mariupoles &#8220;Krievu dr\u0101mas&#8221; te\u0101tri, t\u0101d\u0113j\u0101di cen\u0161oties nostiprin\u0101t p\u0101rliec\u012bbu par okup\u0113t\u0101s teritorijas pieder\u012bbu &#8220;krievu pasaulei&#8221;.\u00a0<\/p>\n<p style=\"text-align:left\">Krievijas s\u0101ktaj\u0101 kar\u0101 Mariupole tika izpost\u012bta, un, saska\u0146\u0101 ar ANO apl\u0113s\u0113m, Krievijas \u012bstenot\u0101 aplenkuma laik\u0101 90 % \u0113ku tika izn\u012bcin\u0101tas vai boj\u0101tas. Kop\u0161 t\u0101 laika Krievija cen\u0161as p\u0101rv\u0113rst Mariupoli par jaunu labkl\u0101j\u012bbas simbolu Ukrainas da\u013c\u0101s, kuras t\u0101 okup\u0113jusi.\u00a0<\/p>\n<p style=\"text-align:left\">Krievijas vadonis Vladimirs Putins ar\u012bdzan izdevis r\u012bkojumu, kas varasiest\u0101d\u0113m \u013cauj konfisc\u0113t dz\u012bvok\u013cus, ja to \u012bpa\u0161nieki aizb\u0113gu\u0161i uz Ukrainas kontrol\u0113to teritoriju. Mariupol\u0113 esot vair\u0101k nek\u0101 12 000 \u0161\u0101du &#8220;bezsaimnieka&#8221; dz\u012bvok\u013cu, kas, visticam\u0101k, tiks izdal\u012bti iebrauc\u0113jiem.\u00a0<\/p>\n<p style=\"text-align:left\">K\u0101 laikrakstam &#8220;The Guardian&#8221; st\u0101sta Mariupoles te\u0101tra aktrise \u013bebedinska, ar\u012b vi\u0146as dz\u012bvokl\u012b esot iev\u0101ku\u0161ies sve\u0161i \u013caudis. Vi\u0146a gan neesot par to interes\u0113jusies.\u00a0<\/p>\n<blockquote>\n<p style=\"text-align:left\">&#8220;Pat ja b\u016btu teor\u0113tiska iesp\u0113ja, es negrib\u0113tu to p\u0101rdot. T\u0101 vieta priek\u0161 manis ir mirusi. Lai vi\u0146i izbauda savu &#8220;krievu pasauli&#8221;,&#8221; sprie\u017e \u013bebedinska.<\/p>\n<\/blockquote>\n<p>                    Valodas k\u013c\u016bda rakst\u0101?<\/p>\n<p class=\"d-none d-md-block\">Iez\u012bm\u0113jiet tekstu un spiediet Ctrl+Enter, lai nos\u016bt\u012btu labojamo teksta fragmentu redaktoram! Par faktu k\u013c\u016bd\u0101m l\u016bdzam zi\u0146ot e-past\u0101 <a href=\"https:\/\/www.lsm.lv\/cdn-cgi\/l\/email-protection\" class=\"__cf_email__\" data-cfemail=\"6c1e09080d070f05060d2c001f0142001a\" rel=\"nofollow noopener\" target=\"_blank\">[email\u00a0protected]<\/a>.<\/p>\n<p class=\"d-md-none\">Iez\u012bm\u0113jiet tekstu un spiediet uz Zi\u0146ot par k\u013c\u016bdu pogas, lai nos\u016bt\u012btu labojamo teksta fragmentu redaktoram!<\/p>\n<p>\n                    Zi\u0146ot par k\u013c\u016bdu\n                <\/p>\n","protected":false},"excerpt":{"rendered":"Krievijas okup\u0113taj\u0101 Ukrainas pils\u0113t\u0101 Mariupol\u0113 p\u0113c rekonstrukcijas darbu ats\u0101cis Mariupoles Dr\u0101mas te\u0101tris, kas kara pirmajos m\u0113ne\u0161os k\u013cuva par&hellip;\n","protected":false},"author":2,"featured_media":89131,"comment_status":"","ping_status":"","sticky":false,"template":"","format":"standard","meta":{"footnotes":""},"categories":[14],"tags":[23,57,28,29,32,33,22,30,31,35,39,38,36,37,34,40,20,26,27,24,25,54,55,56,21,58],"class_list":{"0":"post-89130","1":"post","2":"type-post","3":"status-publish","4":"format-standard","5":"has-post-thumbnail","7":"category-zinas-no-arvalstim","8":"tag-aktualitates","9":"tag-arvalstim","10":"tag-breaking-news","11":"tag-breakingnews","12":"tag-featured-news","13":"tag-featurednews","14":"tag-headlines","15":"tag-latest-news","16":"tag-latestnews","17":"tag-latvia","18":"tag-latvian","19":"tag-latviesu","20":"tag-latviesu-valoda","21":"tag-latviesuvaloda","22":"tag-latvija","23":"tag-lv","24":"tag-news","25":"tag-popularakas-zinas","26":"tag-popularakaszinas","27":"tag-top-stories","28":"tag-topstories","29":"tag-world","30":"tag-world-news","31":"tag-worldnews","32":"tag-zinas","33":"tag-zinas-no-arvalstim"},"share_on_mastodon":{"url":"https:\/\/pubeurope.com\/@lv\/115804157018209281","error":""},"_links":{"self":[{"href":"https:\/\/www.europesays.com\/lv\/wp-json\/wp\/v2\/posts\/89130","targetHints":{"allow":["GET"]}}],"collection":[{"href":"https:\/\/www.europesays.com\/lv\/wp-json\/wp\/v2\/posts"}],"about":[{"href":"https:\/\/www.europesays.com\/lv\/wp-json\/wp\/v2\/types\/post"}],"author":[{"embeddable":true,"href":"https:\/\/www.europesays.com\/lv\/wp-json\/wp\/v2\/users\/2"}],"replies":[{"embeddable":true,"href":"https:\/\/www.europesays.com\/lv\/wp-json\/wp\/v2\/comments?post=89130"}],"version-history":[{"count":0,"href":"https:\/\/www.europesays.com\/lv\/wp-json\/wp\/v2\/posts\/89130\/revisions"}],"wp:featuredmedia":[{"embeddable":true,"href":"https:\/\/www.europesays.com\/lv\/wp-json\/wp\/v2\/media\/89131"}],"wp:attachment":[{"href":"https:\/\/www.europesays.com\/lv\/wp-json\/wp\/v2\/media?parent=89130"}],"wp:term":[{"taxonomy":"category","embeddable":true,"href":"https:\/\/www.europesays.com\/lv\/wp-json\/wp\/v2\/categories?post=89130"},{"taxonomy":"post_tag","embeddable":true,"href":"https:\/\/www.europesays.com\/lv\/wp-json\/wp\/v2\/tags?post=89130"}],"curies":[{"name":"wp","href":"https:\/\/api.w.org\/{rel}","templated":true}]}}