{"id":89133,"date":"2025-12-29T18:04:03","date_gmt":"2025-12-29T18:04:03","guid":{"rendered":"https:\/\/www.europesays.com\/lv\/89133\/"},"modified":"2025-12-29T18:04:03","modified_gmt":"2025-12-29T18:04:03","slug":"trampa-un-zelenska-sarunas-iezimejas-aspekts-kuru-kijiva-uzskata-par-mazo-uzvaru-tvnet","status":"publish","type":"post","link":"https:\/\/www.europesays.com\/lv\/89133\/","title":{"rendered":"Trampa un Zelenska sarunas: iez\u012bm\u0113jas aspekts, kuru Kijiv\u0101 uzskata par mazo uzvaru &#8211; TVNET"},"content":{"rendered":"<ol>\n<li><a href=\"https:\/\/news.google.com\/rss\/articles\/CBMirgFBVV95cUxNdWR2SFViR1dubUdiLVg4N0hQc3V4d2U1MlpnUXRPYThpbERqREt5T2JjQjZsTHNEU25KcDZhbjAxRzZZYXlZcUh5YVFXanMwUXhyLUN2QjV0SnVBR2pQWGdXZ0twaWJkSVBNN3ZDVUwyTWVXMHBrOUdnOV9QcDloSmpPV0pVbGdORjBHbnBwQlVLSFRPZm9QSlJUa1ZOWWkzOVowS1p5dlk1OWlmbkE?oc=5\" target=\"_blank\" rel=\"nofollow noopener\">Trampa un Zelenska sarunas: iez\u012bm\u0113jas aspekts, kuru Kijiv\u0101 uzskata par mazo uzvaru<\/a>&nbsp;&nbsp;TVNET<\/li>\n<li><a href=\"https:\/\/news.google.com\/rss\/articles\/CBMivgFBVV95cUxPZEhocjhiQkVPLUZrNWY4SUZnVUdzLWFraW1vck85MG9pQ005Q3FUVG5heUZWa08wSk1yd1J4MmpRSmJrckpFMElFZC1EZ2luQ2txZWlXbEhsemlqMDM0U1IzaVlWeFZYRENBVkdQaTBwNzZEZ1JORHluc05NeHFmWmlVZllBUmdjcTBySVBSckJZcWh2X0NpYUN5QkpCZmhveEY3LXF2OHhJcTRmNjNrN3hsZTB2aFF2UDRXZkRB?oc=5\" target=\"_blank\" rel=\"nofollow noopener\">Par 20 punktu miera pl\u0101nu Ukrain\u0101 j\u0101lemj ar referendumu, uzskata Zelenskis<\/a>&nbsp;&nbsp;Delfi<\/li>\n<li><a href=\"https:\/\/news.google.com\/rss\/articles\/CBMiswFBVV95cUxQeGE3eE56Zkx6RnV0VFl1TlhBZ05KUWJ6X1RWdU9pNzBhTFB4dld2MjZIQ2RmY1cyb041dXhZVjFycXp4clRZXzRXN0k5ZlgtaVRUZWFOQ3JIc0lycXRtSXZKYlphbzFPaGMwbWZKR2ZXQ0c0RU9GTDhzNHZ2b2JOd0VXSFU5Q1lDYkxnU1pVTm0xRU01Wm9jbVIta2s0SWpEdkJNUU5mQmZqNVdObFhzRnp4NA?oc=5\" target=\"_blank\" rel=\"nofollow noopener\">Tramps p\u0113c tik\u0161an\u0101s ar Zelenski: Esam \u013coti tuvu mieram \/ Raksts<\/a>&nbsp;&nbsp;LSM<\/li>\n<li><a href=\"https:\/\/news.google.com\/rss\/articles\/CBMilgFBVV95cUxOWWxnclppSmlXTFkzMGE0S3VnZTcyZHVzWHdWOWFDRVFpTnIzTjhiaFNzaU5kTjVoMDcxU2pCVjFLdWVld01XT1YtS0dCa0Qtdmx1MjlEZWlNU3hKVHFlWkJzVDBHLV94bmVNMmVueDM3dEozOFFfdUw4eGNGUzRraTNsdWpTclBXb3RpODVQWF9EMWZfMGc?oc=5\" target=\"_blank\" rel=\"nofollow noopener\">Zelenskis atbild\u0113jis, vai ir gatavs tikties ar Putinu<\/a>&nbsp;&nbsp;Jauns.lv<\/li>\n<li><a href=\"https:\/\/news.google.com\/rss\/articles\/CBMiogFBVV95cUxQSkI4VXlIQkhLNlgtMzkxejV6eDV6cGFWa1ViYjFPX1VOX1ZOb3ZtaFN6NmZtYUIyQkdsRlJIM3F6UEJZWThDbFpTNU5oUFpIYTZrQWZyMzFUOV9SLURuQUxEbkxaUlI5QTZVaXU2R2M4VURMX1hpZ29SVDRBcHJENWRmRlF5aHFvZ2l2SmQ5Vk9sbEFBNWtlZWxlWVNCSFNlZWc?oc=5\" target=\"_blank\" rel=\"nofollow noopener\">Zelenskis atzina, ka ir gatavs izvest karasp\u0113ku, bet ar vienu nosac\u012bjumu<\/a>&nbsp;&nbsp;Apollo.lv<\/li>\n<\/ol>\n","protected":false},"excerpt":{"rendered":"Trampa un Zelenska sarunas: iez\u012bm\u0113jas aspekts, kuru Kijiv\u0101 uzskata par mazo uzvaru&nbsp;&nbsp;TVNET Par 20 punktu miera pl\u0101nu Ukrain\u0101&hellip;\n","protected":false},"author":2,"featured_media":89134,"comment_status":"","ping_status":"","sticky":false,"template":"","format":"standard","meta":{"footnotes":""},"categories":[14],"tags":[23,57,28,29,542,32,33,22,30,31,35,39,38,36,37,34,40,20,26,27,24,25,178,54,55,56,21,58],"class_list":{"0":"post-89133","1":"post","2":"type-post","3":"status-publish","4":"format-standard","5":"has-post-thumbnail","7":"category-zinas-no-arvalstim","8":"tag-aktualitates","9":"tag-arvalstim","10":"tag-breaking-news","11":"tag-breakingnews","12":"tag-donalds-tramps","13":"tag-featured-news","14":"tag-featurednews","15":"tag-headlines","16":"tag-latest-news","17":"tag-latestnews","18":"tag-latvia","19":"tag-latvian","20":"tag-latviesu","21":"tag-latviesu-valoda","22":"tag-latviesuvaloda","23":"tag-latvija","24":"tag-lv","25":"tag-news","26":"tag-popularakas-zinas","27":"tag-popularakaszinas","28":"tag-top-stories","29":"tag-topstories","30":"tag-volodimirs-zelenskis","31":"tag-world","32":"tag-world-news","33":"tag-worldnews","34":"tag-zinas","35":"tag-zinas-no-arvalstim"},"share_on_mastodon":{"url":"https:\/\/pubeurope.com\/@lv\/115804180661185236","error":""},"_links":{"self":[{"href":"https:\/\/www.europesays.com\/lv\/wp-json\/wp\/v2\/posts\/89133","targetHints":{"allow":["GET"]}}],"collection":[{"href":"https:\/\/www.europesays.com\/lv\/wp-json\/wp\/v2\/posts"}],"about":[{"href":"https:\/\/www.europesays.com\/lv\/wp-json\/wp\/v2\/types\/post"}],"author":[{"embeddable":true,"href":"https:\/\/www.europesays.com\/lv\/wp-json\/wp\/v2\/users\/2"}],"replies":[{"embeddable":true,"href":"https:\/\/www.europesays.com\/lv\/wp-json\/wp\/v2\/comments?post=89133"}],"version-history":[{"count":0,"href":"https:\/\/www.europesays.com\/lv\/wp-json\/wp\/v2\/posts\/89133\/revisions"}],"wp:featuredmedia":[{"embeddable":true,"href":"https:\/\/www.europesays.com\/lv\/wp-json\/wp\/v2\/media\/89134"}],"wp:attachment":[{"href":"https:\/\/www.europesays.com\/lv\/wp-json\/wp\/v2\/media?parent=89133"}],"wp:term":[{"taxonomy":"category","embeddable":true,"href":"https:\/\/www.europesays.com\/lv\/wp-json\/wp\/v2\/categories?post=89133"},{"taxonomy":"post_tag","embeddable":true,"href":"https:\/\/www.europesays.com\/lv\/wp-json\/wp\/v2\/tags?post=89133"}],"curies":[{"name":"wp","href":"https:\/\/api.w.org\/{rel}","templated":true}]}}