{"id":89195,"date":"2025-12-29T19:03:07","date_gmt":"2025-12-29T19:03:07","guid":{"rendered":"https:\/\/www.europesays.com\/lv\/89195\/"},"modified":"2025-12-29T19:03:07","modified_gmt":"2025-12-29T19:03:07","slug":"no-2026-gada-stasies-speka-lielaks-datu-apjoms-es-un-eez-dienas-bizness","status":"publish","type":"post","link":"https:\/\/www.europesays.com\/lv\/89195\/","title":{"rendered":"No 2026.gada st\u0101sies sp\u0113k\u0101 liel\u0101ks datu apjoms ES un EEZ :: Dienas Bizness"},"content":{"rendered":"<p class=\"text-font font-size--text-xlarge margin-3--bottom font-weight--bold padding-1--top\">Multipakalpojumu uz\u0146\u0113mums \u201cTele2\u201d inform\u0113, ka no n\u0101kam\u0101 gada Latvijas mobilo sakaru lietot\u0101jiem, kuri dosies uz Eiropas Savien\u012bbas (ES) un Eiropas Ekonomikas zonas (EEZ) valst\u012bm, b\u016bs pieejams liel\u0101ks mobilo datu apjoms. Piem\u0113ram, \u201cTele2\u201d standarta bezlimitu tarifu pl\u0101nam pieejamais datu apjoms ES\/EEZ valst\u012bs b\u016bs 47 GB l\u012bdz\u0161in\u0113jo 40 GB viet\u0101.<\/p>\n<p class=\"text-font font-size--text-xlarge margin-3--bottom\">\u201cM\u016bsdien\u0101s faktiski vairs nav tarifu pl\u0101nu, kuros neb\u016btu iek\u013cauts mobilais internets, jo tas ir k\u013cuvis par b\u016btisku ikdienas sast\u0101vda\u013cu un nepiecie\u0161am\u012bbu \u2013 ar\u012b dodoties atva\u013cin\u0101jumos vai darba komand\u0113jumos. Tie\u0161i t\u0101d\u0113\u013c katru gadu, saska\u0146\u0101 ar Viesabon\u0113\u0161anas regulas noteikumiem, tiek palielin\u0101ts pieejamais datu apjoms, atrodoties k\u0101d\u0101 no ES vai EEZ valst\u012bm,\u201d st\u0101sta \u201cTele2\u201d komercdirektora p.i. Raimonds Jan\u0161evskis.<\/p>\n<p class=\"text-font font-size--text-xlarge margin-3--bottom\">\u201c\u0160\u012bs izmai\u0146as \u013caus mobilo sakaru lietot\u0101jiem justies v\u0113l dro\u0161\u0101k un izmantot mobilos internetu v\u0113l akt\u012bv\u0101k, jo pieejamais datu apjoms palielin\u0101sies par aptuveni 20 %, atkar\u012bb\u0101 no izv\u0113l\u0113t\u0101 tarifu pl\u0101na un ikm\u0113ne\u0161a maks\u0101juma.\u201d<\/p>\n<p class=\"text-font font-size--text-xlarge margin-3--bottom\">Liel\u0101ks datu apjoms b\u016bs pieejams ne tikai priv\u0101tpersonu, bet ar\u012b biznesa klientu tarifu pl\u0101nos.<\/p>\n<p class=\"text-font font-size--text-xlarge margin-3--bottom\">J\u0101atz\u012bm\u0113, ka no 2026. gada 1. janv\u0101ra Ukraina tiks iek\u013cauta t\u0101 d\u0113v\u0113taj\u0101 \u201cRoam Like at Home\u201d zon\u0101 jeb to valstu lok\u0101, kur viesabon\u0113\u0161ana ir pieejama bez papildu maksas. Tas noz\u012bm\u0113, ka Ukrainas iedz\u012bvot\u0101ji, lietojot Ukrainas mobilos numurus, var\u0113s zvan\u012bt, s\u016bt\u012bt \u012bszi\u0146as un izmantot mobilos datus vis\u0101s 27 ES valst\u012bs par t\u0101du pa\u0161u cenu k\u0101 m\u0101j\u0101s.<\/p>\n","protected":false},"excerpt":{"rendered":"Multipakalpojumu uz\u0146\u0113mums \u201cTele2\u201d inform\u0113, ka no n\u0101kam\u0101 gada Latvijas mobilo sakaru lietot\u0101jiem, kuri dosies uz Eiropas Savien\u012bbas (ES)&hellip;\n","protected":false},"author":2,"featured_media":89196,"comment_status":"","ping_status":"","sticky":false,"template":"","format":"standard","meta":{"footnotes":""},"categories":[16],"tags":[869,77,870,76,867,35,39,38,36,37,34,871,868,40,21],"class_list":{"0":"post-89195","1":"post","2":"type-post","3":"status-publish","4":"format-standard","5":"has-post-thumbnail","7":"category-bizness","8":"tag-biznesa-zinas","9":"tag-bizness","10":"tag-bizness-latvija","11":"tag-business","12":"tag-dienas-zinas","13":"tag-latvia","14":"tag-latvian","15":"tag-latviesu","16":"tag-latviesu-valoda","17":"tag-latviesuvaloda","18":"tag-latvija","19":"tag-latvijas-biznesa-zinas","20":"tag-latvijas-zinas","21":"tag-lv","22":"tag-zinas"},"share_on_mastodon":{"url":"https:\/\/pubeurope.com\/@lv\/115804412483140278","error":""},"_links":{"self":[{"href":"https:\/\/www.europesays.com\/lv\/wp-json\/wp\/v2\/posts\/89195","targetHints":{"allow":["GET"]}}],"collection":[{"href":"https:\/\/www.europesays.com\/lv\/wp-json\/wp\/v2\/posts"}],"about":[{"href":"https:\/\/www.europesays.com\/lv\/wp-json\/wp\/v2\/types\/post"}],"author":[{"embeddable":true,"href":"https:\/\/www.europesays.com\/lv\/wp-json\/wp\/v2\/users\/2"}],"replies":[{"embeddable":true,"href":"https:\/\/www.europesays.com\/lv\/wp-json\/wp\/v2\/comments?post=89195"}],"version-history":[{"count":0,"href":"https:\/\/www.europesays.com\/lv\/wp-json\/wp\/v2\/posts\/89195\/revisions"}],"wp:featuredmedia":[{"embeddable":true,"href":"https:\/\/www.europesays.com\/lv\/wp-json\/wp\/v2\/media\/89196"}],"wp:attachment":[{"href":"https:\/\/www.europesays.com\/lv\/wp-json\/wp\/v2\/media?parent=89195"}],"wp:term":[{"taxonomy":"category","embeddable":true,"href":"https:\/\/www.europesays.com\/lv\/wp-json\/wp\/v2\/categories?post=89195"},{"taxonomy":"post_tag","embeddable":true,"href":"https:\/\/www.europesays.com\/lv\/wp-json\/wp\/v2\/tags?post=89195"}],"curies":[{"name":"wp","href":"https:\/\/api.w.org\/{rel}","templated":true}]}}