{"id":89223,"date":"2025-12-29T19:42:27","date_gmt":"2025-12-29T19:42:27","guid":{"rendered":"https:\/\/www.europesays.com\/lv\/89223\/"},"modified":"2025-12-29T19:42:27","modified_gmt":"2025-12-29T19:42:27","slug":"video-tramps-publiski-aizsuta-zurnalistus-est","status":"publish","type":"post","link":"https:\/\/www.europesays.com\/lv\/89223\/","title":{"rendered":"VIDEO. Tramps publiski aizs\u016bta \u017eurn\u0101listus \u0113st"},"content":{"rendered":"<p class=\"descr\">Balt\u0101 nama vad\u012bt\u0101js Donalds Tramps vaic\u0101ja medijiem, vai vi\u0146i god\u012bgi zi\u0146otu, ja vi\u0146iem tiktu pied\u0101v\u0101tas pusdienas, vai ar\u012b vi\u0146i to uzskat\u012btu par kuku\u013cdo\u0161anas m\u0113\u0123in\u0101jumu.<\/p>\n<p>28. decembr\u012b <a href=\"https:\/\/nra.lv\/birka\/florida\/\" target=\"_blank\" rel=\"noopener nofollow\">Florid\u0101<\/a> notika ASV un Ukrainas deleg\u0101ciju tik\u0161an\u0101s, lai apspriestu miera pl\u0101nu. Abu valstu p\u0101rst\u0101vjiem pirms diskusijas, visticam\u0101k, bija paredz\u0113tas vakari\u0146as priv\u0101taj\u0101 rezidenc\u0113 Mar-a-Lago, t\u0101p\u0113c Donalds Tramps uzrun\u0101ja \u017eurn\u0101listus, l\u016bdzot vi\u0146us pamest telpu un iesakot &#8220;\u0113st \u0101r\u0101&#8221;.<\/p>\n<p>Balt\u0101 nama soci\u0101lo mediju kont\u0101 X tika public\u0113ts ASV prezidenta monologa video.<\/p>\n<blockquote><p>J\u016bs var\u0113tu s\u0113d\u0113t \u0101r\u0101 un \u0113st. Vai v\u0113laties \u0113st, vai ar\u012b j\u016bs dom\u0101jat, ka tas ir kukulis un t\u0101p\u0113c nevarat rakst\u012bt god\u012bgi? Margo, izvediet vi\u0146us \u0101r\u0101 un pal\u016bdziet pav\u0101ram pagatavot gardu malt\u012bti,&#8221; sac\u012bja Balt\u0101 nama vad\u012bt\u0101js.<\/p><\/blockquote>\n<p>Prezidenta vill\u0101, kur dz\u012bvo visa vi\u0146a \u0123imene, viesiem tika pasniegta &#8220;Trampa k\u016bka&#8221;, bet tas bija tikai deserts. Galvenie \u0113dieni bija steiks ar fr\u012b kartupe\u013ciem un vistas zupa. Trampa \u0161efpav\u0101rs netaup\u012bja uz \u017eurn\u0101listiem, bet k\u016bkas viet\u0101 vi\u0146iem pasniedza cepumus ar \u016bdeni, hotdogus, kokosriekstos sul\u0101 iem\u0113rktus kalm\u0101rus un steikus ar fr\u012b kartupe\u013ciem. Mediju p\u0101rst\u0101vjiem bija aizliegts fotograf\u0113t, raksta Dialog UA.<\/p>\n<blockquote class=\"twitter-tweet\" data-media-max-width=\"560\">\n<p lang=\"en\" dir=\"ltr\">\ufffdBREAKING: President Trump offers the press LUNCH<\/p>\n<p>TRUMP: &#8220;Would you like something to eat?&#8221; You can speak! Yes or No?&#8221;<\/p>\n<p>REPORTER: &#8220;Yes!&#8221; <\/p>\n<p>TRUMP: &#8220;Yes? Okay\u2014take them outside and get them something to eat!&#8221; <a href=\"https:\/\/t.co\/nSkIe8yVIA\" rel=\"nofollow\">pic.twitter.com\/nSkIe8yVIA<\/a><\/p>\n<p>\u2014 The Patriot Oasis\u2122 (@ThePatriotOasis) <a href=\"https:\/\/twitter.com\/ThePatriotOasis\/status\/2005349392757186715?ref_src=twsrc%5Etfw\" rel=\"nofollow noopener\" target=\"_blank\">December 28, 2025<\/a><\/p><\/blockquote>\n<p>\t\t\t\t\t\tinfo<\/p>\n<p>Uzzini pirmais<br \/>kas interesants noticis Latvij\u0101 un pasaul\u0113,<br \/>pievienojoties mums <a href=\"https:\/\/t.me\/neatkariga\" rel=\"nofollow\">Telegram<\/a> vai <a href=\"https:\/\/whatsapp.com\/channel\/0029VaMLFUH5K3zLU5s4wm3y\" rel=\"nofollow noopener\" target=\"_blank\">Whatsapp<\/a> kan\u0101l\u0101<\/p>\n<p>\t\t\t\t\t\t\t\t\t<script async src=\"https:\/\/platform.twitter.com\/widgets.js\" charset=\"utf-8\"><\/script><\/p>\n","protected":false},"excerpt":{"rendered":"Balt\u0101 nama vad\u012bt\u0101js Donalds Tramps vaic\u0101ja medijiem, vai vi\u0146i god\u012bgi zi\u0146otu, ja vi\u0146iem tiktu pied\u0101v\u0101tas pusdienas, vai ar\u012b&hellip;\n","protected":false},"author":2,"featured_media":89224,"comment_status":"","ping_status":"","sticky":false,"template":"","format":"standard","meta":{"footnotes":""},"categories":[14],"tags":[23,57,28,29,32,33,22,30,31,35,39,38,36,37,34,40,20,26,27,24,25,54,55,56,21,58],"class_list":{"0":"post-89223","1":"post","2":"type-post","3":"status-publish","4":"format-standard","5":"has-post-thumbnail","7":"category-zinas-no-arvalstim","8":"tag-aktualitates","9":"tag-arvalstim","10":"tag-breaking-news","11":"tag-breakingnews","12":"tag-featured-news","13":"tag-featurednews","14":"tag-headlines","15":"tag-latest-news","16":"tag-latestnews","17":"tag-latvia","18":"tag-latvian","19":"tag-latviesu","20":"tag-latviesu-valoda","21":"tag-latviesuvaloda","22":"tag-latvija","23":"tag-lv","24":"tag-news","25":"tag-popularakas-zinas","26":"tag-popularakaszinas","27":"tag-top-stories","28":"tag-topstories","29":"tag-world","30":"tag-world-news","31":"tag-worldnews","32":"tag-zinas","33":"tag-zinas-no-arvalstim"},"share_on_mastodon":{"url":"https:\/\/pubeurope.com\/@lv\/115804565865289781","error":""},"_links":{"self":[{"href":"https:\/\/www.europesays.com\/lv\/wp-json\/wp\/v2\/posts\/89223","targetHints":{"allow":["GET"]}}],"collection":[{"href":"https:\/\/www.europesays.com\/lv\/wp-json\/wp\/v2\/posts"}],"about":[{"href":"https:\/\/www.europesays.com\/lv\/wp-json\/wp\/v2\/types\/post"}],"author":[{"embeddable":true,"href":"https:\/\/www.europesays.com\/lv\/wp-json\/wp\/v2\/users\/2"}],"replies":[{"embeddable":true,"href":"https:\/\/www.europesays.com\/lv\/wp-json\/wp\/v2\/comments?post=89223"}],"version-history":[{"count":0,"href":"https:\/\/www.europesays.com\/lv\/wp-json\/wp\/v2\/posts\/89223\/revisions"}],"wp:featuredmedia":[{"embeddable":true,"href":"https:\/\/www.europesays.com\/lv\/wp-json\/wp\/v2\/media\/89224"}],"wp:attachment":[{"href":"https:\/\/www.europesays.com\/lv\/wp-json\/wp\/v2\/media?parent=89223"}],"wp:term":[{"taxonomy":"category","embeddable":true,"href":"https:\/\/www.europesays.com\/lv\/wp-json\/wp\/v2\/categories?post=89223"},{"taxonomy":"post_tag","embeddable":true,"href":"https:\/\/www.europesays.com\/lv\/wp-json\/wp\/v2\/tags?post=89223"}],"curies":[{"name":"wp","href":"https:\/\/api.w.org\/{rel}","templated":true}]}}