{"id":89234,"date":"2025-12-29T19:54:09","date_gmt":"2025-12-29T19:54:09","guid":{"rendered":"https:\/\/www.europesays.com\/lv\/89234\/"},"modified":"2025-12-29T19:54:09","modified_gmt":"2025-12-29T19:54:09","slug":"kamer-krievija-sola-turpinat-aviotriecienus-ukrainai-baltais-nams-stasta-par-trampa-pozitivo-sarunu-ar-putinu","status":"publish","type":"post","link":"https:\/\/www.europesays.com\/lv\/89234\/","title":{"rendered":"Kam\u0113r Krievija sola turpin\u0101t aviotriecienus Ukrainai, Baltais nams st\u0101sta par Trampa &#8220;pozit\u012bvo sarunu&#8221; ar Putinu"},"content":{"rendered":"<p>Tikm\u0113r Krievija pazi\u0146oja, ka pastiprin\u0101s savus triecienus Ukrainai, jo, l\u016bk, t\u0101 esot uzdro\u0161in\u0101jusies\u00a0uzbrukt Krem\u013ca diktatora Vladimira Putina Valdajas rezidencei Novgorodas apgabal\u0101, par to pazi\u0146ojis Krievijas \u0101rlietu ministrs Sergejs Lavrovs. Savuk\u0101rt ASV prezidents Donalds Tramps esot bijis \u0161ok\u0113ts par \u0161o uzbrukumu un paudis atvieglojumu, ka neiedeva Ukrainai \u201cTomahawk\u201d ra\u0137etes, apgalvojis Putina pal\u012bgs Jurijs U\u0161akovs.<\/p>\n<p>Lavrovs apgalvoja, ka uz Putina rezidenti esot lidojis 91 drons, visi izn\u012bcin\u0101ti, nek\u0101das inform\u0101cijas par cietu\u0161ajiem vai kait\u0113jumu neesot. Vi\u0146\u0161 draud\u0113ja, ka Krievija noteikti atriebsies un ar\u012b p\u0101rskat\u012bs \u201csarunu poz\u012bciju\u201d. \u201cKrievijas Feder\u0101cijas sarunu poz\u012bcija tiks p\u0101rskat\u012bta, \u0146emot v\u0113r\u0101 Kijivas re\u017e\u012bma gal\u012bgo p\u0101reju uz valsts terorisma politiku,\u201d aci nepamirk\u0161\u0137inot pazi\u0146ojis Ukrainu jau 1405 dienas posto\u0161\u0101s agresorvalsts \u0101rlietu un vienlaikus ar\u012b propagandas rupors Lavrovs. \u201cKrievijas Feder\u0101cijas bru\u0146otie sp\u0113li jau ir noteiku\u0161i atbildes trieciena laiku un objektus.\u201d<\/p>\n","protected":false},"excerpt":{"rendered":"Tikm\u0113r Krievija pazi\u0146oja, ka pastiprin\u0101s savus triecienus Ukrainai, jo, l\u016bk, t\u0101 esot uzdro\u0161in\u0101jusies\u00a0uzbrukt Krem\u013ca diktatora Vladimira Putina Valdajas&hellip;\n","protected":false},"author":2,"featured_media":89235,"comment_status":"","ping_status":"","sticky":false,"template":"","format":"standard","meta":{"footnotes":""},"categories":[14],"tags":[23,57,28,29,32,33,22,30,31,35,39,38,36,37,34,40,20,26,27,24,25,54,55,56,21,58],"class_list":{"0":"post-89234","1":"post","2":"type-post","3":"status-publish","4":"format-standard","5":"has-post-thumbnail","7":"category-zinas-no-arvalstim","8":"tag-aktualitates","9":"tag-arvalstim","10":"tag-breaking-news","11":"tag-breakingnews","12":"tag-featured-news","13":"tag-featurednews","14":"tag-headlines","15":"tag-latest-news","16":"tag-latestnews","17":"tag-latvia","18":"tag-latvian","19":"tag-latviesu","20":"tag-latviesu-valoda","21":"tag-latviesuvaloda","22":"tag-latvija","23":"tag-lv","24":"tag-news","25":"tag-popularakas-zinas","26":"tag-popularakaszinas","27":"tag-top-stories","28":"tag-topstories","29":"tag-world","30":"tag-world-news","31":"tag-worldnews","32":"tag-zinas","33":"tag-zinas-no-arvalstim"},"share_on_mastodon":{"url":"https:\/\/pubeurope.com\/@lv\/115804613063087272","error":""},"_links":{"self":[{"href":"https:\/\/www.europesays.com\/lv\/wp-json\/wp\/v2\/posts\/89234","targetHints":{"allow":["GET"]}}],"collection":[{"href":"https:\/\/www.europesays.com\/lv\/wp-json\/wp\/v2\/posts"}],"about":[{"href":"https:\/\/www.europesays.com\/lv\/wp-json\/wp\/v2\/types\/post"}],"author":[{"embeddable":true,"href":"https:\/\/www.europesays.com\/lv\/wp-json\/wp\/v2\/users\/2"}],"replies":[{"embeddable":true,"href":"https:\/\/www.europesays.com\/lv\/wp-json\/wp\/v2\/comments?post=89234"}],"version-history":[{"count":0,"href":"https:\/\/www.europesays.com\/lv\/wp-json\/wp\/v2\/posts\/89234\/revisions"}],"wp:featuredmedia":[{"embeddable":true,"href":"https:\/\/www.europesays.com\/lv\/wp-json\/wp\/v2\/media\/89235"}],"wp:attachment":[{"href":"https:\/\/www.europesays.com\/lv\/wp-json\/wp\/v2\/media?parent=89234"}],"wp:term":[{"taxonomy":"category","embeddable":true,"href":"https:\/\/www.europesays.com\/lv\/wp-json\/wp\/v2\/categories?post=89234"},{"taxonomy":"post_tag","embeddable":true,"href":"https:\/\/www.europesays.com\/lv\/wp-json\/wp\/v2\/tags?post=89234"}],"curies":[{"name":"wp","href":"https:\/\/api.w.org\/{rel}","templated":true}]}}