{"id":89242,"date":"2025-12-29T20:30:08","date_gmt":"2025-12-29T20:30:08","guid":{"rendered":"https:\/\/www.europesays.com\/lv\/89242\/"},"modified":"2025-12-29T20:30:08","modified_gmt":"2025-12-29T20:30:08","slug":"spanija-izvietojusi-lietuva-pretdronu-sistemas","status":"publish","type":"post","link":"https:\/\/www.europesays.com\/lv\/89242\/","title":{"rendered":"Sp\u0101nija izvietojusi Lietuv\u0101 pretdronu sist\u0113mas"},"content":{"rendered":"<p>T\u0101 nor\u0101d\u012bja, ka sist\u0113mas paredz\u0113tas, lai atkl\u0101tu, uzraudz\u012btu un neitraliz\u0113tu dronus, kas var\u0113tu apdraud\u0113t milit\u0101r\u0101s vien\u012bbas un infrastrukt\u016bru.<\/p>\n<p>&#8220;Sp\u0101nijas konsekventie l\u0113mumi sniegt ieguld\u012bjumu Baltijas j\u016bras re\u0123iona pretgaisa aizsardz\u012bb\u0101 ir skaidrs apliecin\u0101jums politiskajai gribai un ap\u0146\u0113m\u012bbai \u012bstenot <a href=\"https:\/\/www.tvnet.lv\/term\/9898\/nato\" class=\"topicLink\" target=\"_blank\" rel=\"nofollow noopener\">NATO<\/a> kolekt\u012bvo aizsardz\u012bbu. \u0160\u0101da sabiedroto r\u012bc\u012bba stiprina attur\u0113\u0161anu, nep\u0101rprotami apliecina alianses vienot\u012bbu un ir svar\u012bga Lietuvas un visa austrumu flanga dro\u0161\u012bbai,&#8221; sac\u012bjis Lietuvas aizsardz\u012bbas ministrs Roberts Kauns.<\/p>\n<p>Sist\u0113mas atrodas \u0160au\u013cu aviob\u0101z\u0113, t\u0101s apkalpo devi\u0146as Sp\u0101nijas milit\u0101rpersonas.<\/p>\n<p>Ar \u0161o sist\u0113mu pal\u012bdz\u012bbu past\u0101v\u012bgi tiek nov\u0113rota gaisa telpa, lai aizsarg\u0101tu NATO austrumu robe\u017eu no neidentific\u0113tiem droniem un meteorolo\u0123isk\u0101m zond\u0113m.<\/p>\n<p>Sist\u0113ma &#8220;Crow&#8221; izmanto radaru, kameru, sensoru un elektronisk\u0101s kaujas l\u012bdzek\u013cu kombin\u0101ciju, veidojot &#8220;viedo vairogu&#8221;, lai aizsarg\u0101tu kritisko infrastrukt\u016bru, lidostas un milit\u0101r\u0101s vien\u012bbas.<\/p>\n<p><a href=\"https:\/\/www.tvnet.lv\/term\/555457\/spanija\" class=\"topicLink\" target=\"_blank\" rel=\"nofollow noopener\">Sp\u0101nija<\/a> pa\u0161laik ar\u012b vada NATO gaisa telpas patrul\u0113\u0161anas misijas 70. rot\u0101ciju Lietuv\u0101. \u0160au\u013cu aviob\u0101z\u0113 ir izvietots Sp\u0101nijas Gaisa sp\u0113ku kontingents ar izn\u012bcin\u0101t\u0101jiem F-18.<\/p>\n<p>Jau zi\u0146ots, ka cigare\u0161u kontrabandistu no Baltkrievijas palaistie meteorolo\u0123iskie baloni p\u0113d\u0113jos m\u0113ne\u0161os bie\u017ei trauc\u0113ja Vi\u013c\u0146as lidostas darbu, to d\u0113\u013c vair\u0101kas reizes ned\u0113\u013c\u0101 tika p\u0101rtraukta lidma\u0161\u012bnu pacel\u0161an\u0101s un nolai\u0161an\u0101s. P\u0113d\u0113j\u0101 laik\u0101 \u0161\u0101du gad\u012bjumu nav bijis. Lietuvas \u0101rlietu ministrs \u0136\u0113stutis Budris decembra vid\u016b pazi\u0146oja, ka Baltkrievijas diktators Aleksandrs Luka\u0161enko ASV \u012bpa\u0161ajam s\u016btnim Baltkrievijas jaut\u0101jumos D\u017eonam Kolam sol\u012bjis atrisin\u0101t probl\u0113mu saist\u012bb\u0101 ar kontrabandas meteozon\u017eu palai\u0161anu uz Lietuvu.<\/p>\n<p>Savuk\u0101rt vasar\u0101 Lietuv\u0101 no Baltkrievijas ielidoja divi Krievijas bezpilota lidapar\u0101ti &#8220;Gerbera&#8221;, no kuriem vien\u0101 bija spr\u0101gstvielas.<\/p>\n","protected":false},"excerpt":{"rendered":"T\u0101 nor\u0101d\u012bja, ka sist\u0113mas paredz\u0113tas, lai atkl\u0101tu, uzraudz\u012btu un neitraliz\u0113tu dronus, kas var\u0113tu apdraud\u0113t milit\u0101r\u0101s vien\u012bbas un infrastrukt\u016bru.&hellip;\n","protected":false},"author":2,"featured_media":89243,"comment_status":"","ping_status":"","sticky":false,"template":"","format":"standard","meta":{"footnotes":""},"categories":[14],"tags":[23,57,28,29,32,33,22,30,31,35,39,38,36,37,34,40,71,20,26,27,1670,24,25,54,55,56,21,58],"class_list":{"0":"post-89242","1":"post","2":"type-post","3":"status-publish","4":"format-standard","5":"has-post-thumbnail","7":"category-zinas-no-arvalstim","8":"tag-aktualitates","9":"tag-arvalstim","10":"tag-breaking-news","11":"tag-breakingnews","12":"tag-featured-news","13":"tag-featurednews","14":"tag-headlines","15":"tag-latest-news","16":"tag-latestnews","17":"tag-latvia","18":"tag-latvian","19":"tag-latviesu","20":"tag-latviesu-valoda","21":"tag-latviesuvaloda","22":"tag-latvija","23":"tag-lv","24":"tag-nato","25":"tag-news","26":"tag-popularakas-zinas","27":"tag-popularakaszinas","28":"tag-spanija","29":"tag-top-stories","30":"tag-topstories","31":"tag-world","32":"tag-world-news","33":"tag-worldnews","34":"tag-zinas","35":"tag-zinas-no-arvalstim"},"share_on_mastodon":{"url":"https:\/\/pubeurope.com\/@lv\/115804754599250937","error":""},"_links":{"self":[{"href":"https:\/\/www.europesays.com\/lv\/wp-json\/wp\/v2\/posts\/89242","targetHints":{"allow":["GET"]}}],"collection":[{"href":"https:\/\/www.europesays.com\/lv\/wp-json\/wp\/v2\/posts"}],"about":[{"href":"https:\/\/www.europesays.com\/lv\/wp-json\/wp\/v2\/types\/post"}],"author":[{"embeddable":true,"href":"https:\/\/www.europesays.com\/lv\/wp-json\/wp\/v2\/users\/2"}],"replies":[{"embeddable":true,"href":"https:\/\/www.europesays.com\/lv\/wp-json\/wp\/v2\/comments?post=89242"}],"version-history":[{"count":0,"href":"https:\/\/www.europesays.com\/lv\/wp-json\/wp\/v2\/posts\/89242\/revisions"}],"wp:featuredmedia":[{"embeddable":true,"href":"https:\/\/www.europesays.com\/lv\/wp-json\/wp\/v2\/media\/89243"}],"wp:attachment":[{"href":"https:\/\/www.europesays.com\/lv\/wp-json\/wp\/v2\/media?parent=89242"}],"wp:term":[{"taxonomy":"category","embeddable":true,"href":"https:\/\/www.europesays.com\/lv\/wp-json\/wp\/v2\/categories?post=89242"},{"taxonomy":"post_tag","embeddable":true,"href":"https:\/\/www.europesays.com\/lv\/wp-json\/wp\/v2\/tags?post=89242"}],"curies":[{"name":"wp","href":"https:\/\/api.w.org\/{rel}","templated":true}]}}