{"id":89246,"date":"2025-12-29T20:42:08","date_gmt":"2025-12-29T20:42:08","guid":{"rendered":"https:\/\/www.europesays.com\/lv\/89246\/"},"modified":"2025-12-29T20:42:08","modified_gmt":"2025-12-29T20:42:08","slug":"ka-atpazit-serijveida-slepkavu-siem-45-noziedzniekiem-bija-cetras-kopigas-iezimes","status":"publish","type":"post","link":"https:\/\/www.europesays.com\/lv\/89246\/","title":{"rendered":"K\u0101 atpaz\u012bt s\u0113rijveida slepkavu? \u0160iem 45 noziedzniekiem bija \u010detras kop\u012bgas iez\u012bmes\u2026"},"content":{"rendered":"<p>    <img decoding=\"async\" src=\"https:\/\/www.europesays.com\/lv\/wp-content\/uploads\/2025\/12\/pexels-ron-lach-10473509-1024x683.jpg\" alt=\"&#10;\"\/><\/p>\n<p>Foto: Pexels,com\n<\/p>\n<p>22:24, 29. decembris 2025<\/p>\n<p>Psihologi ir atkl\u0101ju\u0161i, k\u0101 iesp\u0113jams atpaz\u012bt potenci\u0101lu s\u0113rijveida slepkavu un nor\u0101da, ka ir \u010detras galven\u0101s iez\u012bmes, kur\u0101m j\u0101piev\u0113r\u0161 uzman\u012bba.<\/p>\n<p>        Las\u012bt\u0101kie<br \/>\n        <a data-imagesrc=\"{&quot;300&quot;:&quot;https:\\\/\\\/lastatic.ams3.cdn.digitaloceanspaces.com\\\/2017\\\/12\\\/jaunais-300x200.jpg&quot;,&quot;768&quot;:&quot;https:\\\/\\\/lastatic.ams3.cdn.digitaloceanspaces.com\\\/2017\\\/12\\\/jaunais-768x512.jpg&quot;,&quot;80&quot;:&quot;https:\\\/\\\/lastatic.ams3.cdn.digitaloceanspaces.com\\\/2017\\\/12\\\/jaunais-80x48.jpg&quot;,&quot;112&quot;:&quot;https:\\\/\\\/lastatic.ams3.cdn.digitaloceanspaces.com\\\/2017\\\/12\\\/jaunais-112x64.jpg&quot;,&quot;664&quot;:&quot;https:\\\/\\\/lastatic.ams3.cdn.digitaloceanspaces.com\\\/2017\\\/12\\\/jaunais-664x443.jpg&quot;,&quot;240&quot;:&quot;https:\\\/\\\/lastatic.ams3.cdn.digitaloceanspaces.com\\\/2017\\\/12\\\/jaunais-240x160.jpg&quot;,&quot;263&quot;:&quot;https:\\\/\\\/lastatic.ams3.cdn.digitaloceanspaces.com\\\/2017\\\/12\\\/jaunais-263x175.jpg&quot;,&quot;507&quot;:&quot;https:\\\/\\\/lastatic.ams3.cdn.digitaloceanspaces.com\\\/2017\\\/12\\\/jaunais-507x338.jpg&quot;,&quot;118&quot;:&quot;https:\\\/\\\/lastatic.ams3.cdn.digitaloceanspaces.com\\\/2017\\\/12\\\/jaunais-118x70.jpg&quot;,&quot;348&quot;:&quot;https:\\\/\\\/lastatic.ams3.cdn.digitaloceanspaces.com\\\/2017\\\/12\\\/jaunais-348x225.jpg&quot;,&quot;640&quot;:&quot;https:\\\/\\\/lastatic.ams3.cdn.digitaloceanspaces.com\\\/2017\\\/12\\\/jaunais-640x640.jpg&quot;,&quot;90&quot;:&quot;https:\\\/\\\/lastatic.ams3.cdn.digitaloceanspaces.com\\\/2017\\\/12\\\/jaunais-90x58.jpg&quot;,&quot;960&quot;:&quot;https:\\\/\\\/lastatic.ams3.cdn.digitaloceanspaces.com\\\/2017\\\/12\\\/jaunais.jpg&quot;}\" data-focuspoint=\"&quot;&quot;\" data-p=\"2477013\" href=\"https:\/\/www.la.lv\/ko-vilkt-mugura-sagaidot-uguniga-zirga-gadu-padomi-katrai-zodiaka-zimei-lai-piesaistitu-veiksmi-un-harmoniju\" class=\"content-item lazy-load\" wp_automatic_readability=\"27.5\" rel=\"nofollow noopener\" target=\"_blank\"><\/p>\n<p>                                <img decoding=\"async\" src=\"\" alt=\"\" style=\"\" data-imageid=\"\"\/><\/p>\n<p>                                Kokteilis<\/p>\n<p>\n                                                Ko vilkt mugur\u0101, sagaidot Ugun\u012bg\u0101 Zirga gadu? Padomi katrai zodiaka z\u012bmei, lai piesaist\u012btu veiksmi un harmoniju\n                            <\/p>\n<p><\/a><a data-imagesrc=\"{&quot;300&quot;:&quot;https:\\\/\\\/lastatic.ams3.cdn.digitaloceanspaces.com\\\/2025\\\/01\\\/DSC05590--300x200.jpg&quot;,&quot;1024&quot;:&quot;https:\\\/\\\/lastatic.ams3.cdn.digitaloceanspaces.com\\\/2025\\\/01\\\/DSC05590--1024x683.jpg&quot;,&quot;768&quot;:&quot;https:\\\/\\\/lastatic.ams3.cdn.digitaloceanspaces.com\\\/2025\\\/01\\\/DSC05590--768x512.jpg&quot;,&quot;1536&quot;:&quot;https:\\\/\\\/lastatic.ams3.cdn.digitaloceanspaces.com\\\/2025\\\/01\\\/DSC05590--1536x1024.jpg&quot;,&quot;2048&quot;:&quot;https:\\\/\\\/lastatic.ams3.cdn.digitaloceanspaces.com\\\/2025\\\/01\\\/DSC05590--2048x1365.jpg&quot;,&quot;200&quot;:&quot;https:\\\/\\\/lastatic.ams3.cdn.digitaloceanspaces.com\\\/2025\\\/01\\\/DSC05590--200x133.jpg&quot;,&quot;400&quot;:&quot;https:\\\/\\\/lastatic.ams3.cdn.digitaloceanspaces.com\\\/2025\\\/01\\\/DSC05590--400x267.jpg&quot;,&quot;500&quot;:&quot;https:\\\/\\\/lastatic.ams3.cdn.digitaloceanspaces.com\\\/2025\\\/01\\\/DSC05590--500x333.jpg&quot;,&quot;800&quot;:&quot;https:\\\/\\\/lastatic.ams3.cdn.digitaloceanspaces.com\\\/2025\\\/01\\\/DSC05590--800x533.jpg&quot;,&quot;1000&quot;:&quot;https:\\\/\\\/lastatic.ams3.cdn.digitaloceanspaces.com\\\/2025\\\/01\\\/DSC05590--1000x667.jpg&quot;,&quot;2560&quot;:&quot;https:\\\/\\\/lastatic.ams3.cdn.digitaloceanspaces.com\\\/2025\\\/01\\\/DSC05590--scaled.jpg&quot;}\" data-focuspoint=\"&quot;&quot;\" data-p=\"2486589\" href=\"https:\/\/www.la.lv\/tas-tiesam-ir-tads-apkaunojums-valsts-kulturkapitala-fonda-lemums-izsauc-asas-reakcijas-sabiedribas-vidu\" class=\"content-item lazy-load\" wp_automatic_readability=\"26.5\" rel=\"nofollow noopener\" target=\"_blank\"><\/p>\n<p>                                <img decoding=\"async\" src=\"\" alt=\"\" style=\"\" data-imageid=\"\"\/><\/p>\n<p>\n                                                \u201cTas tie\u0161\u0101m ir t\u0101ds apkaunojums\u2026\u201d Valsts kult\u016brkapit\u0101la fonda l\u0113mums izsauc asas reakcijas sabiedr\u012bbas vid\u016b\n                            <\/p>\n<p><\/a><a data-imagesrc=\"{&quot;300&quot;:&quot;https:\\\/\\\/lastatic.ams3.cdn.digitaloceanspaces.com\\\/2023\\\/11\\\/sdlk24mngcwezs-nh-1-1-300x200.jpg&quot;,&quot;768&quot;:&quot;https:\\\/\\\/lastatic.ams3.cdn.digitaloceanspaces.com\\\/2023\\\/11\\\/sdlk24mngcwezs-nh-1-1-768x512.jpg&quot;,&quot;200&quot;:&quot;https:\\\/\\\/lastatic.ams3.cdn.digitaloceanspaces.com\\\/2023\\\/11\\\/sdlk24mngcwezs-nh-1-1-200x133.jpg&quot;,&quot;400&quot;:&quot;https:\\\/\\\/lastatic.ams3.cdn.digitaloceanspaces.com\\\/2023\\\/11\\\/sdlk24mngcwezs-nh-1-1-400x267.jpg&quot;,&quot;500&quot;:&quot;https:\\\/\\\/lastatic.ams3.cdn.digitaloceanspaces.com\\\/2023\\\/11\\\/sdlk24mngcwezs-nh-1-1-500x334.jpg&quot;,&quot;800&quot;:&quot;https:\\\/\\\/lastatic.ams3.cdn.digitaloceanspaces.com\\\/2023\\\/11\\\/sdlk24mngcwezs-nh-1-1-800x534.jpg&quot;,&quot;1000&quot;:&quot;https:\\\/\\\/lastatic.ams3.cdn.digitaloceanspaces.com\\\/2023\\\/11\\\/sdlk24mngcwezs-nh-1-1.jpg&quot;}\" data-focuspoint=\"&quot;&quot;\" data-p=\"2486455\" href=\"https:\/\/www.la.lv\/zaluznijs-iespejams-gatavojas-veikt-nozimigu-soli-avoti-atklaj-kas-vinam-ir-padoma\" class=\"content-item lazy-load\" wp_automatic_readability=\"27.5\" rel=\"nofollow noopener\" target=\"_blank\"><\/p>\n<p>                                <img decoding=\"async\" src=\"\" alt=\"\" style=\"\" data-imageid=\"\"\/><\/p>\n<p>\n                                                Zalu\u017enijs, iesp\u0113jams, gatavojas veikt noz\u012bm\u012bgu soli \u2013 avoti atkl\u0101j, kas vi\u0146am ir padom\u0101\n                            <\/p>\n<p><\/a><br \/>\n        <a class=\"read-more\" href=\"https:\/\/www.la.lv\/top\" rel=\"nofollow noopener\" target=\"_blank\">Las\u012bt citas zi\u0146as<\/a><\/p>\n<p>V\u0101cijas p\u0113tnieki analiz\u0113ja liec\u012bbas no 45 s\u0113rijveida slepkav\u0101m, kas noziegumus veiku\u0161i p\u0113d\u0113jo 60 gadu laik\u0101, zi\u0146o <a href=\"https:\/\/www.dailymail.co.uk\/sciencetech\/article-15309167\/spot-serial-killer-45-notorious-murderers-4-traits.html\" rel=\"nofollow noopener\" target=\"_blank\">Daily Mail<\/a>. Tika atkl\u0101ts, ka vi\u0146us raksturo \u010detras specifiskas narcisma formas: p\u0101rm\u0113r\u012bga s\u0101ncens\u012bba, p\u0101rm\u0113r\u012bga apbr\u012bna, izol\u0101cija no citiem un p\u0101rsp\u012bl\u0113ts naid\u012bgums.<\/p>\n<p>P\u0101rm\u0113r\u012bga s\u0101ncens\u012bba izpau\u017eas k\u0101 citu noniecin\u0101\u0161ana un v\u0113lme domin\u0113t, kam\u0113r apbr\u012bna izpau\u017eas k\u0101 past\u0101v\u012bga sevis slav\u0113\u0161ana un dzi\u013ca nepiecie\u0161am\u012bba p\u0113c apk\u0101rt\u0113jo atzin\u012bbas. Savuk\u0101rt, ja run\u0101jam par naid\u012bgumu, tas izpau\u017eas k\u0101 paranoja, agresivit\u0101te un p\u0101rliec\u012bba, ka vi\u0146\u0161 tiek netaisn\u012bgi apcelts vai ignor\u0113ts. Savuk\u0101rt izol\u0101cija noz\u012bm\u0113 v\u0113lmi norobe\u017eoties no citiem, lai aizsarg\u0101tu savu trauslo pa\u0161cie\u0146u.<\/p>\n<p>    CITI \u0160OBR\u012aD LASA<\/p>\n<p>P\u0113t\u012bjuma autore uzsver, ka s\u0113rijveida slepkavu psiholo\u0123ija ir daudz sare\u017e\u0123\u012bt\u0101ka, nek\u0101 vairums iedom\u0101jas. \u0160ie cilv\u0113ki nav tikai egocentriski vai varask\u0101ri \u2014 vi\u0146i ir ar\u012b ievainojami, j\u016bt\u012bgi un nereti p\u0101r\u0146emti ar dzi\u013cu aizvainojumu. Tas nav attaisnojums, bet iesp\u0113ja lab\u0101k izprast dzi\u013c\u0101kos meh\u0101nismus, kas sl\u0113pjas aiz \u0161iem \u0161ausmino\u0161ajiem noziegumiem.<\/p>\n<p>P\u0113t\u012bjum\u0101 tika izmantota \u201cRadford\/FGCU\u201d s\u0113rijveida slepkavu datub\u0101ze, kur\u0101 apkopota inform\u0101cija par vair\u0101k nek\u0101 1043 indiv\u012bdiem. Tika izv\u0113l\u0113ti 45 v\u012brie\u0161i, kas darboju\u0161ies no 1960. l\u012bdz 2021. gadam, galvenok\u0101rt vienatn\u0113, \u0101rpus grup\u0101m vai band\u0101m, un visi tika noties\u0101ti. Vi\u0146u upuru skaits sv\u0101rst\u012bj\u0101s no diviem l\u012bdz 22.<\/p>\n<p>Liel\u0101koties iepriek\u0161 min\u0113t\u0101s \u012bpa\u0161\u012bbas p\u0101rkl\u0101j\u0101s \u2014 reti kura par\u0101d\u012bj\u0101s viena pati. Tom\u0113r p\u0113t\u012bjuma autori uzsver, ka \u0161\u012bs \u010detras iez\u012bmes nedr\u012bkst uzskat\u012bt par tie\u0161iem vai vien\u012bgajiem r\u0101d\u012bt\u0101jiem vardarb\u012bgai uzved\u012bbai. Narcistiskas \u012bpa\u0161\u012bbas bie\u017ei nov\u0113rojamas ar\u012b cilv\u0113kos, kas nekad neveic krimin\u0101las darb\u012bbas.<\/p>\n<p>T\u0113mas<\/p>\n<p>    SAIST\u012aTIE RAKSTI<\/p>\n","protected":false},"excerpt":{"rendered":"Foto: Pexels,com 22:24, 29. decembris 2025 Psihologi ir atkl\u0101ju\u0161i, k\u0101 iesp\u0113jams atpaz\u012bt potenci\u0101lu s\u0113rijveida slepkavu un nor\u0101da, ka&hellip;\n","protected":false},"author":2,"featured_media":89247,"comment_status":"","ping_status":"","sticky":false,"template":"","format":"standard","meta":{"footnotes":""},"categories":[14],"tags":[23,57,28,29,32,33,22,30,31,35,39,38,36,37,34,40,20,26,27,24,25,54,55,56,21,58],"class_list":{"0":"post-89246","1":"post","2":"type-post","3":"status-publish","4":"format-standard","5":"has-post-thumbnail","7":"category-zinas-no-arvalstim","8":"tag-aktualitates","9":"tag-arvalstim","10":"tag-breaking-news","11":"tag-breakingnews","12":"tag-featured-news","13":"tag-featurednews","14":"tag-headlines","15":"tag-latest-news","16":"tag-latestnews","17":"tag-latvia","18":"tag-latvian","19":"tag-latviesu","20":"tag-latviesu-valoda","21":"tag-latviesuvaloda","22":"tag-latvija","23":"tag-lv","24":"tag-news","25":"tag-popularakas-zinas","26":"tag-popularakaszinas","27":"tag-top-stories","28":"tag-topstories","29":"tag-world","30":"tag-world-news","31":"tag-worldnews","32":"tag-zinas","33":"tag-zinas-no-arvalstim"},"share_on_mastodon":{"url":"https:\/\/pubeurope.com\/@lv\/115804801803739589","error":""},"_links":{"self":[{"href":"https:\/\/www.europesays.com\/lv\/wp-json\/wp\/v2\/posts\/89246","targetHints":{"allow":["GET"]}}],"collection":[{"href":"https:\/\/www.europesays.com\/lv\/wp-json\/wp\/v2\/posts"}],"about":[{"href":"https:\/\/www.europesays.com\/lv\/wp-json\/wp\/v2\/types\/post"}],"author":[{"embeddable":true,"href":"https:\/\/www.europesays.com\/lv\/wp-json\/wp\/v2\/users\/2"}],"replies":[{"embeddable":true,"href":"https:\/\/www.europesays.com\/lv\/wp-json\/wp\/v2\/comments?post=89246"}],"version-history":[{"count":0,"href":"https:\/\/www.europesays.com\/lv\/wp-json\/wp\/v2\/posts\/89246\/revisions"}],"wp:featuredmedia":[{"embeddable":true,"href":"https:\/\/www.europesays.com\/lv\/wp-json\/wp\/v2\/media\/89247"}],"wp:attachment":[{"href":"https:\/\/www.europesays.com\/lv\/wp-json\/wp\/v2\/media?parent=89246"}],"wp:term":[{"taxonomy":"category","embeddable":true,"href":"https:\/\/www.europesays.com\/lv\/wp-json\/wp\/v2\/categories?post=89246"},{"taxonomy":"post_tag","embeddable":true,"href":"https:\/\/www.europesays.com\/lv\/wp-json\/wp\/v2\/tags?post=89246"}],"curies":[{"name":"wp","href":"https:\/\/api.w.org\/{rel}","templated":true}]}}