{"id":89308,"date":"2025-12-29T22:27:07","date_gmt":"2025-12-29T22:27:07","guid":{"rendered":"https:\/\/www.europesays.com\/lv\/89308\/"},"modified":"2025-12-29T22:27:07","modified_gmt":"2025-12-29T22:27:07","slug":"naskoties-zane-atklaj-savu-lielako-fiasko","status":"publish","type":"post","link":"https:\/\/www.europesays.com\/lv\/89308\/","title":{"rendered":"Na\u0161\u0137oties Zane atkl\u0101j savu liel\u0101ko fiasko"},"content":{"rendered":"<p>&#8220;FuckUp Nights&#8221; ir glob\u0101la kust\u012bba, kas ir radusies 2012. gad\u0101 Meksik\u0101, kad grupa draugu neform\u0101l\u0101 gaisotn\u0113 dal\u012bj\u0101s ar neveiksm\u0113m par savu profesion\u0101lo darb\u012bbu. Patlaban &#8220;FuckUp Nights&#8221; pas\u0101kumi tiek r\u012bkoti jau 204 pils\u0113t\u0101s vair\u0101k nek\u0101 40 valst\u012bs, kur sabiedr\u012bb\u0101 zin\u0101mi un maz\u0101k zin\u0101mi cilv\u0113ki nebaid\u0101s atkl\u0101t savas karjeras neveiksmes. Latvij\u0101 zin\u0101mu cilv\u0113ku pieredzes st\u0101sti pieejami ar\u012b &#8220;LMT Viedtelev\u012bzij\u0101&#8221;.<\/p>\n<p>Zane atminas, ka p\u0113c otr\u0101s gr\u0101matas izdo\u0161anas vi\u0146a v\u0113l\u0113jusies paturpin\u0101t skaisto fotogr\u0101fiju st\u0101stu, un izdod kalend\u0101ru. &#8220;Aug\u0161\u0101 skaistas fotogr\u0101fijas, apak\u0161\u0101 rikt\u012bgi daudz vietas, kur kaut ko sarakst\u012bt.&#8221;<\/p>\n<p>Vi\u0146a turpina: &#8220;M\u0113s, protams, to visu izdom\u0101j\u0101m p\u0113d\u0113j\u0101 br\u012bd\u012b &#8211; decembr\u012b. Es nezinu, ar k\u0101diem l\u012bdzek\u013ciem, bet m\u0113s tik\u0101m druk\u0101. Un rikt\u012bgi for\u0161i tie kalend\u0101ri san\u0101ca! Es biju tik priec\u012bga! L\u012bdz vienam vakaram, kad m\u016bsu fotogr\u0101fe Anda raksta, ka vi\u0146ai laikam ticis br\u0101\u0137\u0113ts kalend\u0101rs &#8211;<\/p>\n<blockquote class=\"quote ck-widget\" contenteditable=\"false\">\n<p>visos m\u0113ne\u0161os ceturtdien\u0101s nav &#8220;t&#8221; burta.&#8221;<\/p>\n<\/blockquote>\n<p>Izr\u0101d\u0101s, br\u0101\u0137\u0113ti bija visi eksempl\u0101ri. &#8220;M\u0113s izdruk\u0101j\u0101m 500 kalend\u0101rus, bet 500 kalend\u0101ri ir diezgan daudz, ja saproti, ka esi vi\u0146us salaidis gr\u012bst\u0113\u2026&#8221;<\/p>\n<p>Komanda pl\u0101noja, k\u0101 iziet no situ\u0101cijas, izskatot pat variantu katram pievienot atvaino\u0161an\u0101s v\u0113stul\u012bti.<\/p>\n<p>&#8220;Man\u012b nekad nav bijis perfekcionists, bet pirmo reizi m\u016bsu komandas past\u0101v\u0113\u0161anas v\u0113stur\u0113 pie\u0146\u0113mu vienbals\u012bgu l\u0113mumu &#8211; kalend\u0101rus p\u0101rdruk\u0101t,&#8221; teic Zane, piebilstot, &#8220;K\u0101 var t\u0101du feileri uztais\u012bt? Tas bija baigi s\u0101p\u012bgi, m\u0113s iebrauc\u0101m auz\u0101s uz vair\u0101k\u0101m paliel\u0101m null\u0113m\u2026&#8221;<\/p>\n<p>K\u0101 zin\u0101ms, Na\u0161\u0137oties Zanes p\u016br\u0101 ir \u010detras pav\u0101rgr\u0101matas: &#8220;Na\u0161\u0137oties&#8221;, &#8220;Na\u0161\u0137oties b\u0113rn\u012bb\u0101&#8221;, &#8220;Vienk\u0101r\u0161i na\u0161\u0137oties&#8221; un &#8220;Na\u0161\u0137oties un ciemoties&#8221;.<\/p>\n<p>Raksts tapis sadarb\u012bb\u0101 ar &#8220;LMT Viedtelev\u012bziju&#8221;.<\/p>\n","protected":false},"excerpt":{"rendered":"&#8220;FuckUp Nights&#8221; ir glob\u0101la kust\u012bba, kas ir radusies 2012. gad\u0101 Meksik\u0101, kad grupa draugu neform\u0101l\u0101 gaisotn\u0113 dal\u012bj\u0101s ar&hellip;\n","protected":false},"author":2,"featured_media":89309,"comment_status":"","ping_status":"","sticky":false,"template":"","format":"standard","meta":{"footnotes":""},"categories":[19],"tags":[89,90,35,39,38,36,37,34,40,13095,5898],"class_list":{"0":"post-89308","1":"post","2":"type-post","3":"status-publish","4":"format-standard","5":"has-post-thumbnail","7":"category-izklaide","8":"tag-entertainment","9":"tag-izklaide","10":"tag-latvia","11":"tag-latvian","12":"tag-latviesu","13":"tag-latviesu-valoda","14":"tag-latviesuvaloda","15":"tag-latvija","16":"tag-lv","17":"tag-naskoties-zane","18":"tag-tv-izklaide"},"share_on_mastodon":{"url":"https:\/\/pubeurope.com\/@lv\/115805214837721437","error":""},"_links":{"self":[{"href":"https:\/\/www.europesays.com\/lv\/wp-json\/wp\/v2\/posts\/89308","targetHints":{"allow":["GET"]}}],"collection":[{"href":"https:\/\/www.europesays.com\/lv\/wp-json\/wp\/v2\/posts"}],"about":[{"href":"https:\/\/www.europesays.com\/lv\/wp-json\/wp\/v2\/types\/post"}],"author":[{"embeddable":true,"href":"https:\/\/www.europesays.com\/lv\/wp-json\/wp\/v2\/users\/2"}],"replies":[{"embeddable":true,"href":"https:\/\/www.europesays.com\/lv\/wp-json\/wp\/v2\/comments?post=89308"}],"version-history":[{"count":0,"href":"https:\/\/www.europesays.com\/lv\/wp-json\/wp\/v2\/posts\/89308\/revisions"}],"wp:featuredmedia":[{"embeddable":true,"href":"https:\/\/www.europesays.com\/lv\/wp-json\/wp\/v2\/media\/89309"}],"wp:attachment":[{"href":"https:\/\/www.europesays.com\/lv\/wp-json\/wp\/v2\/media?parent=89308"}],"wp:term":[{"taxonomy":"category","embeddable":true,"href":"https:\/\/www.europesays.com\/lv\/wp-json\/wp\/v2\/categories?post=89308"},{"taxonomy":"post_tag","embeddable":true,"href":"https:\/\/www.europesays.com\/lv\/wp-json\/wp\/v2\/tags?post=89308"}],"curies":[{"name":"wp","href":"https:\/\/api.w.org\/{rel}","templated":true}]}}