{"id":89363,"date":"2025-12-29T23:54:07","date_gmt":"2025-12-29T23:54:07","guid":{"rendered":"https:\/\/www.europesays.com\/lv\/89363\/"},"modified":"2025-12-29T23:54:07","modified_gmt":"2025-12-29T23:54:07","slug":"putins-pavelejis-ienemt-zaporizju-cetru-kara-gadu-laika-krievi-ienemusi-tikai-vienu-ukrainas-apgabala-centru-no-kura-nacas-izvakties-pec-pusgada","status":"publish","type":"post","link":"https:\/\/www.europesays.com\/lv\/89363\/","title":{"rendered":"Putins pav\u0113l\u0113jis ie\u0146emt Zapori\u017eju. \u010cetru kara gadu laik\u0101 krievi ie\u0146\u0113mu\u0161i tikai vienu Ukrainas apgabala centru, no kura n\u0101c\u0101s izv\u0101kties p\u0113c pusgada"},"content":{"rendered":"<p>\u0160ovasar pla\u0161sazi\u0146as l\u012bdzek\u013cos par\u0101d\u012bj\u0101s zi\u0146as, ka Putins it k\u0101 esot piek\u0101pies Trampam un vairs neprasot vi\u0146am atdot Zapori\u017ejas un Hersonas pils\u0113tas ar \u0161o apgabalu v\u0113l neie\u0146emtaj\u0101m teritorij\u0101m, pret\u012b prasot, lai Ukraina piln\u012bb\u0101 atdod Doneckas un Luhanskas apgabalus, ieskaitot t\u0101das pils\u0113tas k\u0101 Kramatorska un Slovjanska ar visiem sp\u0113c\u012bgajiem nocietin\u0101jumiem, kurus krievi tr\u012bsarpus gadu laik\u0101 t\u0101 ar\u012b nav sp\u0113ju\u0161i iekarot. Ja Ukraina atdotu savus nocietin\u0101jumus, krievu okupantiem pav\u0113rtos daudz br\u012bv\u0101ks ce\u013c\u0161 turpm\u0101kiem uzbrukumiem gan Ukrainas otr\u0101s liel\u0101k\u0101s pils\u0113tas Harkivas, gan Dnipro, gan galvaspils\u0113tas Kijivas virzien\u0101. Tiesa, pa\u0161as Krievijas pla\u0161sazi\u0146as l\u012bdzek\u013cos un amatpersonu izteikumos nek\u0101das piek\u0101p\u0161an\u0101s nav atrodamas, pras\u012bbas joproj\u0101m ir maksim\u0101las. Savuk\u0101rt odiozais eksprezidents un pa\u0161reiz\u0113jais Dro\u0161\u012bbas padomes priek\u0161s\u0113d\u0113t\u0101ja vietnieks Dmitrijs Medvedevs visp\u0101r nesl\u0113pj, ka sen nav runas par kaut k\u0101du \u201cdenacifik\u0101ciju un demilitariz\u0101ciju\u201d, bet Krieviju interes\u0113 tikai piln\u012bga Ukrainas izn\u012bcin\u0101\u0161ana un t\u0101s teritorijas aneksija, bet p\u0113c tam pien\u0101ks k\u0101rta ar\u012b cit\u0101m valst\u012bm. To pa\u0161u past\u0101v\u012bgi un tie\u0161\u0101 tekst\u0101 atk\u0101rto krievu propagandisti \u2014 Ukraina ir tikai pirmais \u0113diens, p\u0113c tam \u0137ersies kl\u0101t Baltijas valst\u012bm.<\/p>\n","protected":false},"excerpt":{"rendered":"\u0160ovasar pla\u0161sazi\u0146as l\u012bdzek\u013cos par\u0101d\u012bj\u0101s zi\u0146as, ka Putins it k\u0101 esot piek\u0101pies Trampam un vairs neprasot vi\u0146am atdot Zapori\u017ejas&hellip;\n","protected":false},"author":2,"featured_media":89364,"comment_status":"","ping_status":"","sticky":false,"template":"","format":"standard","meta":{"footnotes":""},"categories":[14],"tags":[23,57,28,29,32,33,22,30,31,35,39,38,36,37,34,40,20,26,27,24,25,54,55,56,21,58],"class_list":{"0":"post-89363","1":"post","2":"type-post","3":"status-publish","4":"format-standard","5":"has-post-thumbnail","7":"category-zinas-no-arvalstim","8":"tag-aktualitates","9":"tag-arvalstim","10":"tag-breaking-news","11":"tag-breakingnews","12":"tag-featured-news","13":"tag-featurednews","14":"tag-headlines","15":"tag-latest-news","16":"tag-latestnews","17":"tag-latvia","18":"tag-latvian","19":"tag-latviesu","20":"tag-latviesu-valoda","21":"tag-latviesuvaloda","22":"tag-latvija","23":"tag-lv","24":"tag-news","25":"tag-popularakas-zinas","26":"tag-popularakaszinas","27":"tag-top-stories","28":"tag-topstories","29":"tag-world","30":"tag-world-news","31":"tag-worldnews","32":"tag-zinas","33":"tag-zinas-no-arvalstim"},"share_on_mastodon":{"url":"https:\/\/pubeurope.com\/@lv\/115805556771410569","error":""},"_links":{"self":[{"href":"https:\/\/www.europesays.com\/lv\/wp-json\/wp\/v2\/posts\/89363","targetHints":{"allow":["GET"]}}],"collection":[{"href":"https:\/\/www.europesays.com\/lv\/wp-json\/wp\/v2\/posts"}],"about":[{"href":"https:\/\/www.europesays.com\/lv\/wp-json\/wp\/v2\/types\/post"}],"author":[{"embeddable":true,"href":"https:\/\/www.europesays.com\/lv\/wp-json\/wp\/v2\/users\/2"}],"replies":[{"embeddable":true,"href":"https:\/\/www.europesays.com\/lv\/wp-json\/wp\/v2\/comments?post=89363"}],"version-history":[{"count":0,"href":"https:\/\/www.europesays.com\/lv\/wp-json\/wp\/v2\/posts\/89363\/revisions"}],"wp:featuredmedia":[{"embeddable":true,"href":"https:\/\/www.europesays.com\/lv\/wp-json\/wp\/v2\/media\/89364"}],"wp:attachment":[{"href":"https:\/\/www.europesays.com\/lv\/wp-json\/wp\/v2\/media?parent=89363"}],"wp:term":[{"taxonomy":"category","embeddable":true,"href":"https:\/\/www.europesays.com\/lv\/wp-json\/wp\/v2\/categories?post=89363"},{"taxonomy":"post_tag","embeddable":true,"href":"https:\/\/www.europesays.com\/lv\/wp-json\/wp\/v2\/tags?post=89363"}],"curies":[{"name":"wp","href":"https:\/\/api.w.org\/{rel}","templated":true}]}}