{"id":89370,"date":"2025-12-30T00:08:08","date_gmt":"2025-12-30T00:08:08","guid":{"rendered":"https:\/\/www.europesays.com\/lv\/89370\/"},"modified":"2025-12-30T00:08:08","modified_gmt":"2025-12-30T00:08:08","slug":"video-%e2%9f%a9-virietim-csdd-jauno-likumu-del-neizdodas-registret-interneta-veikala-pirktu-braucamo","status":"publish","type":"post","link":"https:\/\/www.europesays.com\/lv\/89370\/","title":{"rendered":"VIDEO \u27e9 V\u012brietim CSDD jauno likumu d\u0113\u013c neizdodas re\u0123istr\u0113t interneta veikal\u0101 pirktu braucamo"},"content":{"rendered":"<p>P\u0101ris nor\u0101da, ka transportl\u012bdzeklis nepiecie\u0161ams gan ikdienas gait\u0101s, lai nok\u013c\u016btu l\u012bdz t\u012br\u0101mai teritorijai, gan lieliski noder\u0113s, lai dotos mak\u0161\u0137er\u0113t Al\u016bksnes ezer\u0101.<\/p>\n<p>V\u012brietis noskaidrojis, ka no n\u0101kam\u0101 gada \u0161\u0101ds pa\u0161g\u0101j\u0113jvelosip\u0113ds oblig\u0101ti b\u016bs j\u0101re\u0123istr\u0113 Ce\u013cu satiksmes dro\u0161\u012bbas direkcij\u0101. \u0122imene nol\u0113musi r\u012bkoties proakt\u012bvi un jau \u0161ogad devusies transportl\u012bdzekli piere\u0123istr\u0113t <a href=\"https:\/\/www.tvnet.lv\/term\/555567\/csdd\" class=\"topicLink\" target=\"_blank\" rel=\"nofollow noopener\">CSDD<\/a>, ta\u010du sa\u0146\u0113ma re\u0123istr\u0101cijas atteikumu. \u201cVi\u0146i pateica, ka nesakr\u012bt \u0161asijas numurs ar dokumentos nor\u0101d\u012bto. Teica, ka nevar t\u0101du re\u0123istr\u0113t,\u201d raid\u012bjuma nor\u0101da Aivars.<\/p>\n<p>No 1. janv\u0101ra \u0161\u0101di braucaml\u012bdzek\u013ci oblig\u0101ti j\u0101re\u0123istr\u0113 CSDD, k\u0101 ar\u012b j\u0101ieg\u0101d\u0101jas apdro\u0161in\u0101\u0161ana. Pension\u0101ru p\u0101ris nu noraiz\u0113ju\u0161ies, ka 1700 eiro, kas samaks\u0101ti par braucamr\u012bku, b\u016bs izt\u0113r\u0113ti velti.<\/p>\n<p>&#8220;J\u0101s\u0101k ar to, k\u0101 klasisk\u0101 latvie\u0161u film\u0101 teikts \u2013 dokumentiem j\u0101b\u016bt k\u0101rt\u012bb\u0101. \u0160is st\u0101sts ir par to, ka Eiropas tipa apliecin\u0101jum\u0101 eso\u0161\u0101 inform\u0101cija nesakr\u012bt ar to inform\u0101ciju, kas ir izvietota uz pa\u0161a transportl\u012bdzek\u013ca. Ir j\u0101b\u016bt vien\u0101diem cipariem, tad ar\u012b dokumenti b\u016btu k\u0101rt\u012bb\u0101, re\u0123istr\u0101cija netiktu atteikta. Ar n\u0101kamo gadu st\u0101jas sp\u0113k\u0101 jauni noteikumi, \u0161\u0101di transportl\u012bdzek\u013ci ar jaudu l\u012bdz 1kWh b\u016bs oblig\u0101ti j\u0101re\u0123istr\u0113 CSDD, lai tos lietotu satiksm\u0113. T\u0101pat nepiecie\u0161ams ieg\u0101d\u0101ties apdro\u0161in\u0101\u0161anu,&#8221; nor\u0101da CSDD p\u0101rst\u0101vis M\u0101rti\u0146\u0161 M\u0101lmeisters.<\/p>\n<p>Pla\u0161\u0101k &#8220;Bez tabu&#8221; si\u017eet\u0101!<\/p>\n","protected":false},"excerpt":{"rendered":"P\u0101ris nor\u0101da, ka transportl\u012bdzeklis nepiecie\u0161ams gan ikdienas gait\u0101s, lai nok\u013c\u016btu l\u012bdz t\u012br\u0101mai teritorijai, gan lieliski noder\u0113s, lai dotos&hellip;\n","protected":false},"author":2,"featured_media":89371,"comment_status":"","ping_status":"","sticky":false,"template":"","format":"standard","meta":{"footnotes":""},"categories":[5],"tags":[23,28,29,1145,32,33,22,30,31,35,39,38,36,37,34,40,20,26,27,24,25,21],"class_list":{"0":"post-89370","1":"post","2":"type-post","3":"status-publish","4":"format-standard","5":"has-post-thumbnail","7":"category-aktualitates","8":"tag-aktualitates","9":"tag-breaking-news","10":"tag-breakingnews","11":"tag-csdd","12":"tag-featured-news","13":"tag-featurednews","14":"tag-headlines","15":"tag-latest-news","16":"tag-latestnews","17":"tag-latvia","18":"tag-latvian","19":"tag-latviesu","20":"tag-latviesu-valoda","21":"tag-latviesuvaloda","22":"tag-latvija","23":"tag-lv","24":"tag-news","25":"tag-popularakas-zinas","26":"tag-popularakaszinas","27":"tag-top-stories","28":"tag-topstories","29":"tag-zinas"},"share_on_mastodon":{"url":"https:\/\/pubeurope.com\/@lv\/115805611811277592","error":""},"_links":{"self":[{"href":"https:\/\/www.europesays.com\/lv\/wp-json\/wp\/v2\/posts\/89370","targetHints":{"allow":["GET"]}}],"collection":[{"href":"https:\/\/www.europesays.com\/lv\/wp-json\/wp\/v2\/posts"}],"about":[{"href":"https:\/\/www.europesays.com\/lv\/wp-json\/wp\/v2\/types\/post"}],"author":[{"embeddable":true,"href":"https:\/\/www.europesays.com\/lv\/wp-json\/wp\/v2\/users\/2"}],"replies":[{"embeddable":true,"href":"https:\/\/www.europesays.com\/lv\/wp-json\/wp\/v2\/comments?post=89370"}],"version-history":[{"count":0,"href":"https:\/\/www.europesays.com\/lv\/wp-json\/wp\/v2\/posts\/89370\/revisions"}],"wp:featuredmedia":[{"embeddable":true,"href":"https:\/\/www.europesays.com\/lv\/wp-json\/wp\/v2\/media\/89371"}],"wp:attachment":[{"href":"https:\/\/www.europesays.com\/lv\/wp-json\/wp\/v2\/media?parent=89370"}],"wp:term":[{"taxonomy":"category","embeddable":true,"href":"https:\/\/www.europesays.com\/lv\/wp-json\/wp\/v2\/categories?post=89370"},{"taxonomy":"post_tag","embeddable":true,"href":"https:\/\/www.europesays.com\/lv\/wp-json\/wp\/v2\/tags?post=89370"}],"curies":[{"name":"wp","href":"https:\/\/api.w.org\/{rel}","templated":true}]}}