{"id":89382,"date":"2025-12-30T00:49:26","date_gmt":"2025-12-30T00:49:26","guid":{"rendered":"https:\/\/www.europesays.com\/lv\/89382\/"},"modified":"2025-12-30T00:49:26","modified_gmt":"2025-12-30T00:49:26","slug":"luk-kada-cilveciba-musu-valsti-sarmiti-un-vel-138-000-bernu-mammas-latvija-saeima-tikko-nobalsoja-apsmaukt-un-pamest-liktena-vara","status":"publish","type":"post","link":"https:\/\/www.europesays.com\/lv\/89382\/","title":{"rendered":"\u201cL\u016bk, k\u0101da cilv\u0113c\u012bba m\u016bsu valst\u012b!\u201d Sarm\u012bti un v\u0113l 138 000 b\u0113rnu mammas Latvij\u0101 Saeima tikko nobalsoja ap\u0161maukt un pamest likte\u0146a var\u0101"},"content":{"rendered":"<p>    <img decoding=\"async\" src=\"https:\/\/www.europesays.com\/lv\/wp-content\/uploads\/2025\/12\/sdlbm8lx-w9p3y-nh-1024x683.jpg\" alt=\"&#10;\"\/><\/p>\n<p>Foto. Scanpix\/AP Photo\/Francisco Seco\n<\/p>\n<p>12:09, 28. decembris 2025<\/p>\n<p>Pensija vecumdien\u0101s ir vien\u012bgais ien\u0101kumu avots liel\u0101kajai da\u013cai Latvijas senioru. Diem\u017e\u0113l mammas, kur\u0101m b\u0113rni piedzima laika posm\u0101 no 1991. l\u012bdz 1995. gadam, ir ap\u0161mauktas, jo nezin\u0101ja, ka vi\u0146\u0101m ik m\u0113nesi br\u012bvpr\u0101t\u012bgi j\u0101iemaks\u0101 soci\u0101l\u0101 nodok\u013ca maks\u0101jums.<\/p>\n<p>        Las\u012bt\u0101kie<br \/>\n        <a data-imagesrc=\"{&quot;300&quot;:&quot;https:\\\/\\\/lastatic.ams3.cdn.digitaloceanspaces.com\\\/2017\\\/12\\\/jaunais-300x200.jpg&quot;,&quot;768&quot;:&quot;https:\\\/\\\/lastatic.ams3.cdn.digitaloceanspaces.com\\\/2017\\\/12\\\/jaunais-768x512.jpg&quot;,&quot;80&quot;:&quot;https:\\\/\\\/lastatic.ams3.cdn.digitaloceanspaces.com\\\/2017\\\/12\\\/jaunais-80x48.jpg&quot;,&quot;112&quot;:&quot;https:\\\/\\\/lastatic.ams3.cdn.digitaloceanspaces.com\\\/2017\\\/12\\\/jaunais-112x64.jpg&quot;,&quot;664&quot;:&quot;https:\\\/\\\/lastatic.ams3.cdn.digitaloceanspaces.com\\\/2017\\\/12\\\/jaunais-664x443.jpg&quot;,&quot;240&quot;:&quot;https:\\\/\\\/lastatic.ams3.cdn.digitaloceanspaces.com\\\/2017\\\/12\\\/jaunais-240x160.jpg&quot;,&quot;263&quot;:&quot;https:\\\/\\\/lastatic.ams3.cdn.digitaloceanspaces.com\\\/2017\\\/12\\\/jaunais-263x175.jpg&quot;,&quot;507&quot;:&quot;https:\\\/\\\/lastatic.ams3.cdn.digitaloceanspaces.com\\\/2017\\\/12\\\/jaunais-507x338.jpg&quot;,&quot;118&quot;:&quot;https:\\\/\\\/lastatic.ams3.cdn.digitaloceanspaces.com\\\/2017\\\/12\\\/jaunais-118x70.jpg&quot;,&quot;348&quot;:&quot;https:\\\/\\\/lastatic.ams3.cdn.digitaloceanspaces.com\\\/2017\\\/12\\\/jaunais-348x225.jpg&quot;,&quot;640&quot;:&quot;https:\\\/\\\/lastatic.ams3.cdn.digitaloceanspaces.com\\\/2017\\\/12\\\/jaunais-640x640.jpg&quot;,&quot;90&quot;:&quot;https:\\\/\\\/lastatic.ams3.cdn.digitaloceanspaces.com\\\/2017\\\/12\\\/jaunais-90x58.jpg&quot;,&quot;960&quot;:&quot;https:\\\/\\\/lastatic.ams3.cdn.digitaloceanspaces.com\\\/2017\\\/12\\\/jaunais.jpg&quot;}\" data-focuspoint=\"&quot;&quot;\" data-p=\"2477013\" href=\"https:\/\/www.la.lv\/ko-vilkt-mugura-sagaidot-uguniga-zirga-gadu-padomi-katrai-zodiaka-zimei-lai-piesaistitu-veiksmi-un-harmoniju\" class=\"content-item lazy-load\" wp_automatic_readability=\"27.5\" rel=\"nofollow noopener\" target=\"_blank\"><\/p>\n<p>                                <img decoding=\"async\" src=\"\" alt=\"\" style=\"\" data-imageid=\"\"\/><\/p>\n<p>                                Kokteilis<\/p>\n<p>\n                                                Ko vilkt mugur\u0101, sagaidot Ugun\u012bg\u0101 Zirga gadu? Padomi katrai zodiaka z\u012bmei, lai piesaist\u012btu veiksmi un harmoniju\n                            <\/p>\n<p><\/a><a data-imagesrc=\"{&quot;300&quot;:&quot;https:\\\/\\\/lastatic.ams3.cdn.digitaloceanspaces.com\\\/2025\\\/12\\\/1-29-300x188.png&quot;,&quot;1024&quot;:&quot;https:\\\/\\\/lastatic.ams3.cdn.digitaloceanspaces.com\\\/2025\\\/12\\\/1-29-1024x640.png&quot;,&quot;1536&quot;:&quot;https:\\\/\\\/lastatic.ams3.cdn.digitaloceanspaces.com\\\/2025\\\/12\\\/1-29-1536x960.png&quot;,&quot;500&quot;:&quot;https:\\\/\\\/lastatic.ams3.cdn.digitaloceanspaces.com\\\/2025\\\/12\\\/1-29-500x313.png&quot;,&quot;800&quot;:&quot;https:\\\/\\\/lastatic.ams3.cdn.digitaloceanspaces.com\\\/2025\\\/12\\\/1-29-800x500.png&quot;,&quot;1600&quot;:&quot;https:\\\/\\\/lastatic.ams3.cdn.digitaloceanspaces.com\\\/2025\\\/12\\\/1-29.png&quot;}\" data-focuspoint=\"&quot;&quot;\" data-p=\"2479280\" href=\"https:\/\/www.la.lv\/kadi-notikumi-2026-gada-satricinas-latviju-maksligais-intelekta-paregojums-par-politikiem-ir-ipasi-intrigejoss\" class=\"content-item lazy-load\" wp_automatic_readability=\"26.5\" rel=\"nofollow noopener\" target=\"_blank\"><\/p>\n<p>                                <img decoding=\"async\" src=\"\" alt=\"\" style=\"\" data-imageid=\"\"\/><\/p>\n<p>                                Kokteilis<\/p>\n<p>\n                                                K\u0101di notikumi 2026. gad\u0101 satricin\u0101s Latviju? M\u0101ksl\u012bgais intelekta pare\u0123ojums par politi\u0137iem ir \u012bpa\u0161i intri\u0123\u0113jo\u0161s\n                            <\/p>\n<p><\/a><a data-imagesrc=\"{&quot;300&quot;:&quot;https:\\\/\\\/lastatic.ams3.cdn.digitaloceanspaces.com\\\/2023\\\/12\\\/LET_24751196-1-300x197.jpg&quot;,&quot;768&quot;:&quot;https:\\\/\\\/lastatic.ams3.cdn.digitaloceanspaces.com\\\/2023\\\/12\\\/LET_24751196-1-768x503.jpg&quot;,&quot;200&quot;:&quot;https:\\\/\\\/lastatic.ams3.cdn.digitaloceanspaces.com\\\/2023\\\/12\\\/LET_24751196-1-200x131.jpg&quot;,&quot;400&quot;:&quot;https:\\\/\\\/lastatic.ams3.cdn.digitaloceanspaces.com\\\/2023\\\/12\\\/LET_24751196-1-400x262.jpg&quot;,&quot;500&quot;:&quot;https:\\\/\\\/lastatic.ams3.cdn.digitaloceanspaces.com\\\/2023\\\/12\\\/LET_24751196-1-500x328.jpg&quot;,&quot;800&quot;:&quot;https:\\\/\\\/lastatic.ams3.cdn.digitaloceanspaces.com\\\/2023\\\/12\\\/LET_24751196-1-800x524.jpg&quot;,&quot;1000&quot;:&quot;https:\\\/\\\/lastatic.ams3.cdn.digitaloceanspaces.com\\\/2023\\\/12\\\/LET_24751196-1.jpg&quot;}\" data-focuspoint=\"&quot;&quot;\" data-p=\"2481553\" href=\"https:\/\/www.la.lv\/silinai-udens-jo-jabut-ar-skaidru-galvu-bet-caksai-konjacins-uz-kuru-ciere-ari-finansu-ministrs-puce-izpeta-kadu-it-ka-nevainigu-foto-no-saeimas\" class=\"content-item lazy-load\" wp_automatic_readability=\"28\" rel=\"nofollow noopener\" target=\"_blank\"><\/p>\n<p>                                <img decoding=\"async\" src=\"\" alt=\"\" style=\"\" data-imageid=\"\"\/><\/p>\n<p>                                TV24<\/p>\n<p>                                            \u201cSili\u0146ai \u016bdens, jo j\u0101b\u016bt ar skaidru galvu, bet \u010cak\u0161ai konjaci\u0146\u0161, uz kuru cier\u0113 ar\u012b finan\u0161u ministrs!\u201d Pu\u010de izp\u0113ta k\u0101du it k\u0101 nevain\u012bgu foto no Saeimas\n                            <\/p>\n<p><\/a><br \/>\n        <a class=\"read-more\" href=\"https:\/\/www.la.lv\/top\" rel=\"nofollow noopener\" target=\"_blank\">Las\u012bt citas zi\u0146as<\/a><\/p>\n<p>T\u0101 rezult\u0101t\u0101 vi\u0146\u0101m \u0161ie pieci gadi netiek ieskait\u012bti darba st\u0101\u017e\u0101, l\u012bdz ar to ar\u012b netiek ieskait\u012bti pensijas apr\u0113\u0137inos. Taj\u0101 laika posm\u0101 piedzima vair\u0101k k\u0101 138 000 b\u0113rnu, kas turpina att\u012bst\u012bt valsti, bet vi\u0146u mammas ir piekr\u0101ptas. Viena no \u0161\u012bm mamm\u0101m ir Sarm\u012bte, kura LA.LV ats\u016bt\u012bjusi ar\u012b savu st\u0101stu. <\/p>\n<p>\u201cAr\u012b es sask\u0101ros ar \u0161o likumu par soci\u0101l\u0101 nodok\u013ca maks\u0101jumiem. Pateicoties tam, ka nebiju inform\u0113ta par \u0161o likumu, zaud\u0113ju 5 gadus darba st\u0101\u017ea, jo laik\u0101 no 1994.g.- 1999.g. kopu slimo meiti\u0146u- gulo\u0161u b\u0113rnu inval\u012bdu no dzim\u0161anas. <\/p>\n<p>    CITI \u0160OBR\u012aD LASA<\/p>\n<p>Nezin\u0101ju, ka no invalidit\u0101tes pensijas, kas tolaik bija 50 lati, man v\u0113l j\u0101maks\u0101 soci\u0101lais nodoklis. \u0160\u012b nauda bija mums uz ab\u0101m, jo nevar\u0113ju str\u0101d\u0101t, biju vajadz\u012bga slimajai meiti\u0146ai un v\u0113l 2 jaun\u0101kiem b\u0113rniem.<\/p>\n<p>Kad p\u0113c daudziem gadiem to uzzin\u0101ju, teicu, ka tagad var\u0113tu tr\u016bksto\u0161o nodokli iemaks\u0101t, man atbild\u0113ja, ka ar atpaka\u013cejo\u0161u datumu tas nav iesp\u0113jams.<\/p>\n<p>Pie tam v\u0113l VSAA darbiniece man pateica, ka man pensija tik\u0161ot apr\u0113\u0137in\u0101ta tie\u0161i no 1991.-1995.gadam pamat\u0101, jo 1967.g dzimu\u0161ajiem r\u0113\u0137in\u0101s no \u0161iem gadiem.<\/p>\n<p>T\u0101tad man ir garant\u0113ta viszem\u0101k\u0101 pensija. L\u016bk t\u0101da ir cilv\u0113c\u012bba m\u016bsu valst\u012b. B\u0113d\u012bgi, bet fakts.\u201d<\/p>\n<p>Lai \u0161o k\u013c\u016bdu labotu, valstij b\u016btu j\u0101samaks\u0101 3,1 miljonu eiro. Pensiju speci\u0101l\u0101 bud\u017eeta p\u0101rpalikum\u0101 \u0161\u0101da nauda esot, jo n\u0101kamaj\u0101 gad\u0101 \u0161is p\u0101rpalikums pl\u0101nots ar 430 miljoniem eiro. Nacion\u0101l\u0101 apvien\u012bba aicin\u0101ja decembra s\u0101kum\u0101 \u0161o ideju atbalst\u012bt, bet vair\u0101kums to noraid\u012bja. <\/p>\n<p>T\u0113mas<\/p>\n<p>    SAIST\u012aTIE RAKSTI<\/p>\n","protected":false},"excerpt":{"rendered":"Foto. Scanpix\/AP Photo\/Francisco Seco 12:09, 28. decembris 2025 Pensija vecumdien\u0101s ir vien\u012bgais ien\u0101kumu avots liel\u0101kajai da\u013cai Latvijas senioru.&hellip;\n","protected":false},"author":2,"featured_media":89383,"comment_status":"","ping_status":"","sticky":false,"template":"","format":"standard","meta":{"footnotes":""},"categories":[12],"tags":[23,28,29,32,33,22,30,31,35,39,38,36,37,34,40,20,26,27,24,25,21],"class_list":{"0":"post-89382","1":"post","2":"type-post","3":"status-publish","4":"format-standard","5":"has-post-thumbnail","7":"category-latvija","8":"tag-aktualitates","9":"tag-breaking-news","10":"tag-breakingnews","11":"tag-featured-news","12":"tag-featurednews","13":"tag-headlines","14":"tag-latest-news","15":"tag-latestnews","16":"tag-latvia","17":"tag-latvian","18":"tag-latviesu","19":"tag-latviesu-valoda","20":"tag-latviesuvaloda","21":"tag-latvija","22":"tag-lv","23":"tag-news","24":"tag-popularakas-zinas","25":"tag-popularakaszinas","26":"tag-top-stories","27":"tag-topstories","28":"tag-zinas"},"share_on_mastodon":{"url":"https:\/\/pubeurope.com\/@lv\/115805773031622633","error":""},"_links":{"self":[{"href":"https:\/\/www.europesays.com\/lv\/wp-json\/wp\/v2\/posts\/89382","targetHints":{"allow":["GET"]}}],"collection":[{"href":"https:\/\/www.europesays.com\/lv\/wp-json\/wp\/v2\/posts"}],"about":[{"href":"https:\/\/www.europesays.com\/lv\/wp-json\/wp\/v2\/types\/post"}],"author":[{"embeddable":true,"href":"https:\/\/www.europesays.com\/lv\/wp-json\/wp\/v2\/users\/2"}],"replies":[{"embeddable":true,"href":"https:\/\/www.europesays.com\/lv\/wp-json\/wp\/v2\/comments?post=89382"}],"version-history":[{"count":0,"href":"https:\/\/www.europesays.com\/lv\/wp-json\/wp\/v2\/posts\/89382\/revisions"}],"wp:featuredmedia":[{"embeddable":true,"href":"https:\/\/www.europesays.com\/lv\/wp-json\/wp\/v2\/media\/89383"}],"wp:attachment":[{"href":"https:\/\/www.europesays.com\/lv\/wp-json\/wp\/v2\/media?parent=89382"}],"wp:term":[{"taxonomy":"category","embeddable":true,"href":"https:\/\/www.europesays.com\/lv\/wp-json\/wp\/v2\/categories?post=89382"},{"taxonomy":"post_tag","embeddable":true,"href":"https:\/\/www.europesays.com\/lv\/wp-json\/wp\/v2\/tags?post=89382"}],"curies":[{"name":"wp","href":"https:\/\/api.w.org\/{rel}","templated":true}]}}