{"id":89384,"date":"2025-12-30T00:55:11","date_gmt":"2025-12-30T00:55:11","guid":{"rendered":"https:\/\/www.europesays.com\/lv\/89384\/"},"modified":"2025-12-30T00:55:11","modified_gmt":"2025-12-30T00:55:11","slug":"asv-uznemums-iegadasies-bite-grupas-sakaru-tornu-uznemumu-teletower-par-480-miljoniem-eiro","status":"publish","type":"post","link":"https:\/\/www.europesays.com\/lv\/89384\/","title":{"rendered":"ASV uz\u0146\u0113mums ieg\u0101d\u0101sies \u201cBite grupas\u201d sakaru tor\u0146u uz\u0146\u0113mumu \u201cTeleTower\u201d par 480 miljoniem eiro"},"content":{"rendered":"<p>\u201cBite grupa\u201d iepriek\u0161 nor\u0101d\u012bja, ka \u201cStonepeak\u201d ieg\u0101d\u0101sies \u201cTeleTower\u201d \u2013 \u201cBite grupas\u201d tor\u0146u biznesu Latvij\u0101 un Lietuv\u0101. \u201cTeleTower\u201d un \u201cBite grupa\u201d turpin\u0101s strat\u0113\u0123isko sadarb\u012bbu, invest\u0113jot mobilo sakaru t\u012bklos ab\u0101s valst\u012bs un veidojot neatkar\u012bgu tor\u0146u operatoru re\u0123ion\u0101.<\/p>\n<p>Uz\u0146\u0113mum\u0101 atz\u012bm\u0113ja, ka dar\u012bjuma rezult\u0101t\u0101 tiks izveidots neatkar\u012bgs sakaru infrastrukt\u016bras uz\u0146\u0113mums Baltij\u0101.<\/p>\n<p>\u201cStonepeak\u201d ir alternat\u012bvo invest\u012bciju uz\u0146\u0113mums, kas specializ\u0113jas infrastrukt\u016br\u0101 un nekustam\u0101 \u012bpa\u0161uma akt\u012bvos.<\/p>\n<p>\u201cTeleTower\u201d, kas izveidots 2009. gad\u0101, p\u0101rvalda portfeli ar vair\u0101k nek\u0101 2500 sakaru tor\u0146iem, mastiem un jumta konstrukcij\u0101m Latvij\u0101 un Lietuv\u0101, ar pla\u0161u p\u0101rkl\u0101jumu strat\u0113\u0123iski noz\u012bm\u012bg\u0101s pils\u0113t\u0101s.<\/p>\n<p>P\u0113c dar\u012bjuma pabeig\u0161anas \u201cTeleTower\u201d un \u201cBite grupa\u201d nosl\u0113gs ilgtermi\u0146a dar\u012bjuma l\u012bgumu, kas paredz izvietot vair\u0101k nek\u0101 1200 papildu sakaru b\u0101zes staciju vietu Latvij\u0101 un Lietuv\u0101, lai palielin\u0101tu t\u012bkla bl\u012bvumu, uzlabotu savienojam\u012bbu att\u0101l\u0101kos re\u0123ionos un nodro\u0161in\u0101tu 5G \u0101trumu klientiem.<\/p>\n<p>Dar\u012bjuma pabeig\u0161ana paredz\u0113ta 2026. gada otraj\u0101 ceturksn\u012b.<\/p>\n<p class=\"tv3-fw-500\">Zi\u0146o par k\u013c\u016bdu rakst\u0101<\/p>\n<p class=\"d-md-block d-none\">Iez\u012bm\u0113 k\u013c\u016bdaino tekstu un spied Ctrl+Enter.<\/p>\n<p class=\"d-md-none d-block\">Iez\u012bm\u0113 k\u013c\u016bdaino tekstu un zi\u0146o par to!<\/p>\n","protected":false},"excerpt":{"rendered":"\u201cBite grupa\u201d iepriek\u0161 nor\u0101d\u012bja, ka \u201cStonepeak\u201d ieg\u0101d\u0101sies \u201cTeleTower\u201d \u2013 \u201cBite grupas\u201d tor\u0146u biznesu Latvij\u0101 un Lietuv\u0101. \u201cTeleTower\u201d un&hellip;\n","protected":false},"author":2,"featured_media":89385,"comment_status":"","ping_status":"","sticky":false,"template":"","format":"standard","meta":{"footnotes":""},"categories":[12],"tags":[23,22633,28,29,32,33,22,30,31,35,39,38,36,37,34,40,20,26,27,24,25,21],"class_list":{"0":"post-89384","1":"post","2":"type-post","3":"status-publish","4":"format-standard","5":"has-post-thumbnail","7":"category-latvija","8":"tag-aktualitates","9":"tag-asvbite-grupa","10":"tag-breaking-news","11":"tag-breakingnews","12":"tag-featured-news","13":"tag-featurednews","14":"tag-headlines","15":"tag-latest-news","16":"tag-latestnews","17":"tag-latvia","18":"tag-latvian","19":"tag-latviesu","20":"tag-latviesu-valoda","21":"tag-latviesuvaloda","22":"tag-latvija","23":"tag-lv","24":"tag-news","25":"tag-popularakas-zinas","26":"tag-popularakaszinas","27":"tag-top-stories","28":"tag-topstories","29":"tag-zinas"},"share_on_mastodon":{"url":"https:\/\/pubeurope.com\/@lv\/115805796622162366","error":""},"_links":{"self":[{"href":"https:\/\/www.europesays.com\/lv\/wp-json\/wp\/v2\/posts\/89384","targetHints":{"allow":["GET"]}}],"collection":[{"href":"https:\/\/www.europesays.com\/lv\/wp-json\/wp\/v2\/posts"}],"about":[{"href":"https:\/\/www.europesays.com\/lv\/wp-json\/wp\/v2\/types\/post"}],"author":[{"embeddable":true,"href":"https:\/\/www.europesays.com\/lv\/wp-json\/wp\/v2\/users\/2"}],"replies":[{"embeddable":true,"href":"https:\/\/www.europesays.com\/lv\/wp-json\/wp\/v2\/comments?post=89384"}],"version-history":[{"count":0,"href":"https:\/\/www.europesays.com\/lv\/wp-json\/wp\/v2\/posts\/89384\/revisions"}],"wp:featuredmedia":[{"embeddable":true,"href":"https:\/\/www.europesays.com\/lv\/wp-json\/wp\/v2\/media\/89385"}],"wp:attachment":[{"href":"https:\/\/www.europesays.com\/lv\/wp-json\/wp\/v2\/media?parent=89384"}],"wp:term":[{"taxonomy":"category","embeddable":true,"href":"https:\/\/www.europesays.com\/lv\/wp-json\/wp\/v2\/categories?post=89384"},{"taxonomy":"post_tag","embeddable":true,"href":"https:\/\/www.europesays.com\/lv\/wp-json\/wp\/v2\/tags?post=89384"}],"curies":[{"name":"wp","href":"https:\/\/api.w.org\/{rel}","templated":true}]}}