{"id":89422,"date":"2025-12-30T03:45:07","date_gmt":"2025-12-30T03:45:07","guid":{"rendered":"https:\/\/www.europesays.com\/lv\/89422\/"},"modified":"2025-12-30T03:45:07","modified_gmt":"2025-12-30T03:45:07","slug":"slepeni-dokumenti-atklaj-baltkrievija-toposu-municijas-rupnicu-krievijas-armijas-vajadzibam-lente-lv","status":"publish","type":"post","link":"https:\/\/www.europesays.com\/lv\/89422\/","title":{"rendered":"Slepeni dokumenti atkl\u0101j Baltkrievij\u0101 topo\u0161u mun\u012bcijas r\u016bpn\u012bcu Krievijas armijas vajadz\u012bb\u0101m\u00a0\u2014\u00a0Lente.lv"},"content":{"rendered":"<p>Jauna mun\u012bcijas r\u016bpn\u012bca top Baltkrievij\u0101 Krievijas armijas vajadz\u012bb\u0101m<\/p>\n<p>K\u0101 zi\u0146o Latvijas Av\u012bze, biju\u0161o Baltkrievijas dro\u0161\u012bbas strukt\u016bru darbinieku organiz\u0101cijas BELPOL r\u012bc\u012bb\u0101 non\u0101ku\u0161ie slepenie dokumenti atkl\u0101j jaunas mun\u012bcijas r\u016bpn\u012bcas b\u016bvniec\u012bbu Baltkrievij\u0101, kas paredz\u0113ta Krievijas armijas apg\u0101dei. \u0160o inform\u0101ciju analiz\u0113jis ar\u012b Austrumeiropas politikas p\u0113t\u012bjumu centrs. Jaun\u0101 r\u016bpn\u012bca, kas ir slepens valsts projekts, tiek b\u016bv\u0113ta kop\u0161 2023. gada novembra un pl\u0101nots, ka t\u0101 piln\u012bb\u0101 tiks pabeigta l\u012bdz 2026. gada decembrim. T\u0101s m\u0113r\u0137is ir ra\u017eot artil\u0113rijas un ra\u0137e\u0161u mun\u012bciju, kas atbilst padomju standarta kalibriem \u2013 122 mm un 152 mm \u2013 un ir paredz\u0113ta tie\u0161i Krievijas bru\u0146oto sp\u0113ku vajadz\u012bb\u0101m karadarb\u012bb\u0101 Ukrain\u0101.<\/p>\n<p>Projekta m\u0113r\u0137is un partneri<\/p>\n<p>Projekts, kas tiek d\u0113v\u0113ts par &#8220;U\u010dastok&#8221; (objekts), ir strat\u0113\u0123iski saist\u012bts ar Krievijas Aizsardz\u012bbas ministrijas interes\u0113m, jo galaprodukcija ir paredz\u0113ta eksportam un tie\u0161ai izmanto\u0161anai kar\u0101 pret Ukrainu. Kad r\u016bpn\u012bca b\u016bs piln\u012bb\u0101 funkcion\u0113jo\u0161a, t\u0101 var\u0113tu iev\u0113rojami stiprin\u0101t Krievijas lo\u0123istikas un materi\u0101l\u0101s sp\u0113jas, nodro\u0161inot stabilu mun\u012bcijas pieg\u0101des avotu \u0101rpus Krievijas pa\u0161a p\u0101rslogot\u0101s milit\u0101r\u0101s r\u016bpniec\u012bbas. P\u0113c BELPOL r\u012bc\u012bb\u0101 eso\u0161\u0101s inform\u0101cijas, galvenie projekta partneri ir Krievija un \u0136\u012bna. Krievija nodro\u0161ina ra\u017eo\u0161anas l\u012bnijas, komponentes un apm\u0101c\u012bbas person\u0101lam, k\u0101 ar\u012b pl\u0101nots, ka t\u0101 b\u016bs galvenais spr\u0101gstvielu un dzin\u0113ju pieg\u0101d\u0101t\u0101js. Savuk\u0101rt \u0136\u012bna, p\u0113c pieejam\u0101s inform\u0101cijas, pieg\u0101d\u0101 iek\u0101rtas 122 mm mun\u012bcijas pild\u012b\u0161anai, piedal\u0101s person\u0101la apm\u0101c\u012bb\u0101 un pieg\u0101d\u0101 spr\u0101gstvielas. Tiek zi\u0146ots ar\u012b par sarun\u0101m ar Ir\u0101nu un Pakist\u0101nu par komponentu pieg\u0101di un pla\u0161\u0101ku pieredzi spr\u0101gstvielu ra\u017eo\u0161an\u0101.<\/p>\n<p>Politiska sankcija un r\u016bpn\u012bcas vad\u012bba<\/p>\n<p>Projekta \u012bsteno\u0161anu apstiprin\u0101jis Baltkrievijas autorit\u0101rais l\u012bderis Aleksandrs Luka\u0161enko ar slepenu direkt\u012bvu. Galvenais operators ir speci\u0101li izveidota strukt\u016bra \u2013 &#8220;Korpusa izstr\u0101d\u0101jumu r\u016bpn\u012bca&#8221; (Plant of Casing Products). T\u0101 paredz\u0113ta k\u0101 jaun\u0101 mun\u012bcijas ra\u017eo\u0161anas sektora mugurkauls Baltkrievij\u0101. R\u016bpn\u012bcas dibin\u0101t\u0101ju vid\u016b ir priv\u0101tuz\u0146\u0113mums &#8220;VolatAvto&#8221; un valsts uz\u0146\u0113mums &#8220;Prec\u012bz\u0101s elektromeh\u0101nisk\u0101s r\u016bpn\u012bcas&#8221;, savuk\u0101rt kop\u0113jo uzraudz\u012bbu veic Baltkrievijas Valsts milit\u0101ri r\u016bpniecisk\u0101 komiteja. BELPOL p\u0101rst\u0101vis Uladzimirs \u017dihars nor\u0101d\u012bjis, ka \u0161is projekts ir vair\u0101k nek\u0101 tikai politiskais atbalsts Krievijai \u2013 tas ir tie\u0161s materi\u0101lo vajadz\u012bbu nodro\u0161in\u0101jums t\u0101s milit\u0101rajai agresijai. Vi\u0146\u0161 uzsv\u0113ris, ka tas ir instruments, lai Baltkrieviju v\u0113l dzi\u013c\u0101k ievilktu kar\u0101.<\/p>\n<p>R\u016bpn\u012bcas atra\u0161an\u0101s vieta un iepriek\u0161\u0113j\u0101s spekul\u0101cijas<\/p>\n<p>Ra\u017eotne atrodas Sluckas rajon\u0101, Minskas apgabal\u0101, biju\u0161\u0101 milit\u0101r\u0101 arsen\u0101la teritorij\u0101 net\u0101lu no Pavlivkas un \u0160i\u0161\u010dici (Shyshchytsy) ciematiem. Iepriek\u0161 medijos bija spekul\u0101cijas, ka \u0161\u012b vieta var\u0113tu b\u016bt saist\u012bta ar Krievijas strat\u0113\u0123isko ra\u0137e\u0161u sist\u0113mu izvieto\u0161anu, tostarp &#8220;Oreshnik&#8221; kompleksu, balstoties uz b\u016bvniec\u012bbas apjomu un infrastrukt\u016bras raksturu. Tom\u0113r BELPOL p\u0101rst\u0101vji nor\u0101da, ka vi\u0146u r\u012bc\u012bb\u0101 eso\u0161ie dokumenti, ieskaitot in\u017eeniertehniskos ras\u0113jumus, apstiprina, ka objekts ir paredz\u0113ts r\u016bpnieciskai ra\u017eo\u0161anai, nevis ra\u0137e\u0161u izvieto\u0161anai. &#8220;T\u0101 nav noliktava un nevis ra\u0137e\u0161u poz\u012bcijas zona. Tas ir industri\u0101ls objekts, kas paredz\u0113ts masveida mun\u012bcijas ra\u017eo\u0161anai sadarb\u012bb\u0101 ar Krieviju un orient\u0113ts uz karu pret Ukrainu,&#8221; sac\u012bjis \u017dihars.<\/p>\n<p>Secin\u0101jumi un potenci\u0101l\u0101s sekas<\/p>\n<p>\u0160\u012bs jaun\u0101s mun\u012bcijas r\u016bpn\u012bcas izveide Baltkrievij\u0101 nor\u0101da uz Baltkrievijas arvien dzi\u013c\u0101ku iesaisti Krievijas milit\u0101raj\u0101s aktivit\u0101t\u0113s. Lai gan Baltkrievija tie\u0161i nepiedal\u0101s karadarb\u012bb\u0101 Ukrain\u0101, t\u0101 k\u013c\u016bst par arvien svar\u012bg\u0101ku Krievijas milit\u0101r\u0101s r\u016bpniec\u012bbas un lo\u0123istikas atbalsta punktu. Tas var palielin\u0101t spiedienu uz re\u0123ion\u0101lo dro\u0161\u012bbu un mudin\u0101t NATO un t\u0101s sabiedrotos mekl\u0113t papildu atbildes pas\u0101kumus, lai nodro\u0161in\u0101tu savu austrumu flanku.<\/p>\n","protected":false},"excerpt":{"rendered":"Jauna mun\u012bcijas r\u016bpn\u012bca top Baltkrievij\u0101 Krievijas armijas vajadz\u012bb\u0101m K\u0101 zi\u0146o Latvijas Av\u012bze, biju\u0161o Baltkrievijas dro\u0161\u012bbas strukt\u016bru darbinieku organiz\u0101cijas&hellip;\n","protected":false},"author":2,"featured_media":89423,"comment_status":"","ping_status":"","sticky":false,"template":"","format":"standard","meta":{"footnotes":""},"categories":[14],"tags":[23,57,2416,28,29,32,33,22,3354,234,30,31,35,39,38,36,37,34,40,2182,20,26,27,6283,24,25,54,55,56,21,58],"class_list":{"0":"post-89422","1":"post","2":"type-post","3":"status-publish","4":"format-standard","5":"has-post-thumbnail","7":"category-zinas-no-arvalstim","8":"tag-aktualitates","9":"tag-arvalstim","10":"tag-baltkrievija","11":"tag-breaking-news","12":"tag-breakingnews","13":"tag-featured-news","14":"tag-featurednews","15":"tag-headlines","16":"tag-kars-ukraina","17":"tag-krievija","18":"tag-latest-news","19":"tag-latestnews","20":"tag-latvia","21":"tag-latvian","22":"tag-latviesu","23":"tag-latviesu-valoda","24":"tag-latviesuvaloda","25":"tag-latvija","26":"tag-lv","27":"tag-municija","28":"tag-news","29":"tag-popularakas-zinas","30":"tag-popularakaszinas","31":"tag-rupnica","32":"tag-top-stories","33":"tag-topstories","34":"tag-world","35":"tag-world-news","36":"tag-worldnews","37":"tag-zinas","38":"tag-zinas-no-arvalstim"},"share_on_mastodon":{"url":"https:\/\/pubeurope.com\/@lv\/115806465063363201","error":""},"_links":{"self":[{"href":"https:\/\/www.europesays.com\/lv\/wp-json\/wp\/v2\/posts\/89422","targetHints":{"allow":["GET"]}}],"collection":[{"href":"https:\/\/www.europesays.com\/lv\/wp-json\/wp\/v2\/posts"}],"about":[{"href":"https:\/\/www.europesays.com\/lv\/wp-json\/wp\/v2\/types\/post"}],"author":[{"embeddable":true,"href":"https:\/\/www.europesays.com\/lv\/wp-json\/wp\/v2\/users\/2"}],"replies":[{"embeddable":true,"href":"https:\/\/www.europesays.com\/lv\/wp-json\/wp\/v2\/comments?post=89422"}],"version-history":[{"count":0,"href":"https:\/\/www.europesays.com\/lv\/wp-json\/wp\/v2\/posts\/89422\/revisions"}],"wp:featuredmedia":[{"embeddable":true,"href":"https:\/\/www.europesays.com\/lv\/wp-json\/wp\/v2\/media\/89423"}],"wp:attachment":[{"href":"https:\/\/www.europesays.com\/lv\/wp-json\/wp\/v2\/media?parent=89422"}],"wp:term":[{"taxonomy":"category","embeddable":true,"href":"https:\/\/www.europesays.com\/lv\/wp-json\/wp\/v2\/categories?post=89422"},{"taxonomy":"post_tag","embeddable":true,"href":"https:\/\/www.europesays.com\/lv\/wp-json\/wp\/v2\/tags?post=89422"}],"curies":[{"name":"wp","href":"https:\/\/api.w.org\/{rel}","templated":true}]}}