{"id":89453,"date":"2025-12-30T04:45:08","date_gmt":"2025-12-30T04:45:08","guid":{"rendered":"https:\/\/www.europesays.com\/lv\/89453\/"},"modified":"2025-12-30T04:45:08","modified_gmt":"2025-12-30T04:45:08","slug":"sogad-baltijas-birza-no-investoriem-piesaistija-pusotru-reizi-vairak-naudas-neka-pern-ko-stasta-kalve-coffee-piemers-raksts","status":"publish","type":"post","link":"https:\/\/www.europesays.com\/lv\/89453\/","title":{"rendered":"\u0160ogad Baltijas bir\u017e\u0101 no investoriem piesaist\u012bja pusotru reizi vair\u0101k naudas nek\u0101 p\u0113rn; ko st\u0101sta \u00abKalve Coffee\u00bb piem\u0113rs \/ Raksts"},"content":{"rendered":"<p>\u0160ogad Baltijas bir\u017e\u0101 akciju un oblig\u0101ciju emitenti no investoriem piesaist\u012bju\u0161i vair\u0101k nek\u0101 divus miljardus eiro \u2013 pusotru reizi vair\u0101k nek\u0101 p\u0113rn. Viens no bir\u017e\u0101 kot\u0113tajiem uz\u0146\u0113mumiem ir ar\u012b Latvijas specialty kafijas ra\u017eot\u0101js &#8220;Kalve Coffee&#8221;. Tas bir\u017eas sniegto finans\u0113jumu ieguld\u012bjis ra\u017eotnes att\u012bst\u012bb\u0101 un septi\u0146u jaunu kafejn\u012bcu atv\u0113r\u0161an\u0101, tostarp Par\u012bz\u0113.<\/p>\n<p>\u0160ogad Baltijas bir\u017e\u0101 no investoriem piesaist\u012bja pusotru reizi vair\u0101k naudas nek\u0101 p\u0113rn<\/p>\n<p>Pier\u0101d\u012bja ni\u0161as uz\u0146\u0113muma iesp\u0113jas kapit\u0101la tirg\u016b<\/p>\n<p>Kafijas pupi\u0146u grauzd\u0113\u0161ana, kur\u0101 iz\u0161\u0137iro\u0161a loma ir galven\u0101 grauzd\u0113t\u0101ja meistar\u012bbai, ir tikai viena da\u013ca no specialty jeb augstas kvalit\u0101tes kafijas kop\u0113j\u0101 procesa, t\u0101 uzsv\u0113ra &#8220;Nasdaq&#8221; R\u012bgas bir\u017e\u0101 kot\u0113t\u0101 uz\u0146\u0113muma &#8220;Kalve Coffee&#8221; l\u012bdzdibin\u0101t\u0101js un valdes priek\u0161s\u0113d\u0113t\u0101js Gatis Z\u0113manis.<\/p>\n<p>&#8220;Ma\u0123ija notiek audz\u0113t\u0101ju valst\u012b. P\u0113rkam kafijas pupi\u0146as tie\u0161i no fermera.&#8221;<\/p>\n<p>Vi\u0146\u0161 st\u0101st\u012bja, ka ap 75 % za\u013c\u0101s kafijas uz\u0146\u0113mums iep\u0113rk no viena audz\u0113t\u0101ja Braz\u012blij\u0101, bet p\u0101r\u0113jo \u2013 no da\u017e\u0101diem re\u0123ioniem, tostarp Etiopijas, Kenijas, Tanz\u0101nijas, Kostarikas un Gvatemalas.<\/p>\n<p>&#8220;Var p\u0101rgrauzd\u0113t, bet m\u0113s nep\u0101rgrauzd\u0113jam. Tas ir arods un m\u016bsu kompetence ir tie\u0161i grauzd\u0113t kafiju. Bet v\u0113l viena lieta,\u00a0ko var dzird\u0113t, ir t\u0101 saucamais krak\u0161\u0137is. Taj\u0101 br\u012bd\u012b, kad mitrums, kas iek\u0161\u0101 n\u0101k \u0101r\u0101 pupi\u0146a t\u0101 k\u0101 krak\u0161\u0137 un paliek liel\u0101ka. P\u0113c pirm\u0101 krak\u0161\u0137a var dzird\u0113t, ka man t\u016bda\u013c kaut kad j\u0101\u0146em \u0101r\u0101 t\u0101 kafija,&#8221; st\u0101st\u012bja uz\u0146\u0113m\u0113js.<\/p>\n<p>&#8220;Kalve Coffee&#8221; &#8220;Nasdaq&#8221; R\u012bgas bir\u017eas alternat\u012bvaj\u0101 tirg\u016b ien\u0101ca pirms gada, piesaistot vair\u0101k nek\u0101 1200 investorus, p\u0101rsvar\u0101 no Latvijas, un 1,16 miljonus eiro. Gada laik\u0101 akciju cena gandr\u012bz tr\u012bsk\u0101r\u0161ojusies, un \u0161ogad uz\u0146\u0113mums<\/p>\n<blockquote>\n<p>piesaist\u012bto finans\u0113jumu izmantojis att\u012bst\u012bbai \u2013 atv\u0113rtas septi\u0146as jaunas kafejn\u012bcas, tostarp Lietuv\u0101, Igaunij\u0101 un Par\u012bz\u0113, bet v\u0113l viena top Lisabon\u0101.<\/p>\n<\/blockquote>\n<p>&#8220;Par bir\u017eas l\u012bdzek\u013ciem v\u0113l m\u0113s esam ieg\u0101d\u0101ju\u0161ies tr\u012bs iek\u0101rtas,&#8221; atkl\u0101ja Z\u0113manis.<\/p>\n<p>Vi\u0146\u0161 sprieda, ka, lai gan &#8220;Kalve Coffee&#8221; ir mazs uz\u0146\u0113mums, t\u0101 sekmes bir\u017e\u0101 un apgroz\u012bjuma k\u0101pums gada laik\u0101 par teju 50% apliecina, ka<\/p>\n<blockquote>\n<p>ar\u012b nelieliem, ni\u0161as uz\u0146\u0113mumiem kapit\u0101la tirgus Latvij\u0101 var b\u016bt re\u0101la att\u012bst\u012bbas iesp\u0113ja.<\/p>\n<\/blockquote>\n<p>&#8220;It sevi\u0161\u0137i t\u0101d\u0101 Baltijas kontekst\u0101 t\u0101 nav ierasta lieta. Zviedrij\u0101, piem\u0113ram, t\u0101 ir ierasta lieta, ka mazi uz\u0146\u0113mumi iet ar\u012b bir\u017e\u0101, jo tas ir \u013coti labs veids, k\u0101 vari sak\u0101rtot uz\u0146\u0113mumu, piesaist\u012bt finans\u0113jumu, likt par sevi man\u012bt, piesaist\u012bt talantus. Tur ieguvumi ir \u013coti daudz,&#8221; sac\u012bja Z\u0113manis.<\/p>\n<p><img decoding=\"async\" src=\"https:\/\/www.europesays.com\/lv\/wp-content\/uploads\/2025\/12\/sdip.jpg\" alt=\"\"\/><\/p>\n<p>Foto: Linda Zal\u0101ne \/ Latvijas Radio<\/p>\n<p><img decoding=\"async\" src=\"https:\/\/www.europesays.com\/lv\/wp-content\/uploads\/2025\/12\/sdin.jpg\" alt=\"\"\/><\/p>\n<p>Foto: Linda Zal\u0101ne \/ Latvijas Radio<\/p>\n<p><img decoding=\"async\" src=\"https:\/\/www.europesays.com\/lv\/wp-content\/uploads\/2025\/12\/sdio.jpg\" alt=\"\"\/><\/p>\n<p>Foto: Linda Zal\u0101ne \/ Latvijas Radio<\/p>\n<\/p>\n<p>Aktivit\u0101te Baltijas bir\u017e\u0101 bijusi zem\u0101ka, caur oblig\u0101cij\u0101m piesaist\u012bto l\u012bdzek\u013cu \u2013 vair\u0101k<\/p>\n<p>Kopum\u0101, raugoties uz \u0161o gadu, &#8220;Nasdaq&#8221; Baltijas bir\u017e\u0101\u00a0aktivit\u0101te bijusi zem\u0101ka nek\u0101 p\u0113rn: pag\u0101ju\u0161aj\u0101 gad\u0101 bir\u017e\u0101 ien\u0101ca gan &#8220;Kalve Coffee&#8221;, gan &#8220;Eleving Group&#8221;, bet \u0161ogad jauno emitentu vid\u016b ir tikai viens jaunpien\u0101c\u0113js no Igaunijas.<\/p>\n<p>&#8220;Bet, ja m\u0113s paskat\u0101mies uz tirgus v\u0113rt\u012bbu, jo tas ir tas, kas raksturo tirgus vesel\u012bbu, tad Baltijas bir\u017eas uz\u0146\u0113mumi \u0161\u012b gada laik\u0101 ir audz\u0113ju\u0161i savu v\u0113rt\u012bbu par 11%, kas ir b\u016btiski vair\u0101k, nek\u0101 m\u016bsu IKP. Kas noz\u012bm\u0113, ka investori \u0161o gadu var v\u0113rt\u0113t visnota\u013c pozit\u012bvi,&#8221; pauda\u00a0&#8220;Nasdaq&#8221; R\u012bgas bir\u017eas vad\u012bt\u0101ja Liene Dubava.<\/p>\n<p>Savuk\u0101rt, v\u0113rt\u0113jot aizvad\u012bto gadu oblig\u0101ciju tirg\u016b, tad tas bijis bija \u012bpa\u0161s, vi\u0146a sprieda.<\/p>\n<p>&#8220;\u0160ogad ir rekordskaits jaunu uz\u0146\u0113mumu bir\u017e\u0101, k\u0101ds nekad nav bijis.\u00a0Tie ir 25 piln\u012bgi jauni uz\u0146\u0113mumi, kuri bir\u017e\u0101 l\u012bdz \u0161im nav biju\u0161i. Mums ir 60 jaunas emisijas. Tas noz\u012bm\u0113, ka ir v\u0113l vesela virkne tie, kas to dara atk\u0101rtoti, piesaistot naudu caur oblig\u0101cij\u0101m. Ja m\u0113s saskait\u0101m visu naudas apjomu kop\u0101, ko gan akciju emitenti, gan oblig\u0101ciju uz\u0146\u0113mumi ir piesaist\u012bju\u0161i no investoriem \u0161ogad, tad tas apjoms ir vair\u0101k nek\u0101 divi miljardi eiro,&#8221; sac\u012bja Dubava.\u00a0<\/p>\n<p>Tas ir pusotru reizi vair\u0101k nek\u0101 p\u0113rn.<\/p>\n<p>Aizvien cer uz lielu valsts un pa\u0161vald\u012bbas uz\u0146\u0113mumu izie\u0161anu bir\u017e\u0101<\/p>\n<p>&#8220;\u0160eit par no\u017e\u0113lu ir j\u0101saka, ka nekur t\u0101l\u0101k par v\u0101rdiem tiku\u0161i neesam \u2013 joproj\u0101m nav bir\u017e\u0101 valsts un pa\u0161vald\u012bbas uz\u0146\u0113mumi.<\/p>\n<p>\u0160ogad bir\u017e\u0101 start\u0113ja &#8220;R\u012bgas \u016bdens&#8221;, kas ir pirmais pa\u0161vald\u012bbas uz\u0146\u0113mums, kas izlaida oblig\u0101cijas un izdar\u012bja to \u0101rk\u0101rt\u012bgi veiksm\u012bgi. \u0160eit ir tas vistas un olas dilemmas jaut\u0101jums \u2013<\/p>\n<blockquote>\n<p>ir j\u0101b\u016bt lieliem, pievilc\u012bgiem uz\u0146\u0113mumiem, lai \u0161os cilv\u0113kus akt\u012bv\u0101k iesaist\u012btu kapit\u0101la tirgos.<\/p>\n<\/blockquote>\n<p>Otr\u0101di tas nestr\u0101d\u0101.&#8221;<\/p>\n<p>Run\u0101jot par 2026. gadu, Dubava pauda cer\u012bbu, ka bir\u017e\u0101 ien\u0101ks valsts, pa\u0161vald\u012bbu un lielie priv\u0101tie uz\u0146\u0113mumi, piesaistot investorus un kapit\u0101lu un vienlaikus paverot pla\u0161\u0101kas iesp\u0113jas ar\u012b maz\u0101kiem uz\u0146\u0113mumiem.<\/p>\n","protected":false},"excerpt":{"rendered":"\u0160ogad Baltijas bir\u017e\u0101 akciju un oblig\u0101ciju emitenti no investoriem piesaist\u012bju\u0161i vair\u0101k nek\u0101 divus miljardus eiro \u2013 pusotru reizi&hellip;\n","protected":false},"author":2,"featured_media":89454,"comment_status":"","ping_status":"","sticky":false,"template":"","format":"standard","meta":{"footnotes":""},"categories":[14],"tags":[23,57,28,29,32,33,22,30,31,35,39,38,36,37,34,40,20,26,27,24,25,54,55,56,21,58],"class_list":{"0":"post-89453","1":"post","2":"type-post","3":"status-publish","4":"format-standard","5":"has-post-thumbnail","7":"category-zinas-no-arvalstim","8":"tag-aktualitates","9":"tag-arvalstim","10":"tag-breaking-news","11":"tag-breakingnews","12":"tag-featured-news","13":"tag-featurednews","14":"tag-headlines","15":"tag-latest-news","16":"tag-latestnews","17":"tag-latvia","18":"tag-latvian","19":"tag-latviesu","20":"tag-latviesu-valoda","21":"tag-latviesuvaloda","22":"tag-latvija","23":"tag-lv","24":"tag-news","25":"tag-popularakas-zinas","26":"tag-popularakaszinas","27":"tag-top-stories","28":"tag-topstories","29":"tag-world","30":"tag-world-news","31":"tag-worldnews","32":"tag-zinas","33":"tag-zinas-no-arvalstim"},"share_on_mastodon":{"url":"https:\/\/pubeurope.com\/@lv\/115806703031621572","error":""},"_links":{"self":[{"href":"https:\/\/www.europesays.com\/lv\/wp-json\/wp\/v2\/posts\/89453","targetHints":{"allow":["GET"]}}],"collection":[{"href":"https:\/\/www.europesays.com\/lv\/wp-json\/wp\/v2\/posts"}],"about":[{"href":"https:\/\/www.europesays.com\/lv\/wp-json\/wp\/v2\/types\/post"}],"author":[{"embeddable":true,"href":"https:\/\/www.europesays.com\/lv\/wp-json\/wp\/v2\/users\/2"}],"replies":[{"embeddable":true,"href":"https:\/\/www.europesays.com\/lv\/wp-json\/wp\/v2\/comments?post=89453"}],"version-history":[{"count":0,"href":"https:\/\/www.europesays.com\/lv\/wp-json\/wp\/v2\/posts\/89453\/revisions"}],"wp:featuredmedia":[{"embeddable":true,"href":"https:\/\/www.europesays.com\/lv\/wp-json\/wp\/v2\/media\/89454"}],"wp:attachment":[{"href":"https:\/\/www.europesays.com\/lv\/wp-json\/wp\/v2\/media?parent=89453"}],"wp:term":[{"taxonomy":"category","embeddable":true,"href":"https:\/\/www.europesays.com\/lv\/wp-json\/wp\/v2\/categories?post=89453"},{"taxonomy":"post_tag","embeddable":true,"href":"https:\/\/www.europesays.com\/lv\/wp-json\/wp\/v2\/tags?post=89453"}],"curies":[{"name":"wp","href":"https:\/\/api.w.org\/{rel}","templated":true}]}}