{"id":89511,"date":"2025-12-30T06:13:21","date_gmt":"2025-12-30T06:13:21","guid":{"rendered":"https:\/\/www.europesays.com\/lv\/89511\/"},"modified":"2025-12-30T06:13:21","modified_gmt":"2025-12-30T06:13:21","slug":"madars-razma-treso-gadu-pec-kartas-pasaules-cempionata-sautrinu-mesana-apstajas-tresaja-karta-lente-lv","status":"publish","type":"post","link":"https:\/\/www.europesays.com\/lv\/89511\/","title":{"rendered":"Madars Razma tre\u0161o gadu p\u0113c k\u0101rtas Pasaules \u010dempion\u0101t\u0101 \u0161autri\u0146u me\u0161an\u0101 apst\u0101jas tre\u0161aj\u0101 k\u0101rt\u0101\u00a0\u2014\u00a0Lente.lv"},"content":{"rendered":"<p>Latvijas sportista sezona nosl\u0113dzas<\/p>\n<p>Madars Razma, Latvijas lab\u0101kais \u0161autri\u0146u met\u0113js, ir izst\u0101jies no Pasaules \u010dempion\u0101ta \u0161autri\u0146u me\u0161an\u0101, piek\u0101pjoties n\u012bderlandietim D\u017eanam van V\u0113nam ar 1-4 tre\u0161\u0101s k\u0101rtas c\u012b\u0146\u0101. \u0160is rezult\u0101ts noz\u012bm\u0113, ka Razma tre\u0161o gadu p\u0113c k\u0101rtas savu dal\u012bbu presti\u017e\u0101kaj\u0101 turn\u012br\u0101 beidz tie\u0161i \u0161aj\u0101 posm\u0101.<\/p>\n<p>Sp\u0113les gaita un statistika<\/p>\n<p>Ma\u010ds pret van V\u0113nu Razmam ies\u0101k\u0101s neveiksm\u012bgi, zaud\u0113jot pirmos tr\u012bs setus. Lai gan latvietis sp\u0113ja izc\u012bn\u012bt uzvaru ceturtaj\u0101 set\u0101, izraut uzvaru no tik nelabv\u0113l\u012bgas situ\u0101cijas izr\u0101d\u012bj\u0101s p\u0101rlieku sare\u017e\u0123\u012bti. Nosl\u0113dzo\u0161aj\u0101, piektaj\u0101 set\u0101, van V\u0113ns demonstr\u0113ja p\u0101rliecino\u0161\u0101ku sniegumu, nodro\u0161inot sev uzvaru sp\u0113l\u0113 un pirmo reizi iek\u013c\u016bstot Pasaules \u010dempion\u0101ta ceturtaj\u0101 k\u0101rt\u0101.<\/p>\n<p>Sp\u0113les statistika liecina par pretinieka p\u0101rsvaru. D\u017eans van V\u0113ns vid\u0113ji pieg\u0101jien\u0101 guva 97,91 punktu, kam\u0113r Razma \u2013 89,40 punktus. Ar\u012b nosl\u0113dzo\u0161ajos metienos n\u012bderlandietis bija prec\u012bz\u0101ks \u2013 57,14% pret Razmas 38,46%. Abi sportisti izpild\u012bja \u010detrus 180 punktu g\u0101jienus.<\/p>\n<p>Iepriek\u0161\u0113jo gadu sasniegumi<\/p>\n<p>\u0160is ir jau tre\u0161ais gads p\u0113c k\u0101rtas, kad Madars Razma apst\u0101jas Pasaules \u010dempion\u0101ta tre\u0161aj\u0101 k\u0101rt\u0101. Iepriek\u0161\u0113j\u0101 gad\u0101 vi\u0146\u0161 ar t\u0101du pa\u0161u rezult\u0101tu 1-4 piek\u0101p\u0101s anglim St\u012bvenam Bantingam, bet pirms tam \u2013 Maiklam Smitam.<\/p>\n<p>Kopum\u0101 Razmas lab\u0101kais sniegums Pasaules \u010dempion\u0101t\u0101 ir tre\u0161\u0101s k\u0101rtas sasnieg\u0161ana, ko vi\u0146\u0161 apliecin\u0101jis vair\u0101kk\u0101rt. Vi\u0146a debija Pasaules \u010dempion\u0101t\u0101 notika 2020. gad\u0101, kad vi\u0146\u0161 pirmaj\u0101 k\u0101rt\u0101 zaud\u0113ja Harijam Vordam.<\/p>\n<p>Pasaules \u010dempion\u0101ta kop\u0113j\u0101 aina<\/p>\n<p>\u0160\u012b gada Pasaules \u010dempion\u0101ts \u0161autri\u0146u me\u0161an\u0101 norisin\u0101s London\u0101, \u201cAlexandra Palace\u201d ar\u0113n\u0101, un t\u0101 kop\u0113jais balvu fonds ir pieci miljoni Lielbrit\u0101nijas m\u0101rci\u0146u, no kuriem viens miljons tiks n\u0101kamajam \u010dempionam.<\/p>\n<p>Turn\u012brs norisin\u0101s no 2025. gada 11. decembra l\u012bdz 2026. gada 3. janv\u0101rim.<\/p>\n","protected":false},"excerpt":{"rendered":"Latvijas sportista sezona nosl\u0113dzas Madars Razma, Latvijas lab\u0101kais \u0161autri\u0146u met\u0113js, ir izst\u0101jies no Pasaules \u010dempion\u0101ta \u0161autri\u0146u me\u0161an\u0101, piek\u0101pjoties&hellip;\n","protected":false},"author":2,"featured_media":89512,"comment_status":"","ping_status":"","sticky":false,"template":"","format":"standard","meta":{"footnotes":"","_share_on_mastodon":"0"},"categories":[17],"tags":[22654,35,39,38,36,37,34,40,18811,22653,22221,19157,67],"class_list":["post-89511","post","type-post","status-publish","format-standard","has-post-thumbnail","category-sports","tag-dzans-van-vens","tag-latvia","tag-latvian","tag-latviesu","tag-latviesu-valoda","tag-latviesuvaloda","tag-latvija","tag-lv","tag-madars-razma","tag-pasaules-cempionats-sautrinu-mesana","tag-pdc","tag-sautrinu-mesana","tag-sports"],"share_on_mastodon":{"url":"https:\/\/pubeurope.com\/@lv\/115807047067384876","error":""},"_links":{"self":[{"href":"https:\/\/www.europesays.com\/lv\/wp-json\/wp\/v2\/posts\/89511","targetHints":{"allow":["GET"]}}],"collection":[{"href":"https:\/\/www.europesays.com\/lv\/wp-json\/wp\/v2\/posts"}],"about":[{"href":"https:\/\/www.europesays.com\/lv\/wp-json\/wp\/v2\/types\/post"}],"author":[{"embeddable":true,"href":"https:\/\/www.europesays.com\/lv\/wp-json\/wp\/v2\/users\/2"}],"replies":[{"embeddable":true,"href":"https:\/\/www.europesays.com\/lv\/wp-json\/wp\/v2\/comments?post=89511"}],"version-history":[{"count":0,"href":"https:\/\/www.europesays.com\/lv\/wp-json\/wp\/v2\/posts\/89511\/revisions"}],"wp:featuredmedia":[{"embeddable":true,"href":"https:\/\/www.europesays.com\/lv\/wp-json\/wp\/v2\/media\/89512"}],"wp:attachment":[{"href":"https:\/\/www.europesays.com\/lv\/wp-json\/wp\/v2\/media?parent=89511"}],"wp:term":[{"taxonomy":"category","embeddable":true,"href":"https:\/\/www.europesays.com\/lv\/wp-json\/wp\/v2\/categories?post=89511"},{"taxonomy":"post_tag","embeddable":true,"href":"https:\/\/www.europesays.com\/lv\/wp-json\/wp\/v2\/tags?post=89511"}],"curies":[{"name":"wp","href":"https:\/\/api.w.org\/{rel}","templated":true}]}}