{"id":89536,"date":"2025-12-30T06:56:04","date_gmt":"2025-12-30T06:56:04","guid":{"rendered":"https:\/\/www.europesays.com\/lv\/89536\/"},"modified":"2025-12-30T06:56:04","modified_gmt":"2025-12-30T06:56:04","slug":"algas-kaps-bezdarbs-varetu-nedaudz-mazinaties-diena","status":"publish","type":"post","link":"https:\/\/www.europesays.com\/lv\/89536\/","title":{"rendered":"Algas k\u0101ps, bezdarbs var\u0113tu nedaudz mazin\u0101ties \/ Diena"},"content":{"rendered":"<p>\t\t&#13;<\/p>\n<p>Internetbanka un EDS<\/p>\n<p>&#13;<br \/>\n&#13;<\/p>\n<p>No 2026. gada 1. janv\u0101ra Valsts ie\u0146\u0113mumu dienesta (VID) elektronisk\u0101s deklar\u0113\u0161anas sist\u0113mai (EDS) var\u0113s piesl\u0113gties ar\u00a0Smart-ID\u00a0kvalific\u0113to versiju, elektronisk\u0101s identifik\u0101cijas karti (eID), dro\u0161u elektronisko parakstu (eParaksts\u00a0vai\u00a0eParaksts mobile), k\u0101 ar\u012b ar noteiktu internetbanku autentifik\u0101ciju. VID izsniegto lietot\u0101jv\u0101rdu un paroli turpm\u0101k b\u016bs ties\u012bbas izmantot tikai \u0101rvalstniekiem, kuriem neveidojas tiesiska saite ar Latviju un nav iesp\u0113ju sa\u0146emt \u0101rvalstnieka eID karti, inform\u0113 VID.<\/p>\n<p>&#13;<br \/>\n&#13;<\/p>\n<p>Diena\u00a0\u010detru Latvij\u0101 pla\u0161i zin\u0101mu banku p\u0101rst\u0101vjiem uzdeva jaut\u0101jumu, vai konkr\u0113t\u0101s bankas internetbankas lietot\u0101ji ar\u012b n\u0101kamgad var\u0113s izmantot \u0161o risin\u0101jumu, lai piesl\u0113gtos VID EDS.<\/p>\n<p>&#13;<br \/>\n&#13;<\/p>\n<p>\u00abP\u0113c 2026. gada 1. janv\u0101ra piesl\u0113g\u0161an\u0101s VID EDS b\u016bs iesp\u0113jama tikai ar dro\u0161iem elektronisk\u0101s identifik\u0101cijas l\u012bdzek\u013ciem, un tas noz\u012bm\u0113, ka\u00a0Swedbank\u00a0internetbankas dati joproj\u0101m var\u0113s tikt izmantoti, ja tie atbilst dro\u0161as autentifik\u0101cijas pras\u012bb\u0101m, piem\u0113ram,\u00a0Smart-ID\u00a0kvalific\u0113t\u0101 versija,\u00a0eID karte,\u00a0eParaksts mobile\u00a0vai kodu kalkulators,\u00bb skaidro\u00a0Swedbank\u00a0p\u0101rst\u0101ve Marta Anc\u0101ne, atbildot uz jaut\u0101jumu, kas tika uzdots internetbankas jaut\u0101jumu un atbil\u017eu sada\u013c\u0101.<\/p>\n<p>&#13;<br \/>\n&#13;<\/p>\n<p>Swedbank\u00a0mediju attiec\u012bbu vad\u012bt\u0101js J\u0101nis Krops uzsver, ka, piem\u0113ram, ar\u00a0Smart-ID\u00a0\u00abvai jebko citu no t\u0101m opcij\u0101m, ko bankas pied\u0101v\u0101\u00bb, piesl\u0113gties VID EDS var\u0113s. J. Krops ar\u012b atg\u0101dina, ka savulaik tika main\u012bti risin\u0101jumi, ar kuriem lietot\u0101ji var piesl\u0113gties port\u0101lam\u00a0Latvija.lv, un \u00abtas bija valsts l\u0113mums, ne bankas l\u0113mums\u00bb.<\/p>\n<p>&#13;<br \/>\n&#13;<\/p>\n<p>\u00a0<\/p>\n<p>&#13;<\/p>\n<p>Visu rakstu lasiet av\u012bzes Diena otrdienas, 30. decembra, numur\u0101! Ja v\u0113laties laikraksta saturu turpm\u0101k las\u012bt druk\u0101t\u0101 form\u0101t\u0101, to iesp\u0113jams abon\u0113t <a href=\"https:\/&lt;b&gt;+&lt;\/strong&gt;&lt;\/p&gt;&#9;&#13;&#10;&#9;&#9;&#9;&lt;footer&gt;&#13;&#10;&#9;&#9;&lt;p&gt;&#13;&#10;&#9;&#9;&#9;&lt;strong&gt;&#13;&#10;&#9;&#9;&#9;&#9;Raksta pilno versiju var ieg\u0101d\u0101ties ar\u012b port\u0101l\u0101 Diena.lv - autoriz\u0113jies,  &lt;a href=\" https:=\"\" onclick=\"Diena.user.showLogin()\">klik\u0161\u0137inot \u0161eit!<\/a>&#13;<br \/>\n\t\t\t&#13;\n\t\t<\/p>\n<p class=\"paid-article-text__price\">&#13;<br \/>\n\t\t\tRaksta cena: \u20ac0.40&#13;\n\t\t<\/p>\n<p class=\"more\">&#13;<br \/>\n\t\t\t&#13;<br \/>\n\t\t\t<a target=\"_blank\" href=\"https:\/\/www.diena.lv\/maksas-saturs\" rel=\"nofollow noopener\">Vair\u0101k inform\u0101cijas<\/a>&#13;\n\t\t<\/p>\n","protected":false},"excerpt":{"rendered":"&#13; Internetbanka un EDS &#13; &#13; No 2026. gada 1. janv\u0101ra Valsts ie\u0146\u0113mumu dienesta (VID) elektronisk\u0101s deklar\u0113\u0161anas sist\u0113mai&hellip;\n","protected":false},"author":2,"featured_media":89537,"comment_status":"","ping_status":"","sticky":false,"template":"","format":"standard","meta":{"footnotes":""},"categories":[16],"tags":[77,76,35,39,38,36,37,34,40],"class_list":{"0":"post-89536","1":"post","2":"type-post","3":"status-publish","4":"format-standard","5":"has-post-thumbnail","7":"category-bizness","8":"tag-bizness","9":"tag-business","10":"tag-latvia","11":"tag-latvian","12":"tag-latviesu","13":"tag-latviesu-valoda","14":"tag-latviesuvaloda","15":"tag-latvija","16":"tag-lv"},"share_on_mastodon":{"url":"https:\/\/pubeurope.com\/@lv\/115807216081629338","error":""},"_links":{"self":[{"href":"https:\/\/www.europesays.com\/lv\/wp-json\/wp\/v2\/posts\/89536","targetHints":{"allow":["GET"]}}],"collection":[{"href":"https:\/\/www.europesays.com\/lv\/wp-json\/wp\/v2\/posts"}],"about":[{"href":"https:\/\/www.europesays.com\/lv\/wp-json\/wp\/v2\/types\/post"}],"author":[{"embeddable":true,"href":"https:\/\/www.europesays.com\/lv\/wp-json\/wp\/v2\/users\/2"}],"replies":[{"embeddable":true,"href":"https:\/\/www.europesays.com\/lv\/wp-json\/wp\/v2\/comments?post=89536"}],"version-history":[{"count":0,"href":"https:\/\/www.europesays.com\/lv\/wp-json\/wp\/v2\/posts\/89536\/revisions"}],"wp:featuredmedia":[{"embeddable":true,"href":"https:\/\/www.europesays.com\/lv\/wp-json\/wp\/v2\/media\/89537"}],"wp:attachment":[{"href":"https:\/\/www.europesays.com\/lv\/wp-json\/wp\/v2\/media?parent=89536"}],"wp:term":[{"taxonomy":"category","embeddable":true,"href":"https:\/\/www.europesays.com\/lv\/wp-json\/wp\/v2\/categories?post=89536"},{"taxonomy":"post_tag","embeddable":true,"href":"https:\/\/www.europesays.com\/lv\/wp-json\/wp\/v2\/tags?post=89536"}],"curies":[{"name":"wp","href":"https:\/\/api.w.org\/{rel}","templated":true}]}}