{"id":89567,"date":"2025-12-30T07:27:08","date_gmt":"2025-12-30T07:27:08","guid":{"rendered":"https:\/\/www.europesays.com\/lv\/89567\/"},"modified":"2025-12-30T07:27:08","modified_gmt":"2025-12-30T07:27:08","slug":"ukrainas-un-asv-vienosanas-zelenskis-skaidro-trampa-solijumus","status":"publish","type":"post","link":"https:\/\/www.europesays.com\/lv\/89567\/","title":{"rendered":"Ukrainas un ASV vieno\u0161an\u0101s: Zelenskis skaidro Trampa sol\u012bjumus"},"content":{"rendered":"<p class=\"descr\">Ukrainas prezidents Volodimirs Zelenskis atkl\u0101ja, k\u0101di ir vi\u0146a tik\u0161an\u0101s ar ASV prezidentu Donaldu Trampu galvenie rezult\u0101ti. Tik\u0161an\u0101s notika 28. decembr\u012b Florid\u0101, raksta \u201cunian.net\u201d.<\/p>\n<p>Uz jaut\u0101jumu, k\u0101das vieno\u0161an\u0101s tika pan\u0101ktas tik\u0161an\u0101s laik\u0101 ar ASV prezidentu Donaldu Trampu, Zelenskis atbild\u0113ja:<\/p>\n<p>&#8220;Amerikas Savienoto Valstu prezidents apstiprin\u0101ja dro\u0161\u012bbas garantijas. Stingras dro\u0161\u012bbas garantijas. Vi\u0146\u0161 apstiprin\u0101ja visas deta\u013cas, kuras m\u0113s, m\u016bsu tehnisk\u0101s sarunu komandas, bija iepriek\u0161 izstr\u0101d\u0101ju\u0161as attiec\u012bb\u0101 uz dro\u0161\u012bbas garantiju deta\u013c\u0101m. Vi\u0146\u0161 ar\u012b apstiprin\u0101ja, ka par t\u0101m balsos un t\u0101s tiks atbalst\u012btas ASV Kongres\u0101.\u201d<\/p>\n<p>Ukrainas prezidents uzskata, ka \u0161\u012b ir \u013coti sp\u0113c\u012bga vieno\u0161an\u0101s.<\/p>\n<p>&#8220;M\u0113s apspried\u0101m Labkl\u0101j\u012bbas paketi, kas ir atbalsta pakete Ukrainas atvese\u013co\u0161anai p\u0113c kara. T\u0101 ir ekonomisk\u0101 pakete. T\u0101 ietver amerik\u0101\u0146u uz\u0146\u0113mumu l\u012bdzdal\u012bbu, \u012bpa\u0161us nosac\u012bjumus Ukrainas att\u012bst\u012bbai un atvese\u013co\u0161anai, k\u0101 ar\u012b br\u012bv\u0101s tirdzniec\u012bbas l\u012bguma izstr\u0101di ar Amerikas Savienotaj\u0101m Valst\u012bm,&#8221; atz\u012bm\u0113ja Zelenskis.<\/p>\n<p>K\u0101 piebilda Ukrainas valsts vad\u012bt\u0101js, to apstiprin\u0101ja ar\u012b Tramps.<\/p>\n<p>Zelenskis ar\u012b atz\u012bm\u0113ja: &#8220;M\u0113s tuvojamies arvien tuv\u0101k 20 punktu pl\u0101na rezult\u0101tiem kara izbeig\u0161anai un miera nodibin\u0101\u0161anai.\u201d<\/p>\n<p>Vi\u0146\u0161 ar\u012b nor\u0101d\u012bja, ka ir apstiprin\u0101ts atbalsts Ukrainas nodomam sa\u0146emt dro\u0161\u012bbas garantijas no Kan\u0101das, Jap\u0101nas un cit\u0101m Ukrainu atbalsto\u0161\u0101m valst\u012bm.<\/p>\n<p>&#8220;\u0160odien tas viss ir apstiprin\u0101ts. M\u0113s uz to pa\u013caujamies. Un m\u0113s \u013coti ceram, ka koal\u012bcija sniegs dro\u0161\u012bbas garantijas un savu kl\u0101tb\u016btni Ukrainas atjauno\u0161an\u0101,\u201d teica Zelenskis, atbildot uz jaut\u0101jumu par to, cik ticamas vi\u0146\u0161 uzskata dro\u0161\u012bbas garantijas no Amerikas Savienotaj\u0101m Valst\u012bm.<\/p>\n<p>&#8220;Es ticu sekojo\u0161am &#8211; ja dro\u0161\u012bbas garantijas Ukrainai atbalst\u012bs Amerikas Savienoto Valstu prezidents, ja prezidenta ierosin\u0101t\u0101s dro\u0161\u012bbas garantijas Ukrainai tiks juridiski atbalst\u012btas, proti, atbalst\u012btas Amerikas Savienoto Valstu Kongres\u0101 un par t\u0101m tiks balsots, ja da\u017eas no dro\u0161\u012bbas garantij\u0101m sniegs m\u016bsu Eiropas partneri, kuras atbalsta ar\u012b attiec\u012bgo valstu parlamenti, tad es ticu \u0161\u0101d\u0101m dro\u0161\u012bbas garantij\u0101m. Un es ticu, ka, galvenais, t\u0101m ir j\u0101b\u016bt efekt\u012bv\u0101m, un t\u0101s var b\u016bt efekt\u012bvas,&#8221; uzsv\u0113ra Zelenskis.<\/p>\n<p>Ukrainas valsts vad\u012bt\u0101js ar\u012b uzsv\u0113ra, ka Ukrainas pievieno\u0161an\u0101s Eiropas Savien\u012bbai ir j\u0101iek\u013cauj<a href=\"https:\/\/nra.lv\/politika\/510229-zelenskis-no-asv-prasa-drosibas-garantijas-uz-30-50-gadiem.htm\" data-item-link=\"true\" data-item-id=\"510229\" rel=\"nofollow noopener\" target=\"_blank\"> dro\u0161\u012bbas garantij\u0101s<\/a>. Zelenskis piebilda, ka vi\u0146\u0161 to ir apspriedis ar Trampu un Eiropas l\u012bderiem. &#8220;Un visi to atz\u012bst &#8211; t\u0101 ir b\u016btiska dro\u0161\u012bbas garantiju sast\u0101vda\u013ca,&#8221; atz\u012bm\u0113ja Zelenskis.<\/p>\n<p>\t\t\t\t\t\tinfo<\/p>\n<p>Uzzini pirmais<br \/>kas interesants noticis Latvij\u0101 un pasaul\u0113,<br \/>pievienojoties mums <a href=\"https:\/\/t.me\/neatkariga\" rel=\"nofollow\">Telegram<\/a> vai <a href=\"https:\/\/whatsapp.com\/channel\/0029VaMLFUH5K3zLU5s4wm3y\" rel=\"nofollow noopener\" target=\"_blank\">Whatsapp<\/a> kan\u0101l\u0101<\/p>\n","protected":false},"excerpt":{"rendered":"Ukrainas prezidents Volodimirs Zelenskis atkl\u0101ja, k\u0101di ir vi\u0146a tik\u0161an\u0101s ar ASV prezidentu Donaldu Trampu galvenie rezult\u0101ti. Tik\u0161an\u0101s notika&hellip;\n","protected":false},"author":2,"featured_media":89568,"comment_status":"","ping_status":"","sticky":false,"template":"","format":"standard","meta":{"footnotes":""},"categories":[14],"tags":[23,57,28,29,32,33,22,30,31,35,39,38,36,37,34,40,20,26,27,24,25,54,55,56,21,58],"class_list":{"0":"post-89567","1":"post","2":"type-post","3":"status-publish","4":"format-standard","5":"has-post-thumbnail","7":"category-zinas-no-arvalstim","8":"tag-aktualitates","9":"tag-arvalstim","10":"tag-breaking-news","11":"tag-breakingnews","12":"tag-featured-news","13":"tag-featurednews","14":"tag-headlines","15":"tag-latest-news","16":"tag-latestnews","17":"tag-latvia","18":"tag-latvian","19":"tag-latviesu","20":"tag-latviesu-valoda","21":"tag-latviesuvaloda","22":"tag-latvija","23":"tag-lv","24":"tag-news","25":"tag-popularakas-zinas","26":"tag-popularakaszinas","27":"tag-top-stories","28":"tag-topstories","29":"tag-world","30":"tag-world-news","31":"tag-worldnews","32":"tag-zinas","33":"tag-zinas-no-arvalstim"},"share_on_mastodon":{"url":"https:\/\/pubeurope.com\/@lv\/115807337984240144","error":""},"_links":{"self":[{"href":"https:\/\/www.europesays.com\/lv\/wp-json\/wp\/v2\/posts\/89567","targetHints":{"allow":["GET"]}}],"collection":[{"href":"https:\/\/www.europesays.com\/lv\/wp-json\/wp\/v2\/posts"}],"about":[{"href":"https:\/\/www.europesays.com\/lv\/wp-json\/wp\/v2\/types\/post"}],"author":[{"embeddable":true,"href":"https:\/\/www.europesays.com\/lv\/wp-json\/wp\/v2\/users\/2"}],"replies":[{"embeddable":true,"href":"https:\/\/www.europesays.com\/lv\/wp-json\/wp\/v2\/comments?post=89567"}],"version-history":[{"count":0,"href":"https:\/\/www.europesays.com\/lv\/wp-json\/wp\/v2\/posts\/89567\/revisions"}],"wp:featuredmedia":[{"embeddable":true,"href":"https:\/\/www.europesays.com\/lv\/wp-json\/wp\/v2\/media\/89568"}],"wp:attachment":[{"href":"https:\/\/www.europesays.com\/lv\/wp-json\/wp\/v2\/media?parent=89567"}],"wp:term":[{"taxonomy":"category","embeddable":true,"href":"https:\/\/www.europesays.com\/lv\/wp-json\/wp\/v2\/categories?post=89567"},{"taxonomy":"post_tag","embeddable":true,"href":"https:\/\/www.europesays.com\/lv\/wp-json\/wp\/v2\/tags?post=89567"}],"curies":[{"name":"wp","href":"https:\/\/api.w.org\/{rel}","templated":true}]}}