{"id":89579,"date":"2025-12-30T07:39:08","date_gmt":"2025-12-30T07:39:08","guid":{"rendered":"https:\/\/www.europesays.com\/lv\/89579\/"},"modified":"2025-12-30T07:39:08","modified_gmt":"2025-12-30T07:39:08","slug":"kinas-militara-aktivitate-pie-taivanas-sasniedz-vienu-no-augstakajiem-limeniem","status":"publish","type":"post","link":"https:\/\/www.europesays.com\/lv\/89579\/","title":{"rendered":"\u0136\u012bnas milit\u0101r\u0101 aktivit\u0101te pie Taiv\u0101nas sasniedz vienu no augst\u0101kajiem l\u012bme\u0146iem"},"content":{"rendered":"<p class=\"lead\">\n                                K\u0101 liecina Taiv\u0101nas Aizsardz\u012bbas ministrijas publiskotie dati, aizvad\u012btaj\u0101 diennakt\u012b ap salu nov\u0113roti 130 \u0136\u012bnas kara lidma\u0161\u012bnu lidojumi.\n                            <\/p>\n<p style=\"margin-left:0px;\">Vald\u012bbas statistika liecina, ka tas ir visu laiku otrs liel\u0101kais kara lidma\u0161\u012bnu skaits. 2024. gada oktobr\u012b m\u0101c\u012bbu &#8220;Kop\u012bgais zobens 2024B&#8221; laik\u0101 diennakt\u012b Taiv\u0101na nov\u0113roja 153 \u0136\u012bnas lidma\u0161\u012bnu lidojumus t\u0101s tuvum\u0101.<\/p>\n<p style=\"margin-left:0px;\">Taiv\u0101na pie saviem krastiem nov\u0113roja ar\u012b 14 \u0136\u012bnas karaku\u0123us, asto\u0146us citu valstu ku\u0123us un vienu augstu lidojo\u0161u balonu.<\/p>\n<p style=\"margin-left:0px;\">Taiv\u0101nas prezidents Lai Cjinde pazi\u0146oja, ka \u0136\u012bnas &#8220;nesen\u0101 un bie\u017e\u0101 milit\u0101r\u0101 spiediena palielin\u0101\u0161ana nek\u0101d\u0101 zi\u0146\u0101 nav atbild\u012bgas lielvalsts r\u012bc\u012bba&#8221;.<\/p>\n<p style=\"margin-left:0px;\">&#8220;Miera nodro\u0161in\u0101\u0161ana Taiv\u0101nas \u0161aurum\u0101 un Indijas-Klus\u0101 oke\u0101na re\u0123ion\u0101 ir starptautisk\u0101s sabiedr\u012bbas kop\u012bgas cer\u012bbas un Taiv\u0101nas k\u0101 atbild\u012bgas re\u0123ion\u0101l\u0101s ieinteres\u0113t\u0101s puses saist\u012bbas,&#8221; vi\u0146\u0161 raksta soci\u0101l\u0101s sazi\u0146as vietn\u0113s.<\/p>\n<p style=\"margin-left:0px;\">&#8220;M\u0113s r\u012bkosimies atbild\u012bgi &#8211; nedz eskal\u0113jot konfliktu, nedz provoc\u0113jot str\u012bdus,&#8221; uzsv\u0113ra Taiv\u0101nas prezidents.<\/p>\n<p style=\"margin-left:0px;\">\u0136\u012bna pirmdien s\u0101ka pla\u0161as milit\u0101r\u0101s m\u0101c\u012bbas &#8220;Taisn\u012bguma misija 2025&#8221;, kas notiek j\u016br\u0101 un gaisa telp\u0101 ap Taiv\u0101nu. T\u0101s ir kop\u0161 apr\u012b\u013ca pirm\u0101s pla\u0161\u0101s milit\u0101r\u0101s m\u0101c\u012bbas pie Taiv\u0101nas.<\/p>\n<p style=\"margin-left:0px;\">K\u0101 zi\u0146o valsts mediji, Pekina \u0161aj\u0101s m\u0101c\u012bb\u0101s galveno uzman\u012bbu piev\u0113r\u0161 kaujas gatav\u012bbas patru\u013c\u0101m, visaptvero\u0161a p\u0101r\u0101kuma pan\u0101k\u0161anai un galveno ostu un teritoriju blo\u0137\u0113\u0161anai.<\/p>\n<p style=\"margin-left:0px;\">\u0136\u012bnas armija gandr\u012bz katru dienu re\u0123ion\u0101 r\u012bko m\u0101c\u012bbas ar karaku\u0123iem un kara lidma\u0161\u012bn\u0101m.<\/p>\n<p style=\"margin-left:0px;\">Taiv\u0101na stingri nosod\u012bjusi atjaunot\u0101s \u0136\u012bnas milit\u0101r\u0101s darb\u012bbas.<\/p>\n<p style=\"margin-left:0px;\">1949. gad\u0101, kad \u0136\u012bnas Republikas vald\u012bba zaud\u0113ja komunistiem pilso\u0146kar\u0101 un aizb\u0113ga uz Taiv\u0101nas salu, &#8220;de facto&#8221; rad\u0101s divas \u0137\u012bnie\u0161u valstis. Komunistisk\u0101 \u0136\u012bna nosauca sevi par \u0136\u012bnas Tautas Republiku, bet \u0137\u012bnie\u0161u nacion\u0101listu vald\u012bba Taiv\u0101n\u0101 turpin\u0101ja d\u0113v\u0113t sevi par \u0136\u012bnas Republiku. \u0136\u012bna joproj\u0101m uzskata Taiv\u0101nu par savas teritorijas sast\u0101vda\u013cu un pasludin\u0101jusi m\u0113r\u0137i atg\u016bt zaud\u0113to salu, nepiecie\u0161am\u012bbas gad\u012bjum\u0101 izmantojot ar\u012b milit\u0101rus l\u012bdzek\u013cus.<\/p>\n<p class=\"paragraph-muted\">Izv\u0113lies savu soct\u012bklu platformu, lai sekotu LASI.LV: <a href=\"https:\/\/www.facebook.com\/portals.lasi.lv\" target=\"_blank\" rel=\"noopener noreferrer nofollow\">Facebook<\/a>, <a href=\"https:\/\/twitter.com\/lasilvportals\" target=\"_blank\" rel=\"noopener noreferrer nofollow\">X<\/a>, <a href=\"https:\/\/bsky.app\/profile\/lasilv.bsky.social\" target=\"_blank\" rel=\"noopener noreferrer nofollow\">Bluesky<\/a>, <a href=\"https:\/\/www.draugiem.lv\/lasilv\/?pg=4\" target=\"_blank\" rel=\"noopener noreferrer nofollow\">Draugiem<\/a> vai ar\u012b <a href=\"https:\/\/www.instagram.com\/lasilv_zinas\/\" target=\"_blank\" rel=\"noopener noreferrer nofollow\">Instagram<\/a>. Pievienojies m\u016bsu las\u012bt\u0101ju pulkam, lai sa\u0146emtu \u012bpa\u0161i tev atlas\u012btu noder\u012bgu, praktisku un aktu\u0101lu saturu.\u00a0<\/p>\n<p style=\"margin-left:auto;\">Pieraksties LASI.LV redaktora v\u0113stkopai <a href=\"https:\/\/lasi.lv\/vestkopa\/lasi-lv-galvena-redaktora-vestkopa\" rel=\"nofollow noopener\" target=\"_blank\">\u0161eit<\/a>.<\/p>\n<p>Pieraksties v\u0113stkopai un divas reizes ned\u0113\u013c\u0101 sa\u0146em padzi\u013cin\u0101tu LASI.LV galven\u0101 redaktora aktu\u0101lo zi\u0146u, kompetentu viedok\u013cu un interesant\u0101ko interviju apkopojumu.<\/p>\n<p>Ko tu sa\u0146emsi:<\/p>\n<ul>\n<li>Daudzveid\u012bgus koment\u0101rus un kompetentus Latvijas Mediju \u017eurn\u0101listu un autoru viedok\u013cus par aktu\u0101lo<\/li>\n<li>Ekspertu koment\u0101rus par da\u017e\u0101diem praktiskiem, noder\u012bgiem tematiem<\/li>\n<li>Aizraujo\u0161us materi\u0101lus par v\u0113sturi, psiholo\u0123iju, kult\u016bru<\/li>\n<li>Gata \u0160\u013c\u016bkas karikat\u016bru<\/li>\n<li>Tav\u0101 e-pasta kast\u012bt\u0113 katru ceturtdienu<\/li>\n<\/ul>\n<p style=\"margin-left:auto;\">\u00a0<\/p>\n<p><script async src=\"https:\/\/platform.twitter.com\/widgets.js\" charset=\"utf-8\"><\/script><script async src=\"\/\/www.instagram.com\/embed.js\"><\/script><\/p>\n","protected":false},"excerpt":{"rendered":"K\u0101 liecina Taiv\u0101nas Aizsardz\u012bbas ministrijas publiskotie dati, aizvad\u012btaj\u0101 diennakt\u012b ap salu nov\u0113roti 130 \u0136\u012bnas kara lidma\u0161\u012bnu lidojumi. Vald\u012bbas&hellip;\n","protected":false},"author":2,"featured_media":89580,"comment_status":"","ping_status":"","sticky":false,"template":"","format":"standard","meta":{"footnotes":""},"categories":[14],"tags":[23,57,28,29,32,33,22,30,31,35,39,38,36,37,34,40,20,26,27,24,25,54,55,56,21,58],"class_list":{"0":"post-89579","1":"post","2":"type-post","3":"status-publish","4":"format-standard","5":"has-post-thumbnail","7":"category-zinas-no-arvalstim","8":"tag-aktualitates","9":"tag-arvalstim","10":"tag-breaking-news","11":"tag-breakingnews","12":"tag-featured-news","13":"tag-featurednews","14":"tag-headlines","15":"tag-latest-news","16":"tag-latestnews","17":"tag-latvia","18":"tag-latvian","19":"tag-latviesu","20":"tag-latviesu-valoda","21":"tag-latviesuvaloda","22":"tag-latvija","23":"tag-lv","24":"tag-news","25":"tag-popularakas-zinas","26":"tag-popularakaszinas","27":"tag-top-stories","28":"tag-topstories","29":"tag-world","30":"tag-world-news","31":"tag-worldnews","32":"tag-zinas","33":"tag-zinas-no-arvalstim"},"share_on_mastodon":{"url":"https:\/\/pubeurope.com\/@lv\/115807385235548845","error":""},"_links":{"self":[{"href":"https:\/\/www.europesays.com\/lv\/wp-json\/wp\/v2\/posts\/89579","targetHints":{"allow":["GET"]}}],"collection":[{"href":"https:\/\/www.europesays.com\/lv\/wp-json\/wp\/v2\/posts"}],"about":[{"href":"https:\/\/www.europesays.com\/lv\/wp-json\/wp\/v2\/types\/post"}],"author":[{"embeddable":true,"href":"https:\/\/www.europesays.com\/lv\/wp-json\/wp\/v2\/users\/2"}],"replies":[{"embeddable":true,"href":"https:\/\/www.europesays.com\/lv\/wp-json\/wp\/v2\/comments?post=89579"}],"version-history":[{"count":0,"href":"https:\/\/www.europesays.com\/lv\/wp-json\/wp\/v2\/posts\/89579\/revisions"}],"wp:featuredmedia":[{"embeddable":true,"href":"https:\/\/www.europesays.com\/lv\/wp-json\/wp\/v2\/media\/89580"}],"wp:attachment":[{"href":"https:\/\/www.europesays.com\/lv\/wp-json\/wp\/v2\/media?parent=89579"}],"wp:term":[{"taxonomy":"category","embeddable":true,"href":"https:\/\/www.europesays.com\/lv\/wp-json\/wp\/v2\/categories?post=89579"},{"taxonomy":"post_tag","embeddable":true,"href":"https:\/\/www.europesays.com\/lv\/wp-json\/wp\/v2\/tags?post=89579"}],"curies":[{"name":"wp","href":"https:\/\/api.w.org\/{rel}","templated":true}]}}