{"id":89621,"date":"2025-12-30T08:09:07","date_gmt":"2025-12-30T08:09:07","guid":{"rendered":"https:\/\/www.europesays.com\/lv\/89621\/"},"modified":"2025-12-30T08:09:07","modified_gmt":"2025-12-30T08:09:07","slug":"asv-karteja-trieciena-narkotiku-kugim-nogalinati-divi-cilveki","status":"publish","type":"post","link":"https:\/\/www.europesays.com\/lv\/89621\/","title":{"rendered":"ASV k\u0101rt\u0113j\u0101 triecien\u0101 narkotiku ku\u0123im nogalin\u0101ti divi cilv\u0113ki"},"content":{"rendered":"<p><a href=\"https:\/\/www.apollo.lv\/term\/555410\/asv\" class=\"topicLink\" target=\"_blank\" rel=\"nofollow noopener\">ASV<\/a> Dienvidu pav\u0113lniec\u012bba soci\u0101lajos t\u012bklos pazi\u0146oja, ka <a href=\"https:\/\/www.apollo.lv\/term\/564658\/kugis\" class=\"topicLink\" target=\"_blank\" rel=\"nofollow noopener\">ku\u0123is<\/a> &#8220;tika izmantots narkotiku kontrabandas oper\u0101cij\u0101s&#8221;, lai gan pier\u0101d\u012bjumi t\u0101dam apgalvojumam netika sniegti.<\/p>\n<p>Soci\u0101lajos t\u012bklos public\u0113t\u0101 video redzams ku\u0123is oke\u0101n\u0101, kuru satricina divas eksplozijas.<\/p>\n<p>Triecien\u0101 nogalin\u0101ti &#8220;divi narkotiku teroristi&#8221;, pazi\u0146oja ASV Dienvidu pav\u0113lniec\u012bba.<\/p>\n<p>ASV aizsardz\u012bbas ministram P\u012btam Hegsetam pak\u013cautie bru\u0146otie sp\u0113ki kop\u0161 septembra s\u0101kuma ir uzbruku\u0161i 30 narkotiku kontrabandistu ku\u0123iem Kar\u012bbu j\u016br\u0101 un Klus\u0101 oke\u0101na austrumos, nogalinot vismaz 107 cilv\u0113kus, liecina prezidenta Donalda Trampa administr\u0101cijas publiskotie dati.<\/p>\n<p>L\u012bdz ar \u0161iem triecieniem ASV ir pastiprin\u0101ju\u0161as milit\u0101ro kl\u0101tb\u016btni Kar\u012bbu j\u016br\u0101, nos\u016btot uz turieni pasaul\u0113 liel\u0101ko avi\u0101cijas b\u0101zesku\u0123i un citus karaku\u0123us. Tramps uzst\u0101j, ka m\u0113r\u0137is ir apkarot narkotiku kontrabandu, bet Venecu\u0113las prezidents Nikolass Maduro to uzskata par ieganstu re\u017e\u012bma mai\u0146ai Karakas\u0101.<\/p>\n<p>Tramps pirmdien \u017eurn\u0101listiem pav\u0113st\u012bja, ka ASV veiku\u0161as triecienu piest\u0101tnei Venecu\u0113l\u0101, kur tiekot iekrautas narkotikas ku\u0123o, ta\u010du nedz Baltais nams, nedz Pentagons detaliz\u0113t\u0101ku inform\u0101ciju nav sniedzis.<\/p>\n","protected":false},"excerpt":{"rendered":"ASV Dienvidu pav\u0113lniec\u012bba soci\u0101lajos t\u012bklos pazi\u0146oja, ka ku\u0123is &#8220;tika izmantots narkotiku kontrabandas oper\u0101cij\u0101s&#8221;, lai gan pier\u0101d\u012bjumi t\u0101dam apgalvojumam&hellip;\n","protected":false},"author":2,"featured_media":89622,"comment_status":"","ping_status":"","sticky":false,"template":"","format":"standard","meta":{"footnotes":""},"categories":[14],"tags":[23,57,292,28,29,32,33,22,1935,30,31,35,39,38,36,37,34,40,20,26,27,24,25,54,55,56,21,58],"class_list":{"0":"post-89621","1":"post","2":"type-post","3":"status-publish","4":"format-standard","5":"has-post-thumbnail","7":"category-zinas-no-arvalstim","8":"tag-aktualitates","9":"tag-arvalstim","10":"tag-asv","11":"tag-breaking-news","12":"tag-breakingnews","13":"tag-featured-news","14":"tag-featurednews","15":"tag-headlines","16":"tag-kugis","17":"tag-latest-news","18":"tag-latestnews","19":"tag-latvia","20":"tag-latvian","21":"tag-latviesu","22":"tag-latviesu-valoda","23":"tag-latviesuvaloda","24":"tag-latvija","25":"tag-lv","26":"tag-news","27":"tag-popularakas-zinas","28":"tag-popularakaszinas","29":"tag-top-stories","30":"tag-topstories","31":"tag-world","32":"tag-world-news","33":"tag-worldnews","34":"tag-zinas","35":"tag-zinas-no-arvalstim"},"share_on_mastodon":{"url":"https:\/\/pubeurope.com\/@lv\/115807503255008864","error":""},"_links":{"self":[{"href":"https:\/\/www.europesays.com\/lv\/wp-json\/wp\/v2\/posts\/89621","targetHints":{"allow":["GET"]}}],"collection":[{"href":"https:\/\/www.europesays.com\/lv\/wp-json\/wp\/v2\/posts"}],"about":[{"href":"https:\/\/www.europesays.com\/lv\/wp-json\/wp\/v2\/types\/post"}],"author":[{"embeddable":true,"href":"https:\/\/www.europesays.com\/lv\/wp-json\/wp\/v2\/users\/2"}],"replies":[{"embeddable":true,"href":"https:\/\/www.europesays.com\/lv\/wp-json\/wp\/v2\/comments?post=89621"}],"version-history":[{"count":0,"href":"https:\/\/www.europesays.com\/lv\/wp-json\/wp\/v2\/posts\/89621\/revisions"}],"wp:featuredmedia":[{"embeddable":true,"href":"https:\/\/www.europesays.com\/lv\/wp-json\/wp\/v2\/media\/89622"}],"wp:attachment":[{"href":"https:\/\/www.europesays.com\/lv\/wp-json\/wp\/v2\/media?parent=89621"}],"wp:term":[{"taxonomy":"category","embeddable":true,"href":"https:\/\/www.europesays.com\/lv\/wp-json\/wp\/v2\/categories?post=89621"},{"taxonomy":"post_tag","embeddable":true,"href":"https:\/\/www.europesays.com\/lv\/wp-json\/wp\/v2\/tags?post=89621"}],"curies":[{"name":"wp","href":"https:\/\/api.w.org\/{rel}","templated":true}]}}