{"id":89725,"date":"2025-12-30T09:57:12","date_gmt":"2025-12-30T09:57:12","guid":{"rendered":"https:\/\/www.europesays.com\/lv\/89725\/"},"modified":"2025-12-30T09:57:12","modified_gmt":"2025-12-30T09:57:12","slug":"militara-industrija-var-klut-par-eiropas-ekonomikas-dzinejspeku","status":"publish","type":"post","link":"https:\/\/www.europesays.com\/lv\/89725\/","title":{"rendered":"Milit\u0101r\u0101 industrija var k\u013c\u016bt par Eiropas ekonomikas dzin\u0113jsp\u0113ku"},"content":{"rendered":"<p>Aizejo\u0161ais gads pasaules tautsaimniec\u012bb\u0101 ir nosl\u0113dzies ar trauslu, ta\u010du daudziem nepat\u012bkamu stabiliz\u0101ciju attiec\u012bb\u0101s starp ASV un t\u0101s tirdzniec\u012bbas partneriem. Tom\u0113r nenoteikt\u012bbas \u0113na nav necik t\u0101lu atk\u0101pusies, l\u012bdz ar to uz piln\u012bgu stabilit\u0101ti nevaram cer\u0113t. Ekonomikas \u0101truma prognoz\u0113t\u0101ji da\u017e\u0101d\u0101s liel\u0101k\u0101s un maz\u0101k\u0101s instit\u016bcij\u0101s izaugsmi gan sola, ta\u010du viedok\u013ci par izaugsmes tempu k\u0101pumu vai samazin\u0101jumu ir at\u0161\u0137ir\u012bgi.<\/p>\n<p>Pastiprin\u0101ts tarifu kar\u0161, trauc\u0113jumi tirdzniec\u012bbas un transporta \u0137\u0113d\u0113s vai ener\u0123ijas cenu pieaugums var\u0113tu \u0101tri izrais\u012bt augst\u0101ku infl\u0101ciju\u2026<\/p>\n","protected":false},"excerpt":{"rendered":"Aizejo\u0161ais gads pasaules tautsaimniec\u012bb\u0101 ir nosl\u0113dzies ar trauslu, ta\u010du daudziem nepat\u012bkamu stabiliz\u0101ciju attiec\u012bb\u0101s starp ASV un t\u0101s tirdzniec\u012bbas&hellip;\n","protected":false},"author":2,"featured_media":89307,"comment_status":"","ping_status":"","sticky":false,"template":"","format":"standard","meta":{"footnotes":""},"categories":[14],"tags":[23,57,28,29,32,33,22,9497,30,31,35,39,38,36,37,34,40,20,22619,26,27,24,25,3149,54,55,56,21,58],"class_list":{"0":"post-89725","1":"post","2":"type-post","3":"status-publish","4":"format-standard","5":"has-post-thumbnail","7":"category-zinas-no-arvalstim","8":"tag-aktualitates","9":"tag-arvalstim","10":"tag-breaking-news","11":"tag-breakingnews","12":"tag-featured-news","13":"tag-featurednews","14":"tag-headlines","15":"tag-ikp","16":"tag-latest-news","17":"tag-latestnews","18":"tag-latvia","19":"tag-latvian","20":"tag-latviesu","21":"tag-latviesu-valoda","22":"tag-latviesuvaloda","23":"tag-latvija","24":"tag-lv","25":"tag-news","26":"tag-pasaules-ekonomika","27":"tag-popularakas-zinas","28":"tag-popularakaszinas","29":"tag-top-stories","30":"tag-topstories","31":"tag-tvnet-bizness","32":"tag-world","33":"tag-world-news","34":"tag-worldnews","35":"tag-zinas","36":"tag-zinas-no-arvalstim"},"share_on_mastodon":{"url":"https:\/\/pubeurope.com\/@lv\/115807927868090295","error":""},"_links":{"self":[{"href":"https:\/\/www.europesays.com\/lv\/wp-json\/wp\/v2\/posts\/89725","targetHints":{"allow":["GET"]}}],"collection":[{"href":"https:\/\/www.europesays.com\/lv\/wp-json\/wp\/v2\/posts"}],"about":[{"href":"https:\/\/www.europesays.com\/lv\/wp-json\/wp\/v2\/types\/post"}],"author":[{"embeddable":true,"href":"https:\/\/www.europesays.com\/lv\/wp-json\/wp\/v2\/users\/2"}],"replies":[{"embeddable":true,"href":"https:\/\/www.europesays.com\/lv\/wp-json\/wp\/v2\/comments?post=89725"}],"version-history":[{"count":0,"href":"https:\/\/www.europesays.com\/lv\/wp-json\/wp\/v2\/posts\/89725\/revisions"}],"wp:featuredmedia":[{"embeddable":true,"href":"https:\/\/www.europesays.com\/lv\/wp-json\/wp\/v2\/media\/89307"}],"wp:attachment":[{"href":"https:\/\/www.europesays.com\/lv\/wp-json\/wp\/v2\/media?parent=89725"}],"wp:term":[{"taxonomy":"category","embeddable":true,"href":"https:\/\/www.europesays.com\/lv\/wp-json\/wp\/v2\/categories?post=89725"},{"taxonomy":"post_tag","embeddable":true,"href":"https:\/\/www.europesays.com\/lv\/wp-json\/wp\/v2\/tags?post=89725"}],"curies":[{"name":"wp","href":"https:\/\/api.w.org\/{rel}","templated":true}]}}