{"id":89733,"date":"2025-12-30T10:03:08","date_gmt":"2025-12-30T10:03:08","guid":{"rendered":"https:\/\/www.europesays.com\/lv\/89733\/"},"modified":"2025-12-30T10:03:08","modified_gmt":"2025-12-30T10:03:08","slug":"putins-baidas-zelenskis-nosauc-iespejamo-kara-beigu-datumu","status":"publish","type":"post","link":"https:\/\/www.europesays.com\/lv\/89733\/","title":{"rendered":"\u201cPutins baid\u0101s!\u201d Zelenskis nosauc iesp\u0113jamo kara beigu datumu"},"content":{"rendered":"<p>    <img decoding=\"async\" src=\"https:\/\/www.europesays.com\/lv\/wp-content\/uploads\/2025\/12\/FotoJet27-1024x683.jpg\" alt=\"&#10;\"\/><\/p>\n<p>FOTO: LA.LV kol\u0101\u017ea (EPA\/SERGEY DOLZHENKO; REUTERS\/SCANPIX )\n<\/p>\n<p>11:46, 30. decembris 2025<\/p>\n<p>Krem\u013ca re\u017e\u012bms var\u0113tu izbeigt karu pret Ukrainu 2026. gad\u0101, jo Krievijas armijas skaits vairs nepieaug, \u0146emot v\u0113r\u0101 to, ka Krievijas diktators Vladimirs Putins baid\u0101s izsludin\u0101t mobiliz\u0101ciju, intervij\u0101 teicis Volodimirs Zelenskis. 2025. gada septembr\u012b diktators Vladimirs Putins pazi\u0146oja, ka okup\u0101cijas armijas skaits Ukrain\u0101 ir aptuveni 710 t\u016bksto\u0161i cilv\u0113ku, v\u0113sta \u201cDialog\u201d.<\/p>\n<p>        Las\u012bt\u0101kie<br \/>\n        <a data-imagesrc=\"{&quot;300&quot;:&quot;https:\\\/\\\/lastatic.ams3.cdn.digitaloceanspaces.com\\\/2025\\\/08\\\/FOTO-300x199.jpeg&quot;,&quot;1024&quot;:&quot;https:\\\/\\\/lastatic.ams3.cdn.digitaloceanspaces.com\\\/2025\\\/08\\\/FOTO-1024x680.jpeg&quot;,&quot;768&quot;:&quot;https:\\\/\\\/lastatic.ams3.cdn.digitaloceanspaces.com\\\/2025\\\/08\\\/FOTO-768x510.jpeg&quot;,&quot;1536&quot;:&quot;https:\\\/\\\/lastatic.ams3.cdn.digitaloceanspaces.com\\\/2025\\\/08\\\/FOTO-1536x1019.jpeg&quot;,&quot;200&quot;:&quot;https:\\\/\\\/lastatic.ams3.cdn.digitaloceanspaces.com\\\/2025\\\/08\\\/FOTO-200x133.jpeg&quot;,&quot;400&quot;:&quot;https:\\\/\\\/lastatic.ams3.cdn.digitaloceanspaces.com\\\/2025\\\/08\\\/FOTO-400x265.jpeg&quot;,&quot;500&quot;:&quot;https:\\\/\\\/lastatic.ams3.cdn.digitaloceanspaces.com\\\/2025\\\/08\\\/FOTO-500x332.jpeg&quot;,&quot;800&quot;:&quot;https:\\\/\\\/lastatic.ams3.cdn.digitaloceanspaces.com\\\/2025\\\/08\\\/FOTO-800x531.jpeg&quot;,&quot;1000&quot;:&quot;https:\\\/\\\/lastatic.ams3.cdn.digitaloceanspaces.com\\\/2025\\\/08\\\/FOTO-1000x664.jpeg&quot;,&quot;1588&quot;:&quot;https:\\\/\\\/lastatic.ams3.cdn.digitaloceanspaces.com\\\/2025\\\/08\\\/FOTO.jpeg&quot;}\" data-focuspoint=\"&quot;&quot;\" data-p=\"2486622\" href=\"https:\/\/www.la.lv\/gastroenterologs-vilkoite-ja-burcina-ir-pelejuma-virskarta-tad-viss-burcinas-saturs-ir-sabojats\" class=\"content-item lazy-load\" wp_automatic_readability=\"27\" rel=\"nofollow noopener\" target=\"_blank\"><\/p>\n<p>                                <img decoding=\"async\" src=\"\" alt=\"\" style=\"\" data-imageid=\"\"\/><\/p>\n<p>                                Veselam<\/p>\n<p>\n                                                Gastroenterologs Vilkoite: Ja burci\u0146\u0101 ir pel\u0113juma virsk\u0101rta, tad viss burci\u0146as saturs ir saboj\u0101ts\n                            <\/p>\n<p><\/a><a data-imagesrc=\"{&quot;300&quot;:&quot;https:\\\/\\\/lastatic.ams3.cdn.digitaloceanspaces.com\\\/2017\\\/12\\\/jaunais-300x200.jpg&quot;,&quot;768&quot;:&quot;https:\\\/\\\/lastatic.ams3.cdn.digitaloceanspaces.com\\\/2017\\\/12\\\/jaunais-768x512.jpg&quot;,&quot;80&quot;:&quot;https:\\\/\\\/lastatic.ams3.cdn.digitaloceanspaces.com\\\/2017\\\/12\\\/jaunais-80x48.jpg&quot;,&quot;112&quot;:&quot;https:\\\/\\\/lastatic.ams3.cdn.digitaloceanspaces.com\\\/2017\\\/12\\\/jaunais-112x64.jpg&quot;,&quot;664&quot;:&quot;https:\\\/\\\/lastatic.ams3.cdn.digitaloceanspaces.com\\\/2017\\\/12\\\/jaunais-664x443.jpg&quot;,&quot;240&quot;:&quot;https:\\\/\\\/lastatic.ams3.cdn.digitaloceanspaces.com\\\/2017\\\/12\\\/jaunais-240x160.jpg&quot;,&quot;263&quot;:&quot;https:\\\/\\\/lastatic.ams3.cdn.digitaloceanspaces.com\\\/2017\\\/12\\\/jaunais-263x175.jpg&quot;,&quot;507&quot;:&quot;https:\\\/\\\/lastatic.ams3.cdn.digitaloceanspaces.com\\\/2017\\\/12\\\/jaunais-507x338.jpg&quot;,&quot;118&quot;:&quot;https:\\\/\\\/lastatic.ams3.cdn.digitaloceanspaces.com\\\/2017\\\/12\\\/jaunais-118x70.jpg&quot;,&quot;348&quot;:&quot;https:\\\/\\\/lastatic.ams3.cdn.digitaloceanspaces.com\\\/2017\\\/12\\\/jaunais-348x225.jpg&quot;,&quot;640&quot;:&quot;https:\\\/\\\/lastatic.ams3.cdn.digitaloceanspaces.com\\\/2017\\\/12\\\/jaunais-640x640.jpg&quot;,&quot;90&quot;:&quot;https:\\\/\\\/lastatic.ams3.cdn.digitaloceanspaces.com\\\/2017\\\/12\\\/jaunais-90x58.jpg&quot;,&quot;960&quot;:&quot;https:\\\/\\\/lastatic.ams3.cdn.digitaloceanspaces.com\\\/2017\\\/12\\\/jaunais.jpg&quot;}\" data-focuspoint=\"&quot;&quot;\" data-p=\"2477013\" href=\"https:\/\/www.la.lv\/ko-vilkt-mugura-sagaidot-uguniga-zirga-gadu-padomi-katrai-zodiaka-zimei-lai-piesaistitu-veiksmi-un-harmoniju\" class=\"content-item lazy-load\" wp_automatic_readability=\"27.5\" rel=\"nofollow noopener\" target=\"_blank\"><\/p>\n<p>                                <img decoding=\"async\" src=\"\" alt=\"\" style=\"\" data-imageid=\"\"\/><\/p>\n<p>                                Kokteilis<\/p>\n<p>\n                                                Ko vilkt mugur\u0101, sagaidot Ugun\u012bg\u0101 Zirga gadu? Padomi katrai zodiaka z\u012bmei, lai piesaist\u012btu veiksmi un harmoniju\n                            <\/p>\n<p><\/a><a data-imagesrc=\"{&quot;300&quot;:&quot;https:\\\/\\\/lastatic.ams3.cdn.digitaloceanspaces.com\\\/2025\\\/01\\\/DSC05590--300x200.jpg&quot;,&quot;1024&quot;:&quot;https:\\\/\\\/lastatic.ams3.cdn.digitaloceanspaces.com\\\/2025\\\/01\\\/DSC05590--1024x683.jpg&quot;,&quot;768&quot;:&quot;https:\\\/\\\/lastatic.ams3.cdn.digitaloceanspaces.com\\\/2025\\\/01\\\/DSC05590--768x512.jpg&quot;,&quot;1536&quot;:&quot;https:\\\/\\\/lastatic.ams3.cdn.digitaloceanspaces.com\\\/2025\\\/01\\\/DSC05590--1536x1024.jpg&quot;,&quot;2048&quot;:&quot;https:\\\/\\\/lastatic.ams3.cdn.digitaloceanspaces.com\\\/2025\\\/01\\\/DSC05590--2048x1365.jpg&quot;,&quot;200&quot;:&quot;https:\\\/\\\/lastatic.ams3.cdn.digitaloceanspaces.com\\\/2025\\\/01\\\/DSC05590--200x133.jpg&quot;,&quot;400&quot;:&quot;https:\\\/\\\/lastatic.ams3.cdn.digitaloceanspaces.com\\\/2025\\\/01\\\/DSC05590--400x267.jpg&quot;,&quot;500&quot;:&quot;https:\\\/\\\/lastatic.ams3.cdn.digitaloceanspaces.com\\\/2025\\\/01\\\/DSC05590--500x333.jpg&quot;,&quot;800&quot;:&quot;https:\\\/\\\/lastatic.ams3.cdn.digitaloceanspaces.com\\\/2025\\\/01\\\/DSC05590--800x533.jpg&quot;,&quot;1000&quot;:&quot;https:\\\/\\\/lastatic.ams3.cdn.digitaloceanspaces.com\\\/2025\\\/01\\\/DSC05590--1000x667.jpg&quot;,&quot;2560&quot;:&quot;https:\\\/\\\/lastatic.ams3.cdn.digitaloceanspaces.com\\\/2025\\\/01\\\/DSC05590--scaled.jpg&quot;}\" data-focuspoint=\"&quot;&quot;\" data-p=\"2486589\" href=\"https:\/\/www.la.lv\/tas-tiesam-ir-tads-apkaunojums-valsts-kulturkapitala-fonda-lemums-izsauc-asas-reakcijas-sabiedribas-vidu\" class=\"content-item lazy-load\" wp_automatic_readability=\"26.5\" rel=\"nofollow noopener\" target=\"_blank\"><\/p>\n<p>                                <img decoding=\"async\" src=\"\" alt=\"\" style=\"\" data-imageid=\"\"\/><\/p>\n<p>\n                                                \u201cTas tie\u0161\u0101m ir t\u0101ds apkaunojums\u2026\u201d Valsts kult\u016brkapit\u0101la fonda l\u0113mums izsauc asas reakcijas sabiedr\u012bbas vid\u016b\n                            <\/p>\n<p><\/a><br \/>\n        <a class=\"read-more\" href=\"https:\/\/www.la.lv\/top\" rel=\"nofollow noopener\" target=\"_blank\">Las\u012bt citas zi\u0146as<\/a><\/p>\n<p>P\u0113c vi\u0146a teikt\u0101, 2025. gad\u0101 Krievijas armijas skaita pieaugums ir apst\u0101jies. Tas noticis t\u0101p\u0113c, ka arvien maz\u0101k krievu v\u0113las doties kar\u0101 pret Ukrainu un nosl\u0113gt l\u012bgumus ar Krievijas armiju.<\/p>\n<p>Vienlaikus Krievijas Feder\u0101cijas okup\u0101cijas armija Ukrain\u0101 turpina ciest milz\u012bgus person\u0101lsast\u0101va zaud\u0113jumus. Saska\u0146\u0101 ar Ukrainas Bru\u0146oto sp\u0113ku \u0122ener\u0101l\u0161t\u0101ba datiem laika posm\u0101 no 2022. gada 24. febru\u0101ra l\u012bdz 2025. gada 30. decembrim Krievijas armija kar\u0101 pret Ukrainu zaud\u0113jusi vair\u0101k nek\u0101 1,2 miljonus nogalin\u0101to un ievainoto karav\u012bru.<\/p>\n<p>    CITI \u0160OBR\u012aD LASA<\/p>\n<blockquote><p>Zelenskis uzskata, ka kar\u0161 var\u0113tu beigties 2026. gad\u0101, jo Putins, visticam\u0101k, neuzdro\u0161in\u0101sies izsludin\u0101t mobiliz\u0101ciju, jo \u201ckrievi to neatz\u012bst un to neciena\u201d.<\/p><\/blockquote>\n<p>2025. gada septembr\u012b diktators Putins pazi\u0146oja, ka okup\u0101cijas armijas skaits Ukrain\u0101 ir aptuveni 710 t\u016bksto\u0161i cilv\u0113ku. Sal\u012bdzin\u0101jumam \u2013 2025. gada janv\u0101r\u012b Volodimirs Zelenskis l\u0113sa, ka Krievijas armijas skaits Ukrain\u0101 ir aptuveni 600 t\u016bksto\u0161i karav\u012bru.<\/p>\n<p>Ukrainas Aizsardz\u012bbas ministrijas Galven\u0101s izl\u016bko\u0161anas p\u0101rvaldes vad\u012bt\u0101js Kirils Budanovs intervij\u0101 medijam \u201cSuspilne\u201d nor\u0101d\u012bja, ka 2026. gad\u0101 Krievija pl\u0101no armij\u0101 iesaist\u012bt 409 t\u016bksto\u0161us cilv\u0113ku. Tas ir gandr\u012bz tikpat daudz k\u0101 2025. gad\u0101. \u0160aj\u0101 gad\u012bjum\u0101 runa ir tikai par l\u012bgumkarav\u012briem, kuri tiek piesaist\u012bti okup\u0101cijas armijai ar liel\u0101m naudas izmaks\u0101m. Budanovs uzsv\u0113ra, ka l\u012bgumkarav\u012bru verv\u0113\u0161anas probl\u0113mu d\u0113\u013c Putina re\u017e\u012bms ir spiests past\u0101v\u012bgi palielin\u0101t \u0161os maks\u0101jumus.<\/p>\n<p>Savuk\u0101rt Ukrainas Bru\u0146oto sp\u0113ku skaits 2025. gada janv\u0101r\u012b bija aptuveni 880 t\u016bksto\u0161i cilv\u0113ku. To iepriek\u0161 pazi\u0146oja Volodimirs Zelenskis.<\/p>\n<p>T\u0113mas<\/p>\n<p>    SAIST\u012aTIE RAKSTI<\/p>\n","protected":false},"excerpt":{"rendered":"FOTO: LA.LV kol\u0101\u017ea (EPA\/SERGEY DOLZHENKO; REUTERS\/SCANPIX ) 11:46, 30. decembris 2025 Krem\u013ca re\u017e\u012bms var\u0113tu izbeigt karu pret Ukrainu&hellip;\n","protected":false},"author":2,"featured_media":89734,"comment_status":"","ping_status":"","sticky":false,"template":"","format":"standard","meta":{"footnotes":""},"categories":[14],"tags":[23,57,28,29,32,33,22,30,31,35,39,38,36,37,34,40,20,26,27,24,25,54,55,56,21,58],"class_list":{"0":"post-89733","1":"post","2":"type-post","3":"status-publish","4":"format-standard","5":"has-post-thumbnail","7":"category-zinas-no-arvalstim","8":"tag-aktualitates","9":"tag-arvalstim","10":"tag-breaking-news","11":"tag-breakingnews","12":"tag-featured-news","13":"tag-featurednews","14":"tag-headlines","15":"tag-latest-news","16":"tag-latestnews","17":"tag-latvia","18":"tag-latvian","19":"tag-latviesu","20":"tag-latviesu-valoda","21":"tag-latviesuvaloda","22":"tag-latvija","23":"tag-lv","24":"tag-news","25":"tag-popularakas-zinas","26":"tag-popularakaszinas","27":"tag-top-stories","28":"tag-topstories","29":"tag-world","30":"tag-world-news","31":"tag-worldnews","32":"tag-zinas","33":"tag-zinas-no-arvalstim"},"share_on_mastodon":{"url":"https:\/\/pubeurope.com\/@lv\/115807951548064261","error":""},"_links":{"self":[{"href":"https:\/\/www.europesays.com\/lv\/wp-json\/wp\/v2\/posts\/89733","targetHints":{"allow":["GET"]}}],"collection":[{"href":"https:\/\/www.europesays.com\/lv\/wp-json\/wp\/v2\/posts"}],"about":[{"href":"https:\/\/www.europesays.com\/lv\/wp-json\/wp\/v2\/types\/post"}],"author":[{"embeddable":true,"href":"https:\/\/www.europesays.com\/lv\/wp-json\/wp\/v2\/users\/2"}],"replies":[{"embeddable":true,"href":"https:\/\/www.europesays.com\/lv\/wp-json\/wp\/v2\/comments?post=89733"}],"version-history":[{"count":0,"href":"https:\/\/www.europesays.com\/lv\/wp-json\/wp\/v2\/posts\/89733\/revisions"}],"wp:featuredmedia":[{"embeddable":true,"href":"https:\/\/www.europesays.com\/lv\/wp-json\/wp\/v2\/media\/89734"}],"wp:attachment":[{"href":"https:\/\/www.europesays.com\/lv\/wp-json\/wp\/v2\/media?parent=89733"}],"wp:term":[{"taxonomy":"category","embeddable":true,"href":"https:\/\/www.europesays.com\/lv\/wp-json\/wp\/v2\/categories?post=89733"},{"taxonomy":"post_tag","embeddable":true,"href":"https:\/\/www.europesays.com\/lv\/wp-json\/wp\/v2\/tags?post=89733"}],"curies":[{"name":"wp","href":"https:\/\/api.w.org\/{rel}","templated":true}]}}