{"id":89737,"date":"2025-12-30T10:05:08","date_gmt":"2025-12-30T10:05:08","guid":{"rendered":"https:\/\/www.europesays.com\/lv\/89737\/"},"modified":"2025-12-30T10:05:08","modified_gmt":"2025-12-30T10:05:08","slug":"gertrudes-iela-sledz-gramatnicu-kas-ceturtdalgadsimtu-piedavaja-gramatas-krievu-valoda","status":"publish","type":"post","link":"https:\/\/www.europesays.com\/lv\/89737\/","title":{"rendered":"\u0122ertr\u016bdes iel\u0101 sl\u0113dz gr\u0101matn\u012bcu, kas ceturtda\u013cgadsimtu pied\u0101v\u0101ja gr\u0101matas krievu valod\u0101"},"content":{"rendered":"<p>Saeim\u0101 pie\u0146emtie groz\u012bjumi paredz, ka no 2026. gada 1. janv\u0101ra saglab\u0101sies samazin\u0101t\u0101 5% PVN likme gr\u0101mat\u0101m un preses izdevumiem druk\u0101t\u0101 un elektronisk\u0101 form\u0101, tostarp tie\u0161saist\u0113, ja tie izdoti latvie\u0161u, latgalie\u0161u vai l\u012bbie\u0161u valod\u0101, k\u0101 ar\u012b cit\u0101s Eiropas Savien\u012bbas un OECD valod\u0101s. Vienlaikus pie\u0146emt\u0101s izmai\u0146as noz\u012bm\u0113, ka gr\u0101mat\u0101m krievu valod\u0101 turpm\u0101k tiks piem\u0113rota piln\u0101 PVN likme, nevis samazin\u0101t\u0101.<\/p>\n","protected":false},"excerpt":{"rendered":"Saeim\u0101 pie\u0146emtie groz\u012bjumi paredz, ka no 2026. gada 1. janv\u0101ra saglab\u0101sies samazin\u0101t\u0101 5% PVN likme gr\u0101mat\u0101m un preses&hellip;\n","protected":false},"author":2,"featured_media":89738,"comment_status":"","ping_status":"","sticky":false,"template":"","format":"standard","meta":{"footnotes":""},"categories":[5],"tags":[23,28,29,32,33,22,30,31,35,39,38,36,37,34,40,20,26,27,24,25,21],"class_list":{"0":"post-89737","1":"post","2":"type-post","3":"status-publish","4":"format-standard","5":"has-post-thumbnail","7":"category-aktualitates","8":"tag-aktualitates","9":"tag-breaking-news","10":"tag-breakingnews","11":"tag-featured-news","12":"tag-featurednews","13":"tag-headlines","14":"tag-latest-news","15":"tag-latestnews","16":"tag-latvia","17":"tag-latvian","18":"tag-latviesu","19":"tag-latviesu-valoda","20":"tag-latviesuvaloda","21":"tag-latvija","22":"tag-lv","23":"tag-news","24":"tag-popularakas-zinas","25":"tag-popularakaszinas","26":"tag-top-stories","27":"tag-topstories","28":"tag-zinas"},"share_on_mastodon":{"url":"https:\/\/pubeurope.com\/@lv\/115807959296832358","error":""},"_links":{"self":[{"href":"https:\/\/www.europesays.com\/lv\/wp-json\/wp\/v2\/posts\/89737","targetHints":{"allow":["GET"]}}],"collection":[{"href":"https:\/\/www.europesays.com\/lv\/wp-json\/wp\/v2\/posts"}],"about":[{"href":"https:\/\/www.europesays.com\/lv\/wp-json\/wp\/v2\/types\/post"}],"author":[{"embeddable":true,"href":"https:\/\/www.europesays.com\/lv\/wp-json\/wp\/v2\/users\/2"}],"replies":[{"embeddable":true,"href":"https:\/\/www.europesays.com\/lv\/wp-json\/wp\/v2\/comments?post=89737"}],"version-history":[{"count":0,"href":"https:\/\/www.europesays.com\/lv\/wp-json\/wp\/v2\/posts\/89737\/revisions"}],"wp:featuredmedia":[{"embeddable":true,"href":"https:\/\/www.europesays.com\/lv\/wp-json\/wp\/v2\/media\/89738"}],"wp:attachment":[{"href":"https:\/\/www.europesays.com\/lv\/wp-json\/wp\/v2\/media?parent=89737"}],"wp:term":[{"taxonomy":"category","embeddable":true,"href":"https:\/\/www.europesays.com\/lv\/wp-json\/wp\/v2\/categories?post=89737"},{"taxonomy":"post_tag","embeddable":true,"href":"https:\/\/www.europesays.com\/lv\/wp-json\/wp\/v2\/tags?post=89737"}],"curies":[{"name":"wp","href":"https:\/\/api.w.org\/{rel}","templated":true}]}}