{"id":89739,"date":"2025-12-30T10:11:11","date_gmt":"2025-12-30T10:11:11","guid":{"rendered":"https:\/\/www.europesays.com\/lv\/89739\/"},"modified":"2025-12-30T10:11:11","modified_gmt":"2025-12-30T10:11:11","slug":"vai-latvija-spej-pabeigt-rail-baltica","status":"publish","type":"post","link":"https:\/\/www.europesays.com\/lv\/89739\/","title":{"rendered":"Vai Latvija sp\u0113j pabeigt Rail Baltica?"},"content":{"rendered":"<p class=\"descr\">Igau\u0146i satrauku\u0161ies par dzelzce\u013ca l\u012bnijas \u201cRail Baltica\u201d izb\u016bves kav\u0113\u0161anos Latvij\u0101. \u201cBet es teik\u0161u god\u012bgi, izskat\u0101s slikti! \u0160eit n\u0101kas uzdot jaut\u0101jumu, vai visp\u0101r esam sp\u0113j\u012bgi tik lielus p\u0101rrobe\u017eu projektus veikt. Un tas, protams, var ietekm\u0113t Baltijas aizsardz\u012bbas l\u012bnijas,\u201d TV24 savu viedokli \u0161aj\u0101 jaut\u0101jum\u0101 pauda Eiropas Parlamenta deput\u0101ts (Za\u013co un Eiropas Br\u012bv\u0101s apvien\u012bbas grupa), biju\u0161ais R\u012bgas m\u0113rs M\u0101rti\u0146\u0161 Sta\u0137is (\u201cProgres\u012bvie\u201d).<\/p>\n<p><a href=\"https:\/\/nra.lv\/birka\/martins-stakis\/\" target=\"_blank\" rel=\"noopener nofollow\">M. Sta\u0137is<\/a> sac\u012bja, ka \u201cviss ir aizg\u0101jis \u0161reij\u0101\u201d tie\u0161i p\u0113d\u0113jo desmit gadu laik\u0101, kad \u201ctie\u0161i R\u012bgas loks tika uzlikts par priorit\u0101ti\u201d. Vi\u0146\u0161 atcer\u0113j\u0101s, k\u0101 2021. gad\u0101 Satiksmes ministrija steidzin\u0101jusi: R\u012bga, R\u012bga, \u0101tr\u0101k pabeidziet savu infrastrukt\u016bru, un no t\u0101 ar\u012b visi objekti st\u0101v pabeigti, bet nesavienoti.<\/p>\n<p>\u201cT\u0101p\u0113c mums ir kritiski svar\u012bgi tuv\u0101kaj\u0101 laik\u0101 par\u0101d\u012bt, ka m\u0113s esam sp\u0113j\u012bgi to dar\u012bt un par\u0101d\u012bt straujus rezult\u0101tus. Ministrs to labi saprot, un tas ir t\u0101ds goda un reput\u0101cijas jaut\u0101jums,\u201d sac\u012bja M. Sta\u0137is.<\/p>\n","protected":false},"excerpt":{"rendered":"Igau\u0146i satrauku\u0161ies par dzelzce\u013ca l\u012bnijas \u201cRail Baltica\u201d izb\u016bves kav\u0113\u0161anos Latvij\u0101. \u201cBet es teik\u0161u god\u012bgi, izskat\u0101s slikti! \u0160eit n\u0101kas&hellip;\n","protected":false},"author":2,"featured_media":89740,"comment_status":"","ping_status":"","sticky":false,"template":"","format":"standard","meta":{"footnotes":""},"categories":[5],"tags":[23,28,29,32,33,22,30,31,35,39,38,36,37,34,40,20,26,27,24,25,21],"class_list":{"0":"post-89739","1":"post","2":"type-post","3":"status-publish","4":"format-standard","5":"has-post-thumbnail","7":"category-aktualitates","8":"tag-aktualitates","9":"tag-breaking-news","10":"tag-breakingnews","11":"tag-featured-news","12":"tag-featurednews","13":"tag-headlines","14":"tag-latest-news","15":"tag-latestnews","16":"tag-latvia","17":"tag-latvian","18":"tag-latviesu","19":"tag-latviesu-valoda","20":"tag-latviesuvaloda","21":"tag-latvija","22":"tag-lv","23":"tag-news","24":"tag-popularakas-zinas","25":"tag-popularakaszinas","26":"tag-top-stories","27":"tag-topstories","28":"tag-zinas"},"share_on_mastodon":{"url":"https:\/\/pubeurope.com\/@lv\/115807982908407752","error":""},"_links":{"self":[{"href":"https:\/\/www.europesays.com\/lv\/wp-json\/wp\/v2\/posts\/89739","targetHints":{"allow":["GET"]}}],"collection":[{"href":"https:\/\/www.europesays.com\/lv\/wp-json\/wp\/v2\/posts"}],"about":[{"href":"https:\/\/www.europesays.com\/lv\/wp-json\/wp\/v2\/types\/post"}],"author":[{"embeddable":true,"href":"https:\/\/www.europesays.com\/lv\/wp-json\/wp\/v2\/users\/2"}],"replies":[{"embeddable":true,"href":"https:\/\/www.europesays.com\/lv\/wp-json\/wp\/v2\/comments?post=89739"}],"version-history":[{"count":0,"href":"https:\/\/www.europesays.com\/lv\/wp-json\/wp\/v2\/posts\/89739\/revisions"}],"wp:featuredmedia":[{"embeddable":true,"href":"https:\/\/www.europesays.com\/lv\/wp-json\/wp\/v2\/media\/89740"}],"wp:attachment":[{"href":"https:\/\/www.europesays.com\/lv\/wp-json\/wp\/v2\/media?parent=89739"}],"wp:term":[{"taxonomy":"category","embeddable":true,"href":"https:\/\/www.europesays.com\/lv\/wp-json\/wp\/v2\/categories?post=89739"},{"taxonomy":"post_tag","embeddable":true,"href":"https:\/\/www.europesays.com\/lv\/wp-json\/wp\/v2\/tags?post=89739"}],"curies":[{"name":"wp","href":"https:\/\/api.w.org\/{rel}","templated":true}]}}