{"id":89743,"date":"2025-12-30T10:17:10","date_gmt":"2025-12-30T10:17:10","guid":{"rendered":"https:\/\/www.europesays.com\/lv\/89743\/"},"modified":"2025-12-30T10:17:10","modified_gmt":"2025-12-30T10:17:10","slug":"katrai-sievietei-butu-vajadziga-vecmate-saruna-ar-vecmasu-asociacijas-vaditaju-lr1-latvijas-radio","status":"publish","type":"post","link":"https:\/\/www.europesays.com\/lv\/89743\/","title":{"rendered":"Katrai sievietei b\u016btu vajadz\u012bga vecm\u0101te. Saruna ar Vecm\u0101\u0161u asoci\u0101cijas vad\u012bt\u0101ju \/ LR1 \/ \/ Latvijas Radio"},"content":{"rendered":"<p><a href=\"https:\/\/mapp.latvijasradio.lv\/shared-broadcast?b=237&amp;url=http:\/\/latvijasradio.lsm.lv\/lv\/lr1\/raidijumi\/labriit\/\" target=\"_blank\" rel=\"nofollow noopener\"><img decoding=\"async\" alt=\"Latvijas radio lietotnes logo\" src=\"https:\/\/www.europesays.com\/lv\/wp-content\/uploads\/2025\/12\/1767089830_816_LR_pod poga.png\" style=\"width: 140px; height: 38px;\"\/><\/a><\/p>\n<p>Vecm\u0101tes loma vesel\u012bbas apr\u016bp\u0113 ir \u013coti pla\u0161a, t\u0101 neskar tikai laiku ap dzemd\u012bb\u0101m &#8211; atz\u012bst Latvijas Vecm\u0101\u0161u asoci\u0101cijas vad\u012bt\u0101ja Linda Veidemane. Vecm\u0101\u0161u loma stiprin\u0101ta M\u0101tes un b\u0113rna vesel\u012bbas uzlabo\u0161anas pl\u0101n\u0101. K\u0101p\u0113c vajadz\u012bgas n\u0101kamgad pl\u0101not\u0101s vecm\u0101tes viz\u012btes jauno m\u0101mi\u0146u m\u0101j\u0101s, par ko vecm\u0101tes var run\u0101t ar b\u0113rniem un jaunie\u0161iem un k\u0101 uzlabot m\u0101jdzemd\u012bbas &#8211; par to saruna ar Vecm\u0101\u0161u asoci\u0101cijas vad\u012bt\u0101ju Lindu Veidemani.<\/p>\n<p>Paredzams, ka 1. janv\u0101r\u012b atkal b\u016bs medijos zi\u0146as, kur\u0101 pils\u0113t\u0101 kur\u0161 pirmais piedzimst &#8211; puika vai meitene. Nekad neesmu sapratusi,\u00a0k\u0101p\u0113c tas dzimums ir tik b\u016btisks. Vai, j\u016bsupr\u0101t, tam ir noz\u012bme?<\/p>\n<p>Linda Veidemane:\u00a0N\u0113, es ar\u012b nekad neesmu \u0161o sapratusi, teik\u0161u god\u012bgi. Ir for\u0161i zin\u0101t, ka ir piedzimis pirmais \u0161\u012b gada b\u0113rni\u0146\u0161, bet vai tas ir puika vai meitene &#8211; nezinu.<\/p>\n<p>\u0160is gads var\u0113tu b\u016bt rekordslikts tie\u0161i zem\u0101s dzimst\u012bbas d\u0113\u013c. K\u0101das ir j\u016bsu domas, k\u0101 to var\u0113tu uzlabot un kas ir galvenie iemesli?<\/p>\n<p>Linda Veidemane:\u00a0J\u0101, diem\u017e\u0113l \u0161is gads tie\u0161\u0101m b\u016bs \u013coti, \u013coti skum\u012bgs, skatoties uz Latvijas demogr\u0101fiju. Par atbild\u0113m katrs spekul\u0113, kas ir tie iemesli, k\u0101d\u0113\u013c dzimst maz\u0101k b\u0113rni\u0146u.<\/p>\n<p>Viena no atbild\u0113m, par ko m\u0113s esam run\u0101ju\u0161i sav\u0101s aprind\u0101s, ka ir j\u0101\u0146em v\u0113r\u0101, ka \u0161obr\u012bd dzimst b\u0113rni tiem cilv\u0113kiem, kas pa\u0161i ir dzimu\u0161i 90. gados. Tad ar\u012b bija diezgan zema dzimst\u012bba. L\u012bdz ar to tas bija sagaid\u0101ms, ka demogr\u0101fisk\u0101 bedre b\u016bs.<\/p>\n<p>Otrs faktors, kas var\u0113tu noteikti padar\u012bt \u0161o situ\u0101ciju skum\u012bg\u0101ku ir \u0123eopolitisk\u0101 nedro\u0161\u012bba. T\u0101pat ar\u012b es dom\u0101ju, ka \u0161obr\u012bd \u0123imen\u0113s \u2013\u00a0vismaz man zin\u0101m\u0101s \u2013 ir diskusijas par atbalstu \u0123imen\u0113m Latvij\u0101, t\u0101pat par izgl\u012bt\u012bbas sist\u0113mu, vesel\u012bbas apr\u016bpes sist\u0113mu. Noteikti, ka tas ar\u012b kaut k\u0101du lomu sp\u0113l\u0113. Vai tas ir iz\u0161\u0137iro\u0161ais \u2013 diez vai, jo var jau teikt, ka ar\u012b p\u0113ckara gados b\u0113rni dzima un vienm\u0113r b\u0113rni ir dzimu\u0161i neatkar\u012bgi no ekonomisk\u0101s situ\u0101cijas. Protams, j\u0101\u0146em ar\u012b v\u0113r\u0101 tas, ka kopum\u0101 Rietumu pasaul\u0113 b\u0113rni dzimst maz\u0101k. Cilv\u0113ki izv\u0113las karjeru, komfortablu dz\u012bvi un tikai tad dom\u0101 par b\u0113rniem.<\/p>\n<p style=\"display: inline;\">\n<p>    Latvijas Radio aicina izteikt savu viedokli par raid\u012bjum\u0101 dzird\u0113to un atbalsta diskusijas klaus\u012bt\u0101ju starp\u0101, tom\u0113r patur ties\u012bbas dz\u0113st koment\u0101rus, kas p\u0101rk\u0101pj cie\u0146pilnas attieksmes un \u0113tiskas r\u012bc\u012bbas robe\u017eas.<\/p>\n","protected":false},"excerpt":{"rendered":"Vecm\u0101tes loma vesel\u012bbas apr\u016bp\u0113 ir \u013coti pla\u0161a, t\u0101 neskar tikai laiku ap dzemd\u012bb\u0101m &#8211; atz\u012bst Latvijas Vecm\u0101\u0161u asoci\u0101cijas&hellip;\n","protected":false},"author":2,"featured_media":89744,"comment_status":"","ping_status":"","sticky":false,"template":"","format":"standard","meta":{"footnotes":""},"categories":[5],"tags":[23,28,29,32,33,22,30,31,35,39,38,36,37,34,40,20,26,27,24,25,21],"class_list":{"0":"post-89743","1":"post","2":"type-post","3":"status-publish","4":"format-standard","5":"has-post-thumbnail","7":"category-aktualitates","8":"tag-aktualitates","9":"tag-breaking-news","10":"tag-breakingnews","11":"tag-featured-news","12":"tag-featurednews","13":"tag-headlines","14":"tag-latest-news","15":"tag-latestnews","16":"tag-latvia","17":"tag-latvian","18":"tag-latviesu","19":"tag-latviesu-valoda","20":"tag-latviesuvaloda","21":"tag-latvija","22":"tag-lv","23":"tag-news","24":"tag-popularakas-zinas","25":"tag-popularakaszinas","26":"tag-top-stories","27":"tag-topstories","28":"tag-zinas"},"share_on_mastodon":{"url":"https:\/\/pubeurope.com\/@lv\/115808006525615056","error":""},"_links":{"self":[{"href":"https:\/\/www.europesays.com\/lv\/wp-json\/wp\/v2\/posts\/89743","targetHints":{"allow":["GET"]}}],"collection":[{"href":"https:\/\/www.europesays.com\/lv\/wp-json\/wp\/v2\/posts"}],"about":[{"href":"https:\/\/www.europesays.com\/lv\/wp-json\/wp\/v2\/types\/post"}],"author":[{"embeddable":true,"href":"https:\/\/www.europesays.com\/lv\/wp-json\/wp\/v2\/users\/2"}],"replies":[{"embeddable":true,"href":"https:\/\/www.europesays.com\/lv\/wp-json\/wp\/v2\/comments?post=89743"}],"version-history":[{"count":0,"href":"https:\/\/www.europesays.com\/lv\/wp-json\/wp\/v2\/posts\/89743\/revisions"}],"wp:featuredmedia":[{"embeddable":true,"href":"https:\/\/www.europesays.com\/lv\/wp-json\/wp\/v2\/media\/89744"}],"wp:attachment":[{"href":"https:\/\/www.europesays.com\/lv\/wp-json\/wp\/v2\/media?parent=89743"}],"wp:term":[{"taxonomy":"category","embeddable":true,"href":"https:\/\/www.europesays.com\/lv\/wp-json\/wp\/v2\/categories?post=89743"},{"taxonomy":"post_tag","embeddable":true,"href":"https:\/\/www.europesays.com\/lv\/wp-json\/wp\/v2\/tags?post=89743"}],"curies":[{"name":"wp","href":"https:\/\/api.w.org\/{rel}","templated":true}]}}