{"id":89748,"date":"2025-12-30T10:22:10","date_gmt":"2025-12-30T10:22:10","guid":{"rendered":"https:\/\/www.europesays.com\/lv\/89748\/"},"modified":"2025-12-30T10:22:10","modified_gmt":"2025-12-30T10:22:10","slug":"latvija-iesniedz-ek-ceturto-atveselosanas-fonda-maksajuma-pieprasijumu-3712-milj-eiro-sanemsanai","status":"publish","type":"post","link":"https:\/\/www.europesays.com\/lv\/89748\/","title":{"rendered":"Latvija iesniedz EK ceturto Atvese\u013co\u0161anas fonda maks\u0101juma piepras\u012bjumu 371,2 milj. eiro sa\u0146em\u0161anai"},"content":{"rendered":"<p>Otrdien, 30. decembr\u012b, Finan\u0161u ministrija (FM) ir iesniegusi Eiropas Komisijai (EK) jau ceturto jeb priek\u0161p\u0113d\u0113jo Atvese\u013co\u0161anas fonda (AF) maks\u0101juma piepras\u012bjumu par \u010detrdesmit vienu izpild\u012btu AF pl\u0101n\u0101 noteikto reformu un invest\u012bciju r\u0101d\u012bt\u0101ju. P\u0113c EK izv\u0113rt\u0113juma un apstiprin\u0101juma par r\u0101d\u012bt\u0101ju izpildi valsts bud\u017eeta ie\u0146\u0113mumos paredz\u0113ts sa\u0146emt 371,2 milj. eiro.<\/p>\n<p>AF pl\u0101na ievie\u0161ana notiek ne v\u0113l\u0101k k\u0101 l\u012bdz 2026. gada septembrim, lai Latvija no EK sa\u0146emtu visu pieejamo 1,97 miljardu eiro pie\u0161\u0137\u012brumu par reformu un invest\u012bciju \u012bsteno\u0161anu.\u00a0L\u012bdz \u0161im no EK sa\u0146emts vair\u0101k nek\u0101 1 miljards eiro jeb 55% no kop\u0113j\u0101 pie\u0161\u0137\u012bruma, tai skait\u0101 par jau izpild\u012btiem un ikgad\u0113jos maks\u0101jumu piepras\u012bjumos iek\u013cautajiem AF pl\u0101na r\u0101d\u012bt\u0101jiem. L\u012bdz ar ceturt\u0101 EK maks\u0101juma sa\u0146em\u0161anu, kas indikat\u012bvi paredz\u0113ts 2026.\u00a0gada pirmaj\u0101 pus\u0113, Latvija b\u016bs kop\u0101 sa\u0146\u0113musi 1,47 miljardus eiro.<\/p>\n<p>Kopum\u0101 l\u012bdz decembra beig\u0101m r\u0101d\u012bt\u0101ji izpild\u012bti jau par 72%. L\u012bgumi par AF projektu \u012bsteno\u0161anu ir nosl\u0113gti gandr\u012bz 100% apjom\u0101, bet maks\u0101jumi finans\u0113juma sa\u0146\u0113m\u0113jiem p\u0101rsniedz 50% no kop\u0113j\u0101 pie\u0161\u0137\u012bruma. Pl\u0101ns tiek m\u0113r\u0137tiec\u012bgi ieviests, lai no EK sa\u0146emtu visu pieejamo 1,97 miljardu eiro pie\u0161\u0137\u012brumu.<\/p>\n<p><img decoding=\"async\" src=\"https:\/\/www.europesays.com\/lv\/wp-content\/uploads\/2025\/12\/76FABJJDS.PNG\" alt=\"\"\/><\/p>\n<p>Finan\u0161u ministrijas infografika.<\/p>\n<p>T\u0101, piem\u0113ram, 4. maks\u0101juma piepras\u012bjuma ietvaros\u00a0klimata p\u0101rmai\u0146u jom\u0101\u00a0nosl\u0113gti projektu l\u012bgumi par 56,9 miljoniem eiro daudzdz\u012bvok\u013cu m\u0101ju energoefektivit\u0101tes uzlabo\u0161anai, pie\u0161\u0137irtas l\u012bgumu sl\u0113g\u0161anas ties\u012bbas 27,6 miljonu eiro apm\u0113r\u0101 pa\u0161vald\u012bbu \u0113ku un infrastrukt\u016bras energoefektivit\u0101tei. T\u0101pat ar\u012b nosl\u0113gts 21 b\u016bvniec\u012bbas l\u012bgums pl\u016bdu risku mazin\u0101\u0161anas infrastrukt\u016bras izb\u016bvei.<\/p>\n<p>Savuk\u0101rt\u00a0nevienl\u012bdz\u012bbas mazin\u0101\u0161anas jom\u0101\u00a0atjaunoti 289 km valsts re\u0123ion\u0101lo un viet\u0113jo autoce\u013cu, uzlabojot novadu centru sasniedzam\u012bbu un ce\u013cu dro\u0161\u012bbu. Izveidots finans\u0113\u0161anas fonds zemas \u012bres m\u0101jok\u013cu b\u016bvniec\u012bbai \u2013 ALTUM apstiprin\u0101jis finans\u0113jumu\u00a0476\u00a0dz\u012bvok\u013cu projektiem. Pa\u0161vald\u012bb\u0101s pie\u0146emti l\u0113mumi par m\u0101jok\u013cu piel\u0101go\u0161anai paredz\u0113to m\u0113r\u0137grupu \u2013 250 person\u0101m ar invalidit\u0101ti. Darba tirgus prasmju stiprin\u0101\u0161anai apm\u0101c\u012bb\u0101s piedal\u012bju\u0161ies vair\u0101k nek\u0101 \u00a021 t\u016bkstotis bezdarbnieku, darba mekl\u0113t\u0101ju un bezdarba riskam pak\u013cauto personu.<\/p>\n<p>Digit\u0101l\u0101s p\u0101rveides jom\u0101\u00a0apstiprin\u0101ti 72 p\u0113tniec\u012bbas projekti, kas v\u0113rsti uz digit\u0101lo produktu un pakalpojumu izstr\u0101di, piesaistot vair\u0101k nek\u0101 12 miljonus eiro priv\u0101t\u0101 l\u012bdzfinans\u0113juma. Eiropas Digit\u0101lie inov\u0101ciju centri izsniegu\u0161i komersantiem vair\u0101k nek\u0101 3 t\u016bksto\u0161us ce\u013ca kartes. Komersantu digit\u0101l\u0101s transform\u0101cijas veicin\u0101\u0161anai parakst\u012bti aizdevuma l\u012bgumi ar uz\u0146\u0113mumiem, piesaistot 45,3 miljonus eiro priv\u0101t\u0101 finans\u0113juma. Mediju nozares digit\u0101l\u0101s transform\u0101cijas stiprin\u0101\u0161anai izveidota atbalsta sh\u0113ma ieguld\u012bjumiem digit\u0101laj\u0101s prasm\u0113s \u2013 ir nosl\u0113gts l\u012bgums ar Komercizgl\u012bt\u012bbas centru par sh\u0113mas \u012bsteno\u0161anu. Projekta \u012bsteno\u0161ana ir uzs\u0101kta, veikta projektu atlase, nosl\u0113gti 26 l\u012bgumi ar gala labuma guv\u0113jiem un notiek \u0161o l\u012bgumu \u012bsteno\u0161ana.<\/p>\n<p>Vesel\u012bbas jom\u0101\u00a0apstiprin\u0101ta Latvijas iedz\u012bvot\u0101ju genoma references izveide, kas ir b\u016btisks solis uz cilv\u0113ku centr\u0113tu un m\u016bsdien\u012bgu vesel\u012bbas apr\u016bpi. Ieviesta vienota metodolo\u0123isk\u0101 vad\u012bba onkolo\u0123ijas apr\u016bp\u0113. Medic\u012bnas un vesel\u012bbas apr\u016bpes izgl\u012bt\u012bb\u0101 apstiprin\u0101ta simul\u0101cij\u0101 balst\u012btas izgl\u012bt\u012bbas strat\u0113\u0123ija, ievie\u0161ot simul\u0101ciju pieeju visos izgl\u012bt\u012bbas posmos. T\u0101pat veikti b\u016btiski ieguld\u012bjumi 20 sekund\u0101ro ambulatoro vesel\u012bbas apr\u016bpes pakalpojumu sniedz\u0113ju infrastrukt\u016bras stiprin\u0101\u0161an\u0101, uzlabojot epidemiolo\u0123isko dro\u0161\u012bbu, vides piek\u013c\u016bstam\u012bbu un integr\u0113t\u0101s apr\u016bpes risin\u0101jumus, t\u0101d\u0113j\u0101di ce\u013cot vesel\u012bbas apr\u016bpes pakalpojumu kvalit\u0101ti un pieejam\u012bbu vis\u0101 Latvij\u0101.<\/p>\n<p>Ekonomikas transform\u0101cijas un produktivit\u0101tes veicin\u0101\u0161anai\u00a0st\u0101ju\u0161ies sp\u0113k\u0101 ties\u012bbu akti, kas reglament\u0113 \u010detras atbalsta programmas: kompetences centru atbalsta programmu, p\u0113tniec\u012bbas atbalsta programmu, sadarb\u012bbas t\u012bklu atbalsta programmu un Latvijas dal\u012bbu IPCEI programm\u0101\u00a0jeb Eiropai svar\u012bgo kop\u012bgo intere\u0161u projektos.<\/p>\n<p>Likuma varas stiprin\u0101\u0161anai\u00a0moderniz\u0113ta Valsts ie\u0146\u0113mumu dienesta\u00a0risku p\u0101rvald\u012bbas un anal\u012bzes metodolo\u0123ija. Izveidota jauna nodok\u013cu maks\u0101t\u0101ju segment\u0101cijas IT sist\u0113ma, kas integr\u0113ta nodok\u013cu maks\u0101t\u0101ja 360 gr\u0101du anal\u012bz\u0113, uzlabojot risku anal\u012bzes un uzraudz\u012bbas sp\u0113jas. Kundzi\u0146sal\u0101 sa\u0146emta b\u016bvat\u013cauja kontroles dienestu infrastrukt\u016bras izveidei, paredzot vienotu muitas, nodok\u013cu un citu uzraudz\u012bbas dienestu funkciju nodro\u0161in\u0101\u0161anu kravu kontrolei. T\u0101pat ar\u012b izveidots noziedz\u012bgi ieg\u016btu l\u012bdzek\u013cu legaliz\u0101cijas nov\u0113r\u0161anas (AML \u2013\u00a0anti-money laundering) inov\u0101ciju centrs, nodro\u0161inot sadarb\u012bbas platformu finan\u0161u izl\u016bko\u0161anai un zin\u0101\u0161anu apmai\u0146ai.<\/p>\n<p>Jau zi\u0146ots, ka saska\u0146\u0101 ar EK pras\u012bb\u0101m katrai dal\u012bbvalstij noteiktos termi\u0146os ir j\u0101iesniedz maks\u0101jumu piepras\u012bjumi. Piepras\u012btais maks\u0101jums tiek ieskait\u012bts valsts bud\u017eet\u0101 ar nosac\u012bjumu, ja izpild\u012bti un sasniegti konkr\u0113ti AF pl\u0101n\u0101 noteikti m\u0113r\u0137i un r\u0101d\u012bt\u0101ji gan reformu, gan invest\u012bciju veid\u0101.\u00a0Nosl\u0113dzo\u0161ais maks\u0101juma piepras\u012bjums par 503,7 miljoniem eiro sa\u0146em\u0161anai bud\u017eet\u0101 Latvijai j\u0101iesniedz l\u012bdz 2026. gada septembra beig\u0101m.<\/p>\n<p><img decoding=\"async\" src=\"https:\/\/www.europesays.com\/lv\/wp-content\/uploads\/2025\/12\/76FABJJE3.PNG\" alt=\"\"\/><\/p>\n<p>Finan\u0161u ministrijas infografika.<\/p>\n<p>          <img decoding=\"async\" src=\"https:\/\/www.europesays.com\/lv\/wp-content\/uploads\/2025\/12\/1765959310_789_logo-lv.png\" alt=\"\"\/><\/p>\n<p>                  \u0160\u012b inform\u0101cija ir publisks pazi\u0146ojums un neatspogu\u013co LV port\u0101la viedokli. Par t\u0101s saturu atbild ies\u016bt\u012bt\u0101js. <a data-popup=\"rules\">Public\u0113\u0161anas noteikumi<\/a><\/p>\n","protected":false},"excerpt":{"rendered":"Otrdien, 30. decembr\u012b, Finan\u0161u ministrija (FM) ir iesniegusi Eiropas Komisijai (EK) jau ceturto jeb priek\u0161p\u0113d\u0113jo Atvese\u013co\u0161anas fonda (AF)&hellip;\n","protected":false},"author":2,"featured_media":79472,"comment_status":"","ping_status":"","sticky":false,"template":"","format":"standard","meta":{"footnotes":""},"categories":[12],"tags":[23,28,29,32,33,22,30,31,35,39,38,36,37,34,40,20,26,27,24,25,21],"class_list":{"0":"post-89748","1":"post","2":"type-post","3":"status-publish","4":"format-standard","5":"has-post-thumbnail","7":"category-latvija","8":"tag-aktualitates","9":"tag-breaking-news","10":"tag-breakingnews","11":"tag-featured-news","12":"tag-featurednews","13":"tag-headlines","14":"tag-latest-news","15":"tag-latestnews","16":"tag-latvia","17":"tag-latvian","18":"tag-latviesu","19":"tag-latviesu-valoda","20":"tag-latviesuvaloda","21":"tag-latvija","22":"tag-lv","23":"tag-news","24":"tag-popularakas-zinas","25":"tag-popularakaszinas","26":"tag-top-stories","27":"tag-topstories","28":"tag-zinas"},"share_on_mastodon":{"url":"https:\/\/pubeurope.com\/@lv\/115808026160074274","error":""},"_links":{"self":[{"href":"https:\/\/www.europesays.com\/lv\/wp-json\/wp\/v2\/posts\/89748","targetHints":{"allow":["GET"]}}],"collection":[{"href":"https:\/\/www.europesays.com\/lv\/wp-json\/wp\/v2\/posts"}],"about":[{"href":"https:\/\/www.europesays.com\/lv\/wp-json\/wp\/v2\/types\/post"}],"author":[{"embeddable":true,"href":"https:\/\/www.europesays.com\/lv\/wp-json\/wp\/v2\/users\/2"}],"replies":[{"embeddable":true,"href":"https:\/\/www.europesays.com\/lv\/wp-json\/wp\/v2\/comments?post=89748"}],"version-history":[{"count":0,"href":"https:\/\/www.europesays.com\/lv\/wp-json\/wp\/v2\/posts\/89748\/revisions"}],"wp:featuredmedia":[{"embeddable":true,"href":"https:\/\/www.europesays.com\/lv\/wp-json\/wp\/v2\/media\/79472"}],"wp:attachment":[{"href":"https:\/\/www.europesays.com\/lv\/wp-json\/wp\/v2\/media?parent=89748"}],"wp:term":[{"taxonomy":"category","embeddable":true,"href":"https:\/\/www.europesays.com\/lv\/wp-json\/wp\/v2\/categories?post=89748"},{"taxonomy":"post_tag","embeddable":true,"href":"https:\/\/www.europesays.com\/lv\/wp-json\/wp\/v2\/tags?post=89748"}],"curies":[{"name":"wp","href":"https:\/\/api.w.org\/{rel}","templated":true}]}}