{"id":89759,"date":"2025-12-30T10:29:08","date_gmt":"2025-12-30T10:29:08","guid":{"rendered":"https:\/\/www.europesays.com\/lv\/89759\/"},"modified":"2025-12-30T10:29:08","modified_gmt":"2025-12-30T10:29:08","slug":"bauskas-puse-bmw-vaditaja-bez-tiesibam-pilseta-traucas-ar-atrumu-124-km-h-nopelnijusi-kopsumma-3280-eiro-naudas-sodu","status":"publish","type":"post","link":"https:\/\/www.europesays.com\/lv\/89759\/","title":{"rendered":"Bauskas pus\u0113 \u00abBMW\u00bb vad\u012bt\u0101ja bez ties\u012bb\u0101m pils\u0113t\u0101 traucas ar \u0101trumu 124 km\/h; \u00abnopeln\u012bjusi\u00bb kopsumm\u0101 3280 eiro naudas sodu"},"content":{"rendered":"<p>                        <img fetchpriority=\"high\" decoding=\"async\" width=\"830\" height=\"553\" src=\"https:\/\/www.europesays.com\/lv\/wp-content\/uploads\/2025\/12\/celu-polic_VP.jpg\" alt=\"\" class=\"wp-image-1088602\"  \/>Att\u0113lam tikai ilustrat\u012bva noz\u012bme. Foto: VP<\/p>\n<p>Valsts policijas Zemgales re\u0123iona p\u0101rvaldes Dienvidzemgales iecirk\u0146a Rea\u0123\u0113\u0161anas noda\u013cas amatpersonas, veicot satiksmes uzraudz\u012bbu Bauskas novad\u0101, 26. decembr\u012b ap pulksten 02.35 uz autoce\u013ca A7 paman\u012bja k\u0101du \u201cBMW\u201d markas sp\u0113kratu, kura vad\u012bt\u0101js viet\u0101, kur at\u013cauts braukt ar 90 km\/h, brauca ar 167 km\/h lielu \u0101trumu, t\u0101d\u0113j\u0101di at\u013cauto brauk\u0161anas \u0101trumu p\u0101rsniedzot par 77 km\/h, inform\u0113 R\u016bta Strautniece-Apa\u013c\u0101, Valsts policijas Sabiedrisko attiec\u012bbu noda\u013cas vec\u0101k\u0101 speci\u0101liste.<\/p>\n<p>Turpinot ce\u013cu un iebraucot viet\u0101, kas apz\u012bm\u0113ta ar ce\u013ca z\u012bmi \u201cApdz\u012bvotas vietas s\u0101kums\u201d, kur at\u013cautais brauk\u0161anas \u0101trums ir 50 km\/h, transportl\u012bdzek\u013ca brauk\u0161anas \u0101trums samazin\u0101j\u0101s vien l\u012bdz 124 km\/h, p\u0101rsniedzot at\u013cauto brauk\u0161anas \u0101trumu par 74 km\/h.<\/p>\n<p>\u00abValsts policijas amatpersonas nekav\u0113joties dev\u0101s l\u012bdzi automa\u0161\u012bnai, kas jau bija iebraukusi viet\u0101, kas apz\u012bm\u0113ta ar ce\u013ca z\u012bmi \u201cApdz\u012bvotas vietas s\u0101kums\u201d. Iebraucot pils\u0113t\u0101, kur at\u013cautais brauk\u0161anas \u0101trums ir 50 km\/h, automa\u0161\u012bna trauc\u0101s ar \u0101trumu 124 km\/h. Valsts policijas amatpersonas aicin\u0101ja transportl\u012bdzek\u013ca vad\u012bt\u0101ju aptur\u0113t sp\u0113kratu. Apturot automa\u0161\u012bnu un p\u0101rbaudot vad\u012bt\u0101ja identit\u0101ti, tika konstat\u0113ts, ka automa\u0161\u012bnai pie st\u016bres s\u0113dusies k\u0101da 1989. gad\u0101 dzimusi sieviete bez transportl\u012bdzek\u013ca vad\u012b\u0161anas ties\u012bb\u0101m,\u00bb situ\u0101ciju apraksta R\u016bta Strautniece-Apa\u013c\u0101.<\/p>\n<p>Policijas p\u0101rst\u0101ve skaidro, ka par at\u013caut\u0101 brauk\u0161anas \u0101truma p\u0101rsnieg\u0161anu, Valsts policij\u0101 tika uzs\u0101kti divi administrat\u012bv\u0101 p\u0101rk\u0101puma procesi, no kuriem viens par \u0101truma p\u0101rsnieg\u0161anu \u0101rpus apdz\u012bvotas vietas un otrs par to pa\u0161u p\u0101rk\u0101pumu apdz\u012bvot\u0101 viet\u0101, p\u0113c Ce\u013cu satiksmes likuma 55. panta divdesmit sest\u0101sda\u013cas par at\u013caut\u0101 brauk\u0161anas \u0101truma p\u0101rsnieg\u0161anu vair\u0101k par 70 kilometriem stund\u0101 ar vieglajiem automobi\u013ciem. Par \u0161\u0101du p\u0101rk\u0101pumu tiek piem\u0113rots naudas sods transportl\u012bdzek\u013ca vad\u012bt\u0101jam no 1400 l\u012bdz 2000 eiro un at\u0146emtas transportl\u012bdzek\u013ca vad\u012b\u0161anas ties\u012bbas uz laiku no 12 l\u012bdz 36 m\u0113ne\u0161iem.<\/p>\n<p>Savuk\u0101rt par transportl\u012bdzek\u013ca vad\u012b\u0161anu bez ties\u012bb\u0101m uzs\u0101kts administrat\u012bv\u0101 p\u0101rk\u0101puma process p\u0113c Ce\u013cu satiksmes likuma 51. panta sest\u0101s da\u013cas pirm\u0101 punkta par transportl\u012bdzek\u013ca vad\u012b\u0161anu, ja nav transportl\u012bdzek\u013ca vad\u012b\u0161anas ties\u012bbu, t\u0101s noteikt\u0101 k\u0101rt\u012bb\u0101 nav ieg\u016btas vai ir at\u0146emtas. Par \u0161\u0101du p\u0101rk\u0101pumu piem\u0113ro naudas sodu transportl\u012bdzek\u013ca vad\u012bt\u0101jam no 280 l\u012bdz 570 eiro.<\/p>\n<p>\u0160aj\u0101 gad\u012bjum\u0101 automa\u0161\u012bnas vad\u012bt\u0101jai kopum\u0101 tika piem\u0113rots 3280 eiro liels naudas sods, inform\u0113 R\u016bta Strautniece-Apa\u013c\u0101.<\/p>\n","protected":false},"excerpt":{"rendered":"Att\u0113lam tikai ilustrat\u012bva noz\u012bme. Foto: VP Valsts policijas Zemgales re\u0123iona p\u0101rvaldes Dienvidzemgales iecirk\u0146a Rea\u0123\u0113\u0161anas noda\u013cas amatpersonas, veicot satiksmes&hellip;\n","protected":false},"author":2,"featured_media":89760,"comment_status":"","ping_status":"","sticky":false,"template":"","format":"standard","meta":{"footnotes":""},"categories":[5],"tags":[23,28,29,32,33,22,30,31,35,39,38,36,37,34,40,20,26,27,24,25,21],"class_list":{"0":"post-89759","1":"post","2":"type-post","3":"status-publish","4":"format-standard","5":"has-post-thumbnail","7":"category-aktualitates","8":"tag-aktualitates","9":"tag-breaking-news","10":"tag-breakingnews","11":"tag-featured-news","12":"tag-featurednews","13":"tag-headlines","14":"tag-latest-news","15":"tag-latestnews","16":"tag-latvia","17":"tag-latvian","18":"tag-latviesu","19":"tag-latviesu-valoda","20":"tag-latviesuvaloda","21":"tag-latvija","22":"tag-lv","23":"tag-news","24":"tag-popularakas-zinas","25":"tag-popularakaszinas","26":"tag-top-stories","27":"tag-topstories","28":"tag-zinas"},"share_on_mastodon":{"url":"https:\/\/pubeurope.com\/@lv\/115808053702553871","error":""},"_links":{"self":[{"href":"https:\/\/www.europesays.com\/lv\/wp-json\/wp\/v2\/posts\/89759","targetHints":{"allow":["GET"]}}],"collection":[{"href":"https:\/\/www.europesays.com\/lv\/wp-json\/wp\/v2\/posts"}],"about":[{"href":"https:\/\/www.europesays.com\/lv\/wp-json\/wp\/v2\/types\/post"}],"author":[{"embeddable":true,"href":"https:\/\/www.europesays.com\/lv\/wp-json\/wp\/v2\/users\/2"}],"replies":[{"embeddable":true,"href":"https:\/\/www.europesays.com\/lv\/wp-json\/wp\/v2\/comments?post=89759"}],"version-history":[{"count":0,"href":"https:\/\/www.europesays.com\/lv\/wp-json\/wp\/v2\/posts\/89759\/revisions"}],"wp:featuredmedia":[{"embeddable":true,"href":"https:\/\/www.europesays.com\/lv\/wp-json\/wp\/v2\/media\/89760"}],"wp:attachment":[{"href":"https:\/\/www.europesays.com\/lv\/wp-json\/wp\/v2\/media?parent=89759"}],"wp:term":[{"taxonomy":"category","embeddable":true,"href":"https:\/\/www.europesays.com\/lv\/wp-json\/wp\/v2\/categories?post=89759"},{"taxonomy":"post_tag","embeddable":true,"href":"https:\/\/www.europesays.com\/lv\/wp-json\/wp\/v2\/tags?post=89759"}],"curies":[{"name":"wp","href":"https:\/\/api.w.org\/{rel}","templated":true}]}}