{"id":89812,"date":"2025-12-30T11:05:07","date_gmt":"2025-12-30T11:05:07","guid":{"rendered":"https:\/\/www.europesays.com\/lv\/89812\/"},"modified":"2025-12-30T11:05:07","modified_gmt":"2025-12-30T11:05:07","slug":"aicinam-jauno-2026-gadu-sagaidit-vecpilsetas-laukuma","status":"publish","type":"post","link":"https:\/\/www.europesays.com\/lv\/89812\/","title":{"rendered":"Aicin\u0101m Jauno-2026.gadu sagaid\u012bt Vecpils\u0113tas laukum\u0101"},"content":{"rendered":"<p>31.12 &#8211; 01.01 | plkst.23.00 &#8211; 02.00 aicin\u0101m sagaid\u012bt Jauno-2026.gadu J\u0113kabpil\u012b, Vecpils\u0113tas laukum\u0101!<br \/>Gada nogal\u0113 j\u0113kabpilie\u0161i, novada iedz\u012bvot\u0101ji un viesi aicin\u0101ti kop\u012bgi atvad\u012bties no 2025. gada \u2013 \u010c\u016bskas gada \u2013 un ar sv\u0113tku noska\u0146u sagaid\u012bt 2026. gadu, kas b\u016bs Zirga z\u012bm\u0113. Gadumijas svin\u012bbas norisin\u0101sies Vecpils\u0113tas laukum\u0101, pied\u0101v\u0101jot gan svin\u012bgu, gan jautru programmu visas nakts garum\u0101.\u00a0<\/p>\n<p>No pulksten 23.30 paredz\u0113tas svin\u012bg\u0101s uzrunas \u2013 kl\u0101teso\u0161os uzrun\u0101s J\u0113kabpils novada domes priek\u0161s\u0113d\u0113t\u0101js, k\u0101 ar\u012b izskan\u0113s Ministru prezidenta un Valsts prezidenta Jaungada v\u0113st\u012bjumi. Vec\u0101 gada pavad\u012b\u0161ana notiks rota\u013c\u012bg\u0101 noska\u0146\u0101 \u2013 kop\u0101 ar \u010c\u016bsku un Zirgu, piedaloties konkursos, dziedot un apmainoties ar sv\u0113tku sveicieniem.\u00a0<\/p>\n<p>Pulksten 00.00 debesis virs pils\u0113tas iemirdz\u0113sies Jaungada sal\u016bt\u0101. Organizatori iesaka ugu\u0146o\u0161anu v\u0113rot tie\u0161i no Vecpils\u0113tas laukuma, kur sv\u0113tku noska\u0146u papildin\u0101s muzik\u0101ls pavad\u012bjums.\u00a0<\/p>\n<p>P\u0113c pusnakts svin\u012bbas turpin\u0101sies ar diskot\u0113ku l\u012bdz pulksten 2.00, par m\u016bziku g\u0101d\u0101s DJ P\u0113teris Mui\u017enieks.\u00a0<\/p>\n<p>\u00a0<\/p>\n<p>Krustpils kult\u016bras centra vad\u012bt\u0101ja Inta \u016abele<br \/>\u00a0<\/p>\n","protected":false},"excerpt":{"rendered":"31.12 &#8211; 01.01 | plkst.23.00 &#8211; 02.00 aicin\u0101m sagaid\u012bt Jauno-2026.gadu J\u0113kabpil\u012b, Vecpils\u0113tas laukum\u0101!Gada nogal\u0113 j\u0113kabpilie\u0161i, novada iedz\u012bvot\u0101ji un&hellip;\n","protected":false},"author":2,"featured_media":89813,"comment_status":"","ping_status":"","sticky":false,"template":"","format":"standard","meta":{"footnotes":""},"categories":[12],"tags":[23,28,29,32,33,22,30,31,35,39,38,36,37,34,40,20,26,27,24,25,21],"class_list":{"0":"post-89812","1":"post","2":"type-post","3":"status-publish","4":"format-standard","5":"has-post-thumbnail","7":"category-latvija","8":"tag-aktualitates","9":"tag-breaking-news","10":"tag-breakingnews","11":"tag-featured-news","12":"tag-featurednews","13":"tag-headlines","14":"tag-latest-news","15":"tag-latestnews","16":"tag-latvia","17":"tag-latvian","18":"tag-latviesu","19":"tag-latviesu-valoda","20":"tag-latviesuvaloda","21":"tag-latvija","22":"tag-lv","23":"tag-news","24":"tag-popularakas-zinas","25":"tag-popularakaszinas","26":"tag-top-stories","27":"tag-topstories","28":"tag-zinas"},"share_on_mastodon":{"url":"https:\/\/pubeurope.com\/@lv\/115808195245620305","error":""},"_links":{"self":[{"href":"https:\/\/www.europesays.com\/lv\/wp-json\/wp\/v2\/posts\/89812","targetHints":{"allow":["GET"]}}],"collection":[{"href":"https:\/\/www.europesays.com\/lv\/wp-json\/wp\/v2\/posts"}],"about":[{"href":"https:\/\/www.europesays.com\/lv\/wp-json\/wp\/v2\/types\/post"}],"author":[{"embeddable":true,"href":"https:\/\/www.europesays.com\/lv\/wp-json\/wp\/v2\/users\/2"}],"replies":[{"embeddable":true,"href":"https:\/\/www.europesays.com\/lv\/wp-json\/wp\/v2\/comments?post=89812"}],"version-history":[{"count":0,"href":"https:\/\/www.europesays.com\/lv\/wp-json\/wp\/v2\/posts\/89812\/revisions"}],"wp:featuredmedia":[{"embeddable":true,"href":"https:\/\/www.europesays.com\/lv\/wp-json\/wp\/v2\/media\/89813"}],"wp:attachment":[{"href":"https:\/\/www.europesays.com\/lv\/wp-json\/wp\/v2\/media?parent=89812"}],"wp:term":[{"taxonomy":"category","embeddable":true,"href":"https:\/\/www.europesays.com\/lv\/wp-json\/wp\/v2\/categories?post=89812"},{"taxonomy":"post_tag","embeddable":true,"href":"https:\/\/www.europesays.com\/lv\/wp-json\/wp\/v2\/tags?post=89812"}],"curies":[{"name":"wp","href":"https:\/\/api.w.org\/{rel}","templated":true}]}}