{"id":89814,"date":"2025-12-30T11:06:11","date_gmt":"2025-12-30T11:06:11","guid":{"rendered":"https:\/\/www.europesays.com\/lv\/89814\/"},"modified":"2025-12-30T11:06:11","modified_gmt":"2025-12-30T11:06:11","slug":"arstu-nolaidibas-del-daugavpili-miris-berns-matei-izmaksas-123-792-eiro","status":"publish","type":"post","link":"https:\/\/www.europesays.com\/lv\/89814\/","title":{"rendered":"\u0100rstu nolaid\u012bbas d\u0113\u013c Daugavpil\u012b miris b\u0113rns. M\u0101tei izmaks\u0101s 123 792 eiro"},"content":{"rendered":"<p>Vesel\u012bbas inspekcija veica p\u0101rbaudi un secin\u0101ja, ka \u0101rstu vaina b\u0113rna n\u0101v\u0113 nav, k\u0101 ar\u012b un izvirz\u012bja versiju, ka b\u0113rns nomira no z\u012bdai\u0146u p\u0113k\u0161\u0146\u0101s n\u0101ves sindroma. T\u0101 ir diagnoze, kas tiek noteikta z\u012bdai\u0146iem, kuri bez redzama iemesla nomirst mieg\u0101.<\/p>\n<p>Inspekcija uzskata, ka saind\u0113\u0161an\u0101s ar baldri\u0101nu nebija tik smaga, lai izrais\u012btu n\u0101vi, un \u0101rstu r\u012bc\u012bba bija pareiza. Tika apgalvots, ka n\u0101ve bija p\u0113k\u0161\u0146a un to nevar\u0113ja paredz\u0113t.<\/p>\n<p>M\u0101te nepiekrita \u0161im skaidrojumam un v\u0113rs\u0101s ties\u0101. Tiesa noz\u012bm\u0113ja visaptvero\u0161u tiesu medic\u012bnas ekspert\u012bzi, kur\u0101 piedal\u012bj\u0101s pieci speci\u0101listi, tostarp b\u0113rnu infekcijas slim\u012bbu speci\u0101lists, intens\u012bv\u0101s terapijas speci\u0101lists un patologs.<\/p>\n<p>K\u0101 v\u0113sta port\u0101ls apollo.lv, tiesas l\u0113mum\u0101 tika atkl\u0101tas vair\u0101kas uzkr\u012bto\u0161as neatbilst\u012bbas, kas rad\u012bja \u0161aubas ne tikai par \u0101rst\u0113\u0161anas kvalit\u0101ti, bet ar\u012b par dokument\u0101cijas integrit\u0101ti.<\/p>\n<p>Medic\u012bniskaj\u0101 dokument\u0101cij\u0101 bija nor\u0101d\u012bts b\u0113rna asinsspiediens plkst. 11, bet tiesa secin\u0101ja, ka tas bija laiks, kad b\u0113rns jau tika transport\u0113ts vai sagatavots transport\u0113\u0161anai un nebija piesl\u0113gts monitoram. L\u012bdz ar to asinsspiediena dati tika ievad\u012bti ar atpaka\u013cejo\u0161u datumu vai visp\u0101r izdom\u0101ti.<\/p>\n","protected":false},"excerpt":{"rendered":"Vesel\u012bbas inspekcija veica p\u0101rbaudi un secin\u0101ja, ka \u0101rstu vaina b\u0113rna n\u0101v\u0113 nav, k\u0101 ar\u012b un izvirz\u012bja versiju, ka&hellip;\n","protected":false},"author":2,"featured_media":89815,"comment_status":"","ping_status":"","sticky":false,"template":"","format":"standard","meta":{"footnotes":""},"categories":[5],"tags":[23,11074,28,29,32,33,22,30,31,35,39,38,36,37,34,40,20,26,27,24,25,21],"class_list":{"0":"post-89814","1":"post","2":"type-post","3":"status-publish","4":"format-standard","5":"has-post-thumbnail","7":"category-aktualitates","8":"tag-aktualitates","9":"tag-arstniecibas-riska-fonds","10":"tag-breaking-news","11":"tag-breakingnews","12":"tag-featured-news","13":"tag-featurednews","14":"tag-headlines","15":"tag-latest-news","16":"tag-latestnews","17":"tag-latvia","18":"tag-latvian","19":"tag-latviesu","20":"tag-latviesu-valoda","21":"tag-latviesuvaloda","22":"tag-latvija","23":"tag-lv","24":"tag-news","25":"tag-popularakas-zinas","26":"tag-popularakaszinas","27":"tag-top-stories","28":"tag-topstories","29":"tag-zinas"},"share_on_mastodon":{"url":"https:\/\/pubeurope.com\/@lv\/115808199219614826","error":""},"_links":{"self":[{"href":"https:\/\/www.europesays.com\/lv\/wp-json\/wp\/v2\/posts\/89814","targetHints":{"allow":["GET"]}}],"collection":[{"href":"https:\/\/www.europesays.com\/lv\/wp-json\/wp\/v2\/posts"}],"about":[{"href":"https:\/\/www.europesays.com\/lv\/wp-json\/wp\/v2\/types\/post"}],"author":[{"embeddable":true,"href":"https:\/\/www.europesays.com\/lv\/wp-json\/wp\/v2\/users\/2"}],"replies":[{"embeddable":true,"href":"https:\/\/www.europesays.com\/lv\/wp-json\/wp\/v2\/comments?post=89814"}],"version-history":[{"count":0,"href":"https:\/\/www.europesays.com\/lv\/wp-json\/wp\/v2\/posts\/89814\/revisions"}],"wp:featuredmedia":[{"embeddable":true,"href":"https:\/\/www.europesays.com\/lv\/wp-json\/wp\/v2\/media\/89815"}],"wp:attachment":[{"href":"https:\/\/www.europesays.com\/lv\/wp-json\/wp\/v2\/media?parent=89814"}],"wp:term":[{"taxonomy":"category","embeddable":true,"href":"https:\/\/www.europesays.com\/lv\/wp-json\/wp\/v2\/categories?post=89814"},{"taxonomy":"post_tag","embeddable":true,"href":"https:\/\/www.europesays.com\/lv\/wp-json\/wp\/v2\/tags?post=89814"}],"curies":[{"name":"wp","href":"https:\/\/api.w.org\/{rel}","templated":true}]}}