{"id":89823,"date":"2025-12-30T11:12:08","date_gmt":"2025-12-30T11:12:08","guid":{"rendered":"https:\/\/www.europesays.com\/lv\/89823\/"},"modified":"2025-12-30T11:12:08","modified_gmt":"2025-12-30T11:12:08","slug":"no-amata-atstadinata-gors-vaditaja-diana-zirnina","status":"publish","type":"post","link":"https:\/\/www.europesays.com\/lv\/89823\/","title":{"rendered":"No amata atst\u0101din\u0101ta &#8220;Gors&#8221; vad\u012bt\u0101ja Di\u0101na Zirni\u0146a"},"content":{"rendered":"<p>\u0160is l\u0113mums daudzos iedz\u012bvot\u0101jos rad\u012bjis neizpratni. &#8220;Kur skat\u0101s vald\u012bba un Kult\u016bras ministrija?&#8221; vietn\u0113 &#8220;Facebook&#8221; pau\u017e Vera.\u00a0Veneranda nor\u0101da, ka t\u0101 ir cena par to, ka Zirni\u0146a nav partijas biedre. &#8220;Veids, k\u0101 \u0161is viss tiek dar\u012bts un kas tiek dar\u012bts, raisa \u013coti lielu nedro\u0161\u012bbas saj\u016btu par visu,&#8221; nor\u0101da L\u0101sma. Bet olimpiete Gunta Vai\u010dule par izskan\u0113ju\u0161aj\u0101m zi\u0146\u0101m paudusi sa\u0161utumu. &#8220;K\u0101 \u0161is ir iesp\u0113jams?\u00a0Di\u0101na Zirni\u0146a toties saglab\u0101 m\u0101kslinieku, koncertu, izr\u0101\u017eu, pas\u0101kumu apmekl\u0113t\u0101ju uztic\u012bbu. Iztur\u012bbu komandai,&#8221; v\u0113l sportiste.<\/p>\n","protected":false},"excerpt":{"rendered":"\u0160is l\u0113mums daudzos iedz\u012bvot\u0101jos rad\u012bjis neizpratni. &#8220;Kur skat\u0101s vald\u012bba un Kult\u016bras ministrija?&#8221; vietn\u0113 &#8220;Facebook&#8221; pau\u017e Vera.\u00a0Veneranda nor\u0101da, ka&hellip;\n","protected":false},"author":2,"featured_media":89824,"comment_status":"","ping_status":"","sticky":false,"template":"","format":"standard","meta":{"footnotes":""},"categories":[5],"tags":[23,28,29,32,33,22,30,31,35,39,38,36,37,34,40,20,26,27,24,25,21],"class_list":{"0":"post-89823","1":"post","2":"type-post","3":"status-publish","4":"format-standard","5":"has-post-thumbnail","7":"category-aktualitates","8":"tag-aktualitates","9":"tag-breaking-news","10":"tag-breakingnews","11":"tag-featured-news","12":"tag-featurednews","13":"tag-headlines","14":"tag-latest-news","15":"tag-latestnews","16":"tag-latvia","17":"tag-latvian","18":"tag-latviesu","19":"tag-latviesu-valoda","20":"tag-latviesuvaloda","21":"tag-latvija","22":"tag-lv","23":"tag-news","24":"tag-popularakas-zinas","25":"tag-popularakaszinas","26":"tag-top-stories","27":"tag-topstories","28":"tag-zinas"},"share_on_mastodon":{"url":"https:\/\/pubeurope.com\/@lv\/115808222899548403","error":""},"_links":{"self":[{"href":"https:\/\/www.europesays.com\/lv\/wp-json\/wp\/v2\/posts\/89823","targetHints":{"allow":["GET"]}}],"collection":[{"href":"https:\/\/www.europesays.com\/lv\/wp-json\/wp\/v2\/posts"}],"about":[{"href":"https:\/\/www.europesays.com\/lv\/wp-json\/wp\/v2\/types\/post"}],"author":[{"embeddable":true,"href":"https:\/\/www.europesays.com\/lv\/wp-json\/wp\/v2\/users\/2"}],"replies":[{"embeddable":true,"href":"https:\/\/www.europesays.com\/lv\/wp-json\/wp\/v2\/comments?post=89823"}],"version-history":[{"count":0,"href":"https:\/\/www.europesays.com\/lv\/wp-json\/wp\/v2\/posts\/89823\/revisions"}],"wp:featuredmedia":[{"embeddable":true,"href":"https:\/\/www.europesays.com\/lv\/wp-json\/wp\/v2\/media\/89824"}],"wp:attachment":[{"href":"https:\/\/www.europesays.com\/lv\/wp-json\/wp\/v2\/media?parent=89823"}],"wp:term":[{"taxonomy":"category","embeddable":true,"href":"https:\/\/www.europesays.com\/lv\/wp-json\/wp\/v2\/categories?post=89823"},{"taxonomy":"post_tag","embeddable":true,"href":"https:\/\/www.europesays.com\/lv\/wp-json\/wp\/v2\/tags?post=89823"}],"curies":[{"name":"wp","href":"https:\/\/api.w.org\/{rel}","templated":true}]}}